{"id":8353,"date":"2026-04-28T09:28:49","date_gmt":"2026-04-28T14:28:49","guid":{"rendered":"https:\/\/transcaribe.gov.co\/?p=8353"},"modified":"2026-04-28T09:28:49","modified_gmt":"2026-04-28T14:28:49","slug":"comunicado-de-transcaribe-sobre-accidente-con-fatalidad-en-cercanias-al-hospital-universitario","status":"publish","type":"post","link":"https:\/\/transcaribe.gov.co\/index.php\/2026\/comunicado-de-transcaribe-sobre-accidente-con-fatalidad-en-cercanias-al-hospital-universitario\/uncategorized\/","title":{"rendered":"Comunicado de TransCaribe sobre accidente con fatalidad en cercan\u00edas al Hospital Universitario"},"content":{"rendered":"<p>TransCaribe lamenta informar que, cerca de las siete de la ma\u00f1ana de este martes 28 de abril, se registr\u00f3 un accidente con fatalidad en el cual se vio involucrado un veh\u00edculo del sistema.<\/p>\n<p><img fetchpriority=\"high\" decoding=\"async\" class=\"alignnone size-full wp-image-8354\" src=\"https:\/\/transcaribe.gov.co\/wp-content\/uploads\/2026\/04\/MEDIDOR-96.jpg\" alt=\"\" width=\"1280\" height=\"720\" srcset=\"https:\/\/transcaribe.gov.co\/wp-content\/uploads\/2026\/04\/MEDIDOR-96.jpg 1280w, https:\/\/transcaribe.gov.co\/wp-content\/uploads\/2026\/04\/MEDIDOR-96-300x169.jpg 300w, https:\/\/transcaribe.gov.co\/wp-content\/uploads\/2026\/04\/MEDIDOR-96-1024x576.jpg 1024w, https:\/\/transcaribe.gov.co\/wp-content\/uploads\/2026\/04\/MEDIDOR-96-768x432.jpg 768w\" sizes=\"(max-width: 1280px) 100vw, 1280px\" \/><\/p>\n<p>De acuerdo a las primeras indagaciones, en cercan\u00edas al Hospital Universitario, el conductor de una motocicleta perdi\u00f3 el control de la misma al resbalarse, cayendo, infortunadamente, debajo del padr\u00f3n TC32075 adscrito a la empresa Transambiental, el cual cubr\u00eda la ruta X103.<\/p>\n<p>Equipos m\u00e9dicos llegaron al lugar para brindar los primeros auxilios al motociclista, pero lamentablemente falleci\u00f3 en el acto. TransCaribe env\u00eda un sentido mensaje de condolencias a la familia y allegados del motociclista fallecido, y lamenta esta situaci\u00f3n.<\/p>\n<p>Preventivamente, y como dicta el protocolo en estos casos, se suspendi\u00f3 el certificado de idoneidad del operador del veh\u00edculo, hasta tanto se desarrollen las investigaciones por parte de las autoridades.<\/p>\n<p>En 2026, son seis los accidentes con fatalidades en los que se han visto involucrados veh\u00edculos de TransCaribe. El sistema reitera su llamado a la prudencia en las v\u00edas, al tiempo que intensificar\u00e1 sus acciones pedag\u00f3gicas y de sensibilizaci\u00f3n para el respeto de las normas de tr\u00e1nsito y la prevenci\u00f3n de la accidentalidad.<\/p>\n<div class='cb-post-url-qr-code'><br><img src='https:\/\/api.qrserver.com\/v1\/create-qr-code\/?size=185x185&ecc=L&qzone=1&data=https%3A%2F%2Ftranscaribe.gov.co%2Findex.php%2F2026%2Fcomunicado-de-transcaribe-sobre-accidente-con-fatalidad-en-cercanias-al-hospital-universitario%2Funcategorized%2F' alt='Comunicado de TransCaribe sobre accidente con fatalidad en cercan\u00edas al Hospital Universitario'\/><\/div>","protected":false},"excerpt":{"rendered":"<p>TransCaribe lamenta informar que, cerca de las siete de la ma\u00f1ana de este martes 28 de abril, se registr\u00f3 un accidente con fatalidad en el cual se vio involucrado un veh\u00edculo del sistema. De acuerdo a las primeras indagaciones, en cercan\u00edas al Hospital Universitario, el conductor de una motocicleta perdi\u00f3 el control de la misma [&hellip;]<\/p>\n","protected":false},"author":3,"featured_media":8354,"comment_status":"open","ping_status":"open","sticky":false,"template":"","format":"standard","meta":{"footnotes":""},"categories":[1],"tags":[],"class_list":["post-8353","post","type-post","status-publish","format-standard","has-post-thumbnail","hentry","category-uncategorized"],"yoast_head":"<!-- This site is optimized with the Yoast SEO plugin v27.3 - https:\/\/yoast.com\/product\/yoast-seo-wordpress\/ -->\n<title>Comunicado de TransCaribe sobre accidente con fatalidad en cercan\u00edas al Hospital Universitario -<\/title>\n<meta name=\"robots\" content=\"index, follow, max-snippet:-1, max-image-preview:large, max-video-preview:-1\" \/>\n<link rel=\"canonical\" href=\"https:\/\/transcaribe.gov.co\/index.php\/2026\/comunicado-de-transcaribe-sobre-accidente-con-fatalidad-en-cercanias-al-hospital-universitario\/uncategorized\/\" \/>\n<meta property=\"og:locale\" content=\"es_ES\" \/>\n<meta property=\"og:type\" content=\"article\" \/>\n<meta property=\"og:title\" content=\"Comunicado de TransCaribe sobre accidente con fatalidad en cercan\u00edas al Hospital Universitario -\" \/>\n<meta property=\"og:description\" content=\"TransCaribe lamenta informar que, cerca de las siete de la ma\u00f1ana de este martes 28 de abril, se registr\u00f3 un accidente con fatalidad en el cual se vio involucrado un veh\u00edculo del sistema. De acuerdo a las primeras indagaciones, en cercan\u00edas al Hospital Universitario, el conductor de una motocicleta perdi\u00f3 el control de la misma [&hellip;]\" \/>\n<meta property=\"og:url\" content=\"https:\/\/transcaribe.gov.co\/index.php\/2026\/comunicado-de-transcaribe-sobre-accidente-con-fatalidad-en-cercanias-al-hospital-universitario\/uncategorized\/\" \/>\n<meta property=\"article:publisher\" content=\"https:\/\/www.facebook.com\/TranscaribeCTG\" \/>\n<meta property=\"article:published_time\" content=\"2026-04-28T14:28:49+00:00\" \/>\n<meta property=\"og:image\" content=\"https:\/\/transcaribe.gov.co\/wp-content\/uploads\/2026\/04\/MEDIDOR-96.jpg\" \/>\n\t<meta property=\"og:image:width\" content=\"1280\" \/>\n\t<meta property=\"og:image:height\" content=\"720\" \/>\n\t<meta property=\"og:image:type\" content=\"image\/jpeg\" \/>\n<meta name=\"author\" content=\"Equipo de Comunicaciones\" \/>\n<meta name=\"twitter:card\" content=\"summary_large_image\" \/>\n<meta name=\"twitter:creator\" content=\"@transcaribeSITM\" \/>\n<meta name=\"twitter:site\" content=\"@transcaribeSITM\" \/>\n<meta name=\"twitter:label1\" content=\"Escrito por\" \/>\n\t<meta name=\"twitter:data1\" content=\"Equipo de Comunicaciones\" \/>\n\t<meta name=\"twitter:label2\" content=\"Tiempo de lectura\" \/>\n\t<meta name=\"twitter:data2\" content=\"2 minutos\" \/>\n<script type=\"application\/ld+json\" class=\"yoast-schema-graph\">{\"@context\":\"https:\\\/\\\/schema.org\",\"@graph\":[{\"@type\":\"Article\",\"@id\":\"https:\\\/\\\/transcaribe.gov.co\\\/index.php\\\/2026\\\/comunicado-de-transcaribe-sobre-accidente-con-fatalidad-en-cercanias-al-hospital-universitario\\\/uncategorized\\\/#article\",\"isPartOf\":{\"@id\":\"https:\\\/\\\/transcaribe.gov.co\\\/index.php\\\/2026\\\/comunicado-de-transcaribe-sobre-accidente-con-fatalidad-en-cercanias-al-hospital-universitario\\\/uncategorized\\\/\"},\"author\":{\"name\":\"Equipo de Comunicaciones\",\"@id\":\"https:\\\/\\\/transcaribe.gov.co\\\/#\\\/schema\\\/person\\\/adbaf2e07de6e55ed0d54a0828b0c54f\"},\"headline\":\"Comunicado de TransCaribe sobre accidente con fatalidad en cercan\u00edas al Hospital Universitario\",\"datePublished\":\"2026-04-28T14:28:49+00:00\",\"mainEntityOfPage\":{\"@id\":\"https:\\\/\\\/transcaribe.gov.co\\\/index.php\\\/2026\\\/comunicado-de-transcaribe-sobre-accidente-con-fatalidad-en-cercanias-al-hospital-universitario\\\/uncategorized\\\/\"},\"wordCount\":220,\"commentCount\":0,\"publisher\":{\"@id\":\"https:\\\/\\\/transcaribe.gov.co\\\/#organization\"},\"image\":{\"@id\":\"https:\\\/\\\/transcaribe.gov.co\\\/index.php\\\/2026\\\/comunicado-de-transcaribe-sobre-accidente-con-fatalidad-en-cercanias-al-hospital-universitario\\\/uncategorized\\\/#primaryimage\"},\"thumbnailUrl\":\"https:\\\/\\\/transcaribe.gov.co\\\/wp-content\\\/uploads\\\/2026\\\/04\\\/MEDIDOR-96.jpg\",\"articleSection\":[\"Uncategorized\"],\"inLanguage\":\"es\",\"potentialAction\":[{\"@type\":\"CommentAction\",\"name\":\"Comment\",\"target\":[\"https:\\\/\\\/transcaribe.gov.co\\\/index.php\\\/2026\\\/comunicado-de-transcaribe-sobre-accidente-con-fatalidad-en-cercanias-al-hospital-universitario\\\/uncategorized\\\/#respond\"]}]},{\"@type\":\"WebPage\",\"@id\":\"https:\\\/\\\/transcaribe.gov.co\\\/index.php\\\/2026\\\/comunicado-de-transcaribe-sobre-accidente-con-fatalidad-en-cercanias-al-hospital-universitario\\\/uncategorized\\\/\",\"url\":\"https:\\\/\\\/transcaribe.gov.co\\\/index.php\\\/2026\\\/comunicado-de-transcaribe-sobre-accidente-con-fatalidad-en-cercanias-al-hospital-universitario\\\/uncategorized\\\/\",\"name\":\"Comunicado de TransCaribe sobre accidente con fatalidad en cercan\u00edas al Hospital Universitario -\",\"isPartOf\":{\"@id\":\"https:\\\/\\\/transcaribe.gov.co\\\/#website\"},\"primaryImageOfPage\":{\"@id\":\"https:\\\/\\\/transcaribe.gov.co\\\/index.php\\\/2026\\\/comunicado-de-transcaribe-sobre-accidente-con-fatalidad-en-cercanias-al-hospital-universitario\\\/uncategorized\\\/#primaryimage\"},\"image\":{\"@id\":\"https:\\\/\\\/transcaribe.gov.co\\\/index.php\\\/2026\\\/comunicado-de-transcaribe-sobre-accidente-con-fatalidad-en-cercanias-al-hospital-universitario\\\/uncategorized\\\/#primaryimage\"},\"thumbnailUrl\":\"https:\\\/\\\/transcaribe.gov.co\\\/wp-content\\\/uploads\\\/2026\\\/04\\\/MEDIDOR-96.jpg\",\"datePublished\":\"2026-04-28T14:28:49+00:00\",\"breadcrumb\":{\"@id\":\"https:\\\/\\\/transcaribe.gov.co\\\/index.php\\\/2026\\\/comunicado-de-transcaribe-sobre-accidente-con-fatalidad-en-cercanias-al-hospital-universitario\\\/uncategorized\\\/#breadcrumb\"},\"inLanguage\":\"es\",\"potentialAction\":[{\"@type\":\"ReadAction\",\"target\":[\"https:\\\/\\\/transcaribe.gov.co\\\/index.php\\\/2026\\\/comunicado-de-transcaribe-sobre-accidente-con-fatalidad-en-cercanias-al-hospital-universitario\\\/uncategorized\\\/\"]}]},{\"@type\":\"ImageObject\",\"inLanguage\":\"es\",\"@id\":\"https:\\\/\\\/transcaribe.gov.co\\\/index.php\\\/2026\\\/comunicado-de-transcaribe-sobre-accidente-con-fatalidad-en-cercanias-al-hospital-universitario\\\/uncategorized\\\/#primaryimage\",\"url\":\"https:\\\/\\\/transcaribe.gov.co\\\/wp-content\\\/uploads\\\/2026\\\/04\\\/MEDIDOR-96.jpg\",\"contentUrl\":\"https:\\\/\\\/transcaribe.gov.co\\\/wp-content\\\/uploads\\\/2026\\\/04\\\/MEDIDOR-96.jpg\",\"width\":1280,\"height\":720},{\"@type\":\"BreadcrumbList\",\"@id\":\"https:\\\/\\\/transcaribe.gov.co\\\/index.php\\\/2026\\\/comunicado-de-transcaribe-sobre-accidente-con-fatalidad-en-cercanias-al-hospital-universitario\\\/uncategorized\\\/#breadcrumb\",\"itemListElement\":[{\"@type\":\"ListItem\",\"position\":1,\"name\":\"Portada\",\"item\":\"https:\\\/\\\/transcaribe.gov.co\\\/\"},{\"@type\":\"ListItem\",\"position\":2,\"name\":\"Comunicado de TransCaribe sobre accidente con fatalidad en cercan\u00edas al Hospital Universitario\"}]},{\"@type\":\"WebSite\",\"@id\":\"https:\\\/\\\/transcaribe.gov.co\\\/#website\",\"url\":\"https:\\\/\\\/transcaribe.gov.co\\\/\",\"name\":\"TRANSCARIBE\",\"description\":\"\",\"publisher\":{\"@id\":\"https:\\\/\\\/transcaribe.gov.co\\\/#organization\"},\"potentialAction\":[{\"@type\":\"SearchAction\",\"target\":{\"@type\":\"EntryPoint\",\"urlTemplate\":\"https:\\\/\\\/transcaribe.gov.co\\\/?s={search_term_string}\"},\"query-input\":{\"@type\":\"PropertyValueSpecification\",\"valueRequired\":true,\"valueName\":\"search_term_string\"}}],\"inLanguage\":\"es\"},{\"@type\":\"Organization\",\"@id\":\"https:\\\/\\\/transcaribe.gov.co\\\/#organization\",\"name\":\"TRANSCARIBE S.A.\",\"url\":\"https:\\\/\\\/transcaribe.gov.co\\\/\",\"logo\":{\"@type\":\"ImageObject\",\"inLanguage\":\"es\",\"@id\":\"https:\\\/\\\/transcaribe.gov.co\\\/#\\\/schema\\\/logo\\\/image\\\/\",\"url\":\"https:\\\/\\\/transcaribe.gov.co\\\/wp-content\\\/uploads\\\/2023\\\/10\\\/cropped-Favicon_Transcaribe.png\",\"contentUrl\":\"https:\\\/\\\/transcaribe.gov.co\\\/wp-content\\\/uploads\\\/2023\\\/10\\\/cropped-Favicon_Transcaribe.png\",\"width\":512,\"height\":512,\"caption\":\"TRANSCARIBE S.A.\"},\"image\":{\"@id\":\"https:\\\/\\\/transcaribe.gov.co\\\/#\\\/schema\\\/logo\\\/image\\\/\"},\"sameAs\":[\"https:\\\/\\\/www.facebook.com\\\/TranscaribeCTG\",\"https:\\\/\\\/x.com\\\/transcaribeSITM\",\"https:\\\/\\\/www.instagram.com\\\/Transcaribecartagena\\\/\",\"https:\\\/\\\/www.youtube.com\\\/channel\\\/UCyM8-7H1Ux9hsYGlCkSkQaA\"]},{\"@type\":\"Person\",\"@id\":\"https:\\\/\\\/transcaribe.gov.co\\\/#\\\/schema\\\/person\\\/adbaf2e07de6e55ed0d54a0828b0c54f\",\"name\":\"Equipo de Comunicaciones\",\"image\":{\"@type\":\"ImageObject\",\"inLanguage\":\"es\",\"@id\":\"https:\\\/\\\/secure.gravatar.com\\\/avatar\\\/eef2d8321f23213c74ff70d11eddab4d29048715babf4ed1e4285515e6088376?s=96&d=mm&r=g\",\"url\":\"https:\\\/\\\/secure.gravatar.com\\\/avatar\\\/eef2d8321f23213c74ff70d11eddab4d29048715babf4ed1e4285515e6088376?s=96&d=mm&r=g\",\"contentUrl\":\"https:\\\/\\\/secure.gravatar.com\\\/avatar\\\/eef2d8321f23213c74ff70d11eddab4d29048715babf4ed1e4285515e6088376?s=96&d=mm&r=g\",\"caption\":\"Equipo de Comunicaciones\"},\"url\":\"https:\\\/\\\/transcaribe.gov.co\\\/index.php\\\/author\\\/medios\\\/\"}]}<\/script>\n<!-- \/ Yoast SEO plugin. -->","yoast_head_json":{"title":"Comunicado de TransCaribe sobre accidente con fatalidad en cercan\u00edas al Hospital Universitario -","robots":{"index":"index","follow":"follow","max-snippet":"max-snippet:-1","max-image-preview":"max-image-preview:large","max-video-preview":"max-video-preview:-1"},"canonical":"https:\/\/transcaribe.gov.co\/index.php\/2026\/comunicado-de-transcaribe-sobre-accidente-con-fatalidad-en-cercanias-al-hospital-universitario\/uncategorized\/","og_locale":"es_ES","og_type":"article","og_title":"Comunicado de TransCaribe sobre accidente con fatalidad en cercan\u00edas al Hospital Universitario -","og_description":"TransCaribe lamenta informar que, cerca de las siete de la ma\u00f1ana de este martes 28 de abril, se registr\u00f3 un accidente con fatalidad en el cual se vio involucrado un veh\u00edculo del sistema. De acuerdo a las primeras indagaciones, en cercan\u00edas al Hospital Universitario, el conductor de una motocicleta perdi\u00f3 el control de la misma [&hellip;]","og_url":"https:\/\/transcaribe.gov.co\/index.php\/2026\/comunicado-de-transcaribe-sobre-accidente-con-fatalidad-en-cercanias-al-hospital-universitario\/uncategorized\/","article_publisher":"https:\/\/www.facebook.com\/TranscaribeCTG","article_published_time":"2026-04-28T14:28:49+00:00","og_image":[{"width":1280,"height":720,"url":"https:\/\/transcaribe.gov.co\/wp-content\/uploads\/2026\/04\/MEDIDOR-96.jpg","type":"image\/jpeg"}],"author":"Equipo de Comunicaciones","twitter_card":"summary_large_image","twitter_creator":"@transcaribeSITM","twitter_site":"@transcaribeSITM","twitter_misc":{"Escrito por":"Equipo de Comunicaciones","Tiempo de lectura":"2 minutos"},"schema":{"@context":"https:\/\/schema.org","@graph":[{"@type":"Article","@id":"https:\/\/transcaribe.gov.co\/index.php\/2026\/comunicado-de-transcaribe-sobre-accidente-con-fatalidad-en-cercanias-al-hospital-universitario\/uncategorized\/#article","isPartOf":{"@id":"https:\/\/transcaribe.gov.co\/index.php\/2026\/comunicado-de-transcaribe-sobre-accidente-con-fatalidad-en-cercanias-al-hospital-universitario\/uncategorized\/"},"author":{"name":"Equipo de Comunicaciones","@id":"https:\/\/transcaribe.gov.co\/#\/schema\/person\/adbaf2e07de6e55ed0d54a0828b0c54f"},"headline":"Comunicado de TransCaribe sobre accidente con fatalidad en cercan\u00edas al Hospital Universitario","datePublished":"2026-04-28T14:28:49+00:00","mainEntityOfPage":{"@id":"https:\/\/transcaribe.gov.co\/index.php\/2026\/comunicado-de-transcaribe-sobre-accidente-con-fatalidad-en-cercanias-al-hospital-universitario\/uncategorized\/"},"wordCount":220,"commentCount":0,"publisher":{"@id":"https:\/\/transcaribe.gov.co\/#organization"},"image":{"@id":"https:\/\/transcaribe.gov.co\/index.php\/2026\/comunicado-de-transcaribe-sobre-accidente-con-fatalidad-en-cercanias-al-hospital-universitario\/uncategorized\/#primaryimage"},"thumbnailUrl":"https:\/\/transcaribe.gov.co\/wp-content\/uploads\/2026\/04\/MEDIDOR-96.jpg","articleSection":["Uncategorized"],"inLanguage":"es","potentialAction":[{"@type":"CommentAction","name":"Comment","target":["https:\/\/transcaribe.gov.co\/index.php\/2026\/comunicado-de-transcaribe-sobre-accidente-con-fatalidad-en-cercanias-al-hospital-universitario\/uncategorized\/#respond"]}]},{"@type":"WebPage","@id":"https:\/\/transcaribe.gov.co\/index.php\/2026\/comunicado-de-transcaribe-sobre-accidente-con-fatalidad-en-cercanias-al-hospital-universitario\/uncategorized\/","url":"https:\/\/transcaribe.gov.co\/index.php\/2026\/comunicado-de-transcaribe-sobre-accidente-con-fatalidad-en-cercanias-al-hospital-universitario\/uncategorized\/","name":"Comunicado de TransCaribe sobre accidente con fatalidad en cercan\u00edas al Hospital Universitario -","isPartOf":{"@id":"https:\/\/transcaribe.gov.co\/#website"},"primaryImageOfPage":{"@id":"https:\/\/transcaribe.gov.co\/index.php\/2026\/comunicado-de-transcaribe-sobre-accidente-con-fatalidad-en-cercanias-al-hospital-universitario\/uncategorized\/#primaryimage"},"image":{"@id":"https:\/\/transcaribe.gov.co\/index.php\/2026\/comunicado-de-transcaribe-sobre-accidente-con-fatalidad-en-cercanias-al-hospital-universitario\/uncategorized\/#primaryimage"},"thumbnailUrl":"https:\/\/transcaribe.gov.co\/wp-content\/uploads\/2026\/04\/MEDIDOR-96.jpg","datePublished":"2026-04-28T14:28:49+00:00","breadcrumb":{"@id":"https:\/\/transcaribe.gov.co\/index.php\/2026\/comunicado-de-transcaribe-sobre-accidente-con-fatalidad-en-cercanias-al-hospital-universitario\/uncategorized\/#breadcrumb"},"inLanguage":"es","potentialAction":[{"@type":"ReadAction","target":["https:\/\/transcaribe.gov.co\/index.php\/2026\/comunicado-de-transcaribe-sobre-accidente-con-fatalidad-en-cercanias-al-hospital-universitario\/uncategorized\/"]}]},{"@type":"ImageObject","inLanguage":"es","@id":"https:\/\/transcaribe.gov.co\/index.php\/2026\/comunicado-de-transcaribe-sobre-accidente-con-fatalidad-en-cercanias-al-hospital-universitario\/uncategorized\/#primaryimage","url":"https:\/\/transcaribe.gov.co\/wp-content\/uploads\/2026\/04\/MEDIDOR-96.jpg","contentUrl":"https:\/\/transcaribe.gov.co\/wp-content\/uploads\/2026\/04\/MEDIDOR-96.jpg","width":1280,"height":720},{"@type":"BreadcrumbList","@id":"https:\/\/transcaribe.gov.co\/index.php\/2026\/comunicado-de-transcaribe-sobre-accidente-con-fatalidad-en-cercanias-al-hospital-universitario\/uncategorized\/#breadcrumb","itemListElement":[{"@type":"ListItem","position":1,"name":"Portada","item":"https:\/\/transcaribe.gov.co\/"},{"@type":"ListItem","position":2,"name":"Comunicado de TransCaribe sobre accidente con fatalidad en cercan\u00edas al Hospital Universitario"}]},{"@type":"WebSite","@id":"https:\/\/transcaribe.gov.co\/#website","url":"https:\/\/transcaribe.gov.co\/","name":"TRANSCARIBE","description":"","publisher":{"@id":"https:\/\/transcaribe.gov.co\/#organization"},"potentialAction":[{"@type":"SearchAction","target":{"@type":"EntryPoint","urlTemplate":"https:\/\/transcaribe.gov.co\/?s={search_term_string}"},"query-input":{"@type":"PropertyValueSpecification","valueRequired":true,"valueName":"search_term_string"}}],"inLanguage":"es"},{"@type":"Organization","@id":"https:\/\/transcaribe.gov.co\/#organization","name":"TRANSCARIBE S.A.","url":"https:\/\/transcaribe.gov.co\/","logo":{"@type":"ImageObject","inLanguage":"es","@id":"https:\/\/transcaribe.gov.co\/#\/schema\/logo\/image\/","url":"https:\/\/transcaribe.gov.co\/wp-content\/uploads\/2023\/10\/cropped-Favicon_Transcaribe.png","contentUrl":"https:\/\/transcaribe.gov.co\/wp-content\/uploads\/2023\/10\/cropped-Favicon_Transcaribe.png","width":512,"height":512,"caption":"TRANSCARIBE S.A."},"image":{"@id":"https:\/\/transcaribe.gov.co\/#\/schema\/logo\/image\/"},"sameAs":["https:\/\/www.facebook.com\/TranscaribeCTG","https:\/\/x.com\/transcaribeSITM","https:\/\/www.instagram.com\/Transcaribecartagena\/","https:\/\/www.youtube.com\/channel\/UCyM8-7H1Ux9hsYGlCkSkQaA"]},{"@type":"Person","@id":"https:\/\/transcaribe.gov.co\/#\/schema\/person\/adbaf2e07de6e55ed0d54a0828b0c54f","name":"Equipo de Comunicaciones","image":{"@type":"ImageObject","inLanguage":"es","@id":"https:\/\/secure.gravatar.com\/avatar\/eef2d8321f23213c74ff70d11eddab4d29048715babf4ed1e4285515e6088376?s=96&d=mm&r=g","url":"https:\/\/secure.gravatar.com\/avatar\/eef2d8321f23213c74ff70d11eddab4d29048715babf4ed1e4285515e6088376?s=96&d=mm&r=g","contentUrl":"https:\/\/secure.gravatar.com\/avatar\/eef2d8321f23213c74ff70d11eddab4d29048715babf4ed1e4285515e6088376?s=96&d=mm&r=g","caption":"Equipo de Comunicaciones"},"url":"https:\/\/transcaribe.gov.co\/index.php\/author\/medios\/"}]}},"_links":{"self":[{"href":"https:\/\/transcaribe.gov.co\/index.php\/wp-json\/wp\/v2\/posts\/8353","targetHints":{"allow":["GET"]}}],"collection":[{"href":"https:\/\/transcaribe.gov.co\/index.php\/wp-json\/wp\/v2\/posts"}],"about":[{"href":"https:\/\/transcaribe.gov.co\/index.php\/wp-json\/wp\/v2\/types\/post"}],"author":[{"embeddable":true,"href":"https:\/\/transcaribe.gov.co\/index.php\/wp-json\/wp\/v2\/users\/3"}],"replies":[{"embeddable":true,"href":"https:\/\/transcaribe.gov.co\/index.php\/wp-json\/wp\/v2\/comments?post=8353"}],"version-history":[{"count":1,"href":"https:\/\/transcaribe.gov.co\/index.php\/wp-json\/wp\/v2\/posts\/8353\/revisions"}],"predecessor-version":[{"id":8355,"href":"https:\/\/transcaribe.gov.co\/index.php\/wp-json\/wp\/v2\/posts\/8353\/revisions\/8355"}],"wp:featuredmedia":[{"embeddable":true,"href":"https:\/\/transcaribe.gov.co\/index.php\/wp-json\/wp\/v2\/media\/8354"}],"wp:attachment":[{"href":"https:\/\/transcaribe.gov.co\/index.php\/wp-json\/wp\/v2\/media?parent=8353"}],"wp:term":[{"taxonomy":"category","embeddable":true,"href":"https:\/\/transcaribe.gov.co\/index.php\/wp-json\/wp\/v2\/categories?post=8353"},{"taxonomy":"post_tag","embeddable":true,"href":"https:\/\/transcaribe.gov.co\/index.php\/wp-json\/wp\/v2\/tags?post=8353"}],"curies":[{"name":"wp","href":"https:\/\/api.w.org\/{rel}","templated":true}]}}