{"id":964,"date":"2017-01-25T16:55:50","date_gmt":"2017-01-25T16:55:50","guid":{"rendered":"http:\/\/transcaribe.gov.co\/?post_type=noticia&#38;p=964"},"modified":"2017-01-25T16:55:50","modified_gmt":"2017-01-25T16:55:50","slug":"transcaribe-pone-en-funcionamiento-nueva-ruta-la-de-los-estudiantes-a102","status":"publish","type":"noticia","link":"https:\/\/transcaribe.gov.co\/index.php\/noticia\/transcaribe-pone-en-funcionamiento-nueva-ruta-la-de-los-estudiantes-a102\/","title":{"rendered":"Transcaribe pone en funcionamiento nueva ruta, la de Los Estudiantes (a102)"},"content":{"rendered":"<div style=\"text-align: left;\"><\/div>\n<div style=\"text-align: left;\"><span style=\"font-size: large;\"><b>ATENCI\u00d3N!!<\/b><\/span><\/div>\n<div style=\"text-align: left;\"><span style=\"font-size: large;\">\u00a0<\/span><\/div>\n<div style=\"text-align: left;\"><span style=\"font-size: large;\">Siguen avances de operaci\u00f3n de SITM. Unos mil usuarios se movilizar\u00e1n diariamente en horas pico por esta ruta<\/span><\/div>\n<div style=\"text-align: left;\"><b>Transcaribe pone en funcionamiento nueva ruta, la de Los Estudiantes (A102)<\/b><\/div>\n<div style=\"text-align: left;\"><\/div>\n<div style=\"text-align: left;\"><\/div>\n<div style=\"text-align: left;\"><i>CARTAGENA, ENERO 24 DE 2017<\/i><\/div>\n<div style=\"text-align: left;\"><\/div>\n<div style=\"text-align: left;\"><span style=\"font-size: large;\">Este jueves Transcaribe iniciar\u00e1 la etapa pedag\u00f3gica de la llamada ruta de Los Estudiantes, A102, que beneficiar\u00e1 a las comunidades universitarias San Buenaventura y Teconl\u00f3gica de Bol\u00edvar, adem\u00e1s de las escuelas, colegios y comunidades de unos trece (13) barrios y urbanizaciones residenciales.<\/span><\/div>\n<div style=\"text-align: left;\"><span style=\"font-size: large;\">\u00a0<\/span><\/div>\n<div style=\"text-align: left;\"><span style=\"font-size: large;\">La apertura de socializaci\u00f3n ciudadana de esta nueva ruta se har\u00e1 con dos (2) buses los d\u00edas jueves, viernes y s\u00e1bado de esta semana. Se har\u00e1n recorridos de familiarizaci\u00f3n del recorrido.<\/span><\/div>\n<div style=\"text-align: left;\"><span style=\"font-size: large;\">\u00a0<\/span><\/div>\n<div style=\"text-align: left;\"><span style=\"font-size: large;\">El domingo se pondr\u00e1 oficialmente en servicio con tres (3) veh\u00edculos del sistema y, a partir del lunes, la operaci\u00f3n de la A102 o de Los Estudiantes entrar\u00e1 de lleno, con siete (7) buses trabajando.<\/span><\/div>\n<div style=\"text-align: left;\"><span style=\"font-size: large;\">\u00a0<\/span><\/div>\n<div style=\"text-align: left;\"><span style=\"font-size: large;\">El Departamento de Operaciones de Transcaribe estima que diariamente se movilizar\u00e1n entre ochocientos (800) y mil (1.000) pasajeros diarios, en las horas pico.<\/span><\/div>\n<div style=\"text-align: left;\"><span style=\"font-size: large;\">\u00a0<\/span><\/div>\n<div style=\"text-align: left;\"><span style=\"font-size: large;\">El gerente del Sistema Integrado de Transporte Masivo, SITM, Humberto Ripoll, dijo que es una de las rutas m\u00e1s esperadas durante este primer trimestre y que entra en servicio en concordancia con el inicio del calendario acad\u00e9mico universitario y escolar.<\/span><\/div>\n<div style=\"text-align: left;\"><span style=\"font-size: large;\">\u00a0<\/span><\/div>\n<div style=\"text-align: left;\"><span style=\"font-size: large;\">El alcalde Manuel Vicente Duque el domingo pasado dio al servicio las plataformas de transbordo de Patio portal y dijo que con ella se facilitaba la entrada en funcionamiento de la ruta de Los Estudiantes. Estas logros alcanzados por Transcaribe para bienestar y comodidad de los cartageneros est\u00e1n en pleno proceso de ajustes y progreso y, a medida que avancen los d\u00edas, se ir\u00e1n sincronizando y optimizando.\u00a0<\/span><\/div>\n<div style=\"text-align: left;\"><span style=\"font-size: large;\">\u00a0<\/span><\/div>\n<div style=\"text-align: left;\"><span style=\"font-size: large;\"><b>Esta ruta de Los Estudiantes tiene su origen en el punto de la Universidad Tecnol\u00f3gica de Bol\u00edvar e ir\u00e1 hasta Patio Portal. El recorrido brinda acceso a barrios como Ternera, parte de Sim\u00f3n Bol\u00edvar, El Recreo, La Concepci\u00f3n, Los Abetos, El Ed\u00e9n, Villa del Sol, La Princesa y urbanizaciones como Arboleda Real, Llano Verde, Toscana, Santorini y Verona, entre otras que se han construido en la Diagonal 32, una importante zona de desarrollo urban\u00edstico de la ciudad.<\/b><\/span><\/div>\n<div class='cb-post-url-qr-code'><br><img src='https:\/\/api.qrserver.com\/v1\/create-qr-code\/?size=185x185&ecc=L&qzone=1&data=https%3A%2F%2Ftranscaribe.gov.co%2Findex.php%2Fnoticia%2Ftranscaribe-pone-en-funcionamiento-nueva-ruta-la-de-los-estudiantes-a102%2F' alt='Transcaribe pone en funcionamiento nueva ruta, la de Los Estudiantes (a102)'\/><\/div>","protected":false},"excerpt":{"rendered":"<p>ATENCI\u00d3N!! \u00a0 Siguen avances de operaci\u00f3n de SITM. Unos mil usuarios se movilizar\u00e1n diariamente en horas pico por esta ruta Transcaribe pone en funcionamiento nueva ruta, la de Los Estudiantes (A102) CARTAGENA, ENERO 24 DE 2017 Este jueves Transcaribe iniciar\u00e1 la etapa pedag\u00f3gica de la llamada ruta de Los Estudiantes, A102, que beneficiar\u00e1 a las [&hellip;]<\/p>\n","protected":false},"author":4,"featured_media":4475,"menu_order":0,"comment_status":"open","ping_status":"open","template":"","format":"standard","meta":{"footnotes":""},"class_list":["post-964","noticia","type-noticia","status-publish","format-standard","has-post-thumbnail","hentry"],"yoast_head":"<!-- This site is optimized with the Yoast SEO plugin v27.3 - https:\/\/yoast.com\/product\/yoast-seo-wordpress\/ -->\n<title>Transcaribe pone en funcionamiento nueva ruta, la de Los Estudiantes (a102) -<\/title>\n<meta name=\"robots\" content=\"index, follow, max-snippet:-1, max-image-preview:large, max-video-preview:-1\" \/>\n<link rel=\"canonical\" href=\"https:\/\/transcaribe.gov.co\/index.php\/noticia\/transcaribe-pone-en-funcionamiento-nueva-ruta-la-de-los-estudiantes-a102\/\" \/>\n<meta property=\"og:locale\" content=\"es_ES\" \/>\n<meta property=\"og:type\" content=\"article\" \/>\n<meta property=\"og:title\" content=\"Transcaribe pone en funcionamiento nueva ruta, la de Los Estudiantes (a102) -\" \/>\n<meta property=\"og:description\" content=\"ATENCI\u00d3N!! \u00a0 Siguen avances de operaci\u00f3n de SITM. Unos mil usuarios se movilizar\u00e1n diariamente en horas pico por esta ruta Transcaribe pone en funcionamiento nueva ruta, la de Los Estudiantes (A102) CARTAGENA, ENERO 24 DE 2017 Este jueves Transcaribe iniciar\u00e1 la etapa pedag\u00f3gica de la llamada ruta de Los Estudiantes, A102, que beneficiar\u00e1 a las [&hellip;]\" \/>\n<meta property=\"og:url\" content=\"https:\/\/transcaribe.gov.co\/index.php\/noticia\/transcaribe-pone-en-funcionamiento-nueva-ruta-la-de-los-estudiantes-a102\/\" \/>\n<meta property=\"article:publisher\" content=\"https:\/\/www.facebook.com\/TranscaribeCTG\" \/>\n<meta property=\"og:image\" content=\"https:\/\/transcaribe.gov.co\/wp-content\/uploads\/2023\/10\/cropped-Favicon_Transcaribe.png\" \/>\n\t<meta property=\"og:image:width\" content=\"512\" \/>\n\t<meta property=\"og:image:height\" content=\"512\" \/>\n\t<meta property=\"og:image:type\" content=\"image\/png\" \/>\n<meta name=\"twitter:card\" content=\"summary_large_image\" \/>\n<meta name=\"twitter:site\" content=\"@transcaribeSITM\" \/>\n<meta name=\"twitter:label1\" content=\"Tiempo de lectura\" \/>\n\t<meta name=\"twitter:data1\" content=\"2 minutos\" \/>\n<script type=\"application\/ld+json\" class=\"yoast-schema-graph\">{\"@context\":\"https:\\\/\\\/schema.org\",\"@graph\":[{\"@type\":\"WebPage\",\"@id\":\"https:\\\/\\\/transcaribe.gov.co\\\/index.php\\\/noticia\\\/transcaribe-pone-en-funcionamiento-nueva-ruta-la-de-los-estudiantes-a102\\\/\",\"url\":\"https:\\\/\\\/transcaribe.gov.co\\\/index.php\\\/noticia\\\/transcaribe-pone-en-funcionamiento-nueva-ruta-la-de-los-estudiantes-a102\\\/\",\"name\":\"Transcaribe pone en funcionamiento nueva ruta, la de Los Estudiantes (a102) -\",\"isPartOf\":{\"@id\":\"https:\\\/\\\/transcaribe.gov.co\\\/#website\"},\"primaryImageOfPage\":{\"@id\":\"https:\\\/\\\/transcaribe.gov.co\\\/index.php\\\/noticia\\\/transcaribe-pone-en-funcionamiento-nueva-ruta-la-de-los-estudiantes-a102\\\/#primaryimage\"},\"image\":{\"@id\":\"https:\\\/\\\/transcaribe.gov.co\\\/index.php\\\/noticia\\\/transcaribe-pone-en-funcionamiento-nueva-ruta-la-de-los-estudiantes-a102\\\/#primaryimage\"},\"thumbnailUrl\":\"https:\\\/\\\/transcaribe.gov.co\\\/wp-content\\\/uploads\\\/2023\\\/10\\\/cropped-Favicon_Transcaribe.png\",\"datePublished\":\"2017-01-25T16:55:50+00:00\",\"breadcrumb\":{\"@id\":\"https:\\\/\\\/transcaribe.gov.co\\\/index.php\\\/noticia\\\/transcaribe-pone-en-funcionamiento-nueva-ruta-la-de-los-estudiantes-a102\\\/#breadcrumb\"},\"inLanguage\":\"es\",\"potentialAction\":[{\"@type\":\"ReadAction\",\"target\":[\"https:\\\/\\\/transcaribe.gov.co\\\/index.php\\\/noticia\\\/transcaribe-pone-en-funcionamiento-nueva-ruta-la-de-los-estudiantes-a102\\\/\"]}]},{\"@type\":\"ImageObject\",\"inLanguage\":\"es\",\"@id\":\"https:\\\/\\\/transcaribe.gov.co\\\/index.php\\\/noticia\\\/transcaribe-pone-en-funcionamiento-nueva-ruta-la-de-los-estudiantes-a102\\\/#primaryimage\",\"url\":\"https:\\\/\\\/transcaribe.gov.co\\\/wp-content\\\/uploads\\\/2023\\\/10\\\/cropped-Favicon_Transcaribe.png\",\"contentUrl\":\"https:\\\/\\\/transcaribe.gov.co\\\/wp-content\\\/uploads\\\/2023\\\/10\\\/cropped-Favicon_Transcaribe.png\",\"width\":512,\"height\":512},{\"@type\":\"BreadcrumbList\",\"@id\":\"https:\\\/\\\/transcaribe.gov.co\\\/index.php\\\/noticia\\\/transcaribe-pone-en-funcionamiento-nueva-ruta-la-de-los-estudiantes-a102\\\/#breadcrumb\",\"itemListElement\":[{\"@type\":\"ListItem\",\"position\":1,\"name\":\"Portada\",\"item\":\"https:\\\/\\\/transcaribe.gov.co\\\/\"},{\"@type\":\"ListItem\",\"position\":2,\"name\":\"Transcaribe pone en funcionamiento nueva ruta, la de Los Estudiantes (a102)\"}]},{\"@type\":\"WebSite\",\"@id\":\"https:\\\/\\\/transcaribe.gov.co\\\/#website\",\"url\":\"https:\\\/\\\/transcaribe.gov.co\\\/\",\"name\":\"TRANSCARIBE\",\"description\":\"\",\"publisher\":{\"@id\":\"https:\\\/\\\/transcaribe.gov.co\\\/#organization\"},\"potentialAction\":[{\"@type\":\"SearchAction\",\"target\":{\"@type\":\"EntryPoint\",\"urlTemplate\":\"https:\\\/\\\/transcaribe.gov.co\\\/?s={search_term_string}\"},\"query-input\":{\"@type\":\"PropertyValueSpecification\",\"valueRequired\":true,\"valueName\":\"search_term_string\"}}],\"inLanguage\":\"es\"},{\"@type\":\"Organization\",\"@id\":\"https:\\\/\\\/transcaribe.gov.co\\\/#organization\",\"name\":\"TRANSCARIBE S.A.\",\"url\":\"https:\\\/\\\/transcaribe.gov.co\\\/\",\"logo\":{\"@type\":\"ImageObject\",\"inLanguage\":\"es\",\"@id\":\"https:\\\/\\\/transcaribe.gov.co\\\/#\\\/schema\\\/logo\\\/image\\\/\",\"url\":\"https:\\\/\\\/transcaribe.gov.co\\\/wp-content\\\/uploads\\\/2023\\\/10\\\/cropped-Favicon_Transcaribe.png\",\"contentUrl\":\"https:\\\/\\\/transcaribe.gov.co\\\/wp-content\\\/uploads\\\/2023\\\/10\\\/cropped-Favicon_Transcaribe.png\",\"width\":512,\"height\":512,\"caption\":\"TRANSCARIBE S.A.\"},\"image\":{\"@id\":\"https:\\\/\\\/transcaribe.gov.co\\\/#\\\/schema\\\/logo\\\/image\\\/\"},\"sameAs\":[\"https:\\\/\\\/www.facebook.com\\\/TranscaribeCTG\",\"https:\\\/\\\/x.com\\\/transcaribeSITM\",\"https:\\\/\\\/www.instagram.com\\\/Transcaribecartagena\\\/\",\"https:\\\/\\\/www.youtube.com\\\/channel\\\/UCyM8-7H1Ux9hsYGlCkSkQaA\"]}]}<\/script>\n<!-- \/ Yoast SEO plugin. -->","yoast_head_json":{"title":"Transcaribe pone en funcionamiento nueva ruta, la de Los Estudiantes (a102) -","robots":{"index":"index","follow":"follow","max-snippet":"max-snippet:-1","max-image-preview":"max-image-preview:large","max-video-preview":"max-video-preview:-1"},"canonical":"https:\/\/transcaribe.gov.co\/index.php\/noticia\/transcaribe-pone-en-funcionamiento-nueva-ruta-la-de-los-estudiantes-a102\/","og_locale":"es_ES","og_type":"article","og_title":"Transcaribe pone en funcionamiento nueva ruta, la de Los Estudiantes (a102) -","og_description":"ATENCI\u00d3N!! \u00a0 Siguen avances de operaci\u00f3n de SITM. Unos mil usuarios se movilizar\u00e1n diariamente en horas pico por esta ruta Transcaribe pone en funcionamiento nueva ruta, la de Los Estudiantes (A102) CARTAGENA, ENERO 24 DE 2017 Este jueves Transcaribe iniciar\u00e1 la etapa pedag\u00f3gica de la llamada ruta de Los Estudiantes, A102, que beneficiar\u00e1 a las [&hellip;]","og_url":"https:\/\/transcaribe.gov.co\/index.php\/noticia\/transcaribe-pone-en-funcionamiento-nueva-ruta-la-de-los-estudiantes-a102\/","article_publisher":"https:\/\/www.facebook.com\/TranscaribeCTG","og_image":[{"width":512,"height":512,"url":"https:\/\/transcaribe.gov.co\/wp-content\/uploads\/2023\/10\/cropped-Favicon_Transcaribe.png","type":"image\/png"}],"twitter_card":"summary_large_image","twitter_site":"@transcaribeSITM","twitter_misc":{"Tiempo de lectura":"2 minutos"},"schema":{"@context":"https:\/\/schema.org","@graph":[{"@type":"WebPage","@id":"https:\/\/transcaribe.gov.co\/index.php\/noticia\/transcaribe-pone-en-funcionamiento-nueva-ruta-la-de-los-estudiantes-a102\/","url":"https:\/\/transcaribe.gov.co\/index.php\/noticia\/transcaribe-pone-en-funcionamiento-nueva-ruta-la-de-los-estudiantes-a102\/","name":"Transcaribe pone en funcionamiento nueva ruta, la de Los Estudiantes (a102) -","isPartOf":{"@id":"https:\/\/transcaribe.gov.co\/#website"},"primaryImageOfPage":{"@id":"https:\/\/transcaribe.gov.co\/index.php\/noticia\/transcaribe-pone-en-funcionamiento-nueva-ruta-la-de-los-estudiantes-a102\/#primaryimage"},"image":{"@id":"https:\/\/transcaribe.gov.co\/index.php\/noticia\/transcaribe-pone-en-funcionamiento-nueva-ruta-la-de-los-estudiantes-a102\/#primaryimage"},"thumbnailUrl":"https:\/\/transcaribe.gov.co\/wp-content\/uploads\/2023\/10\/cropped-Favicon_Transcaribe.png","datePublished":"2017-01-25T16:55:50+00:00","breadcrumb":{"@id":"https:\/\/transcaribe.gov.co\/index.php\/noticia\/transcaribe-pone-en-funcionamiento-nueva-ruta-la-de-los-estudiantes-a102\/#breadcrumb"},"inLanguage":"es","potentialAction":[{"@type":"ReadAction","target":["https:\/\/transcaribe.gov.co\/index.php\/noticia\/transcaribe-pone-en-funcionamiento-nueva-ruta-la-de-los-estudiantes-a102\/"]}]},{"@type":"ImageObject","inLanguage":"es","@id":"https:\/\/transcaribe.gov.co\/index.php\/noticia\/transcaribe-pone-en-funcionamiento-nueva-ruta-la-de-los-estudiantes-a102\/#primaryimage","url":"https:\/\/transcaribe.gov.co\/wp-content\/uploads\/2023\/10\/cropped-Favicon_Transcaribe.png","contentUrl":"https:\/\/transcaribe.gov.co\/wp-content\/uploads\/2023\/10\/cropped-Favicon_Transcaribe.png","width":512,"height":512},{"@type":"BreadcrumbList","@id":"https:\/\/transcaribe.gov.co\/index.php\/noticia\/transcaribe-pone-en-funcionamiento-nueva-ruta-la-de-los-estudiantes-a102\/#breadcrumb","itemListElement":[{"@type":"ListItem","position":1,"name":"Portada","item":"https:\/\/transcaribe.gov.co\/"},{"@type":"ListItem","position":2,"name":"Transcaribe pone en funcionamiento nueva ruta, la de Los Estudiantes (a102)"}]},{"@type":"WebSite","@id":"https:\/\/transcaribe.gov.co\/#website","url":"https:\/\/transcaribe.gov.co\/","name":"TRANSCARIBE","description":"","publisher":{"@id":"https:\/\/transcaribe.gov.co\/#organization"},"potentialAction":[{"@type":"SearchAction","target":{"@type":"EntryPoint","urlTemplate":"https:\/\/transcaribe.gov.co\/?s={search_term_string}"},"query-input":{"@type":"PropertyValueSpecification","valueRequired":true,"valueName":"search_term_string"}}],"inLanguage":"es"},{"@type":"Organization","@id":"https:\/\/transcaribe.gov.co\/#organization","name":"TRANSCARIBE S.A.","url":"https:\/\/transcaribe.gov.co\/","logo":{"@type":"ImageObject","inLanguage":"es","@id":"https:\/\/transcaribe.gov.co\/#\/schema\/logo\/image\/","url":"https:\/\/transcaribe.gov.co\/wp-content\/uploads\/2023\/10\/cropped-Favicon_Transcaribe.png","contentUrl":"https:\/\/transcaribe.gov.co\/wp-content\/uploads\/2023\/10\/cropped-Favicon_Transcaribe.png","width":512,"height":512,"caption":"TRANSCARIBE S.A."},"image":{"@id":"https:\/\/transcaribe.gov.co\/#\/schema\/logo\/image\/"},"sameAs":["https:\/\/www.facebook.com\/TranscaribeCTG","https:\/\/x.com\/transcaribeSITM","https:\/\/www.instagram.com\/Transcaribecartagena\/","https:\/\/www.youtube.com\/channel\/UCyM8-7H1Ux9hsYGlCkSkQaA"]}]}},"_links":{"self":[{"href":"https:\/\/transcaribe.gov.co\/index.php\/wp-json\/wp\/v2\/noticia\/964","targetHints":{"allow":["GET"]}}],"collection":[{"href":"https:\/\/transcaribe.gov.co\/index.php\/wp-json\/wp\/v2\/noticia"}],"about":[{"href":"https:\/\/transcaribe.gov.co\/index.php\/wp-json\/wp\/v2\/types\/noticia"}],"author":[{"embeddable":true,"href":"https:\/\/transcaribe.gov.co\/index.php\/wp-json\/wp\/v2\/users\/4"}],"replies":[{"embeddable":true,"href":"https:\/\/transcaribe.gov.co\/index.php\/wp-json\/wp\/v2\/comments?post=964"}],"version-history":[{"count":0,"href":"https:\/\/transcaribe.gov.co\/index.php\/wp-json\/wp\/v2\/noticia\/964\/revisions"}],"wp:featuredmedia":[{"embeddable":true,"href":"https:\/\/transcaribe.gov.co\/index.php\/wp-json\/wp\/v2\/media\/4475"}],"wp:attachment":[{"href":"https:\/\/transcaribe.gov.co\/index.php\/wp-json\/wp\/v2\/media?parent=964"}],"curies":[{"name":"wp","href":"https:\/\/api.w.org\/{rel}","templated":true}]}}