{"id":8350,"date":"2026-04-27T12:47:16","date_gmt":"2026-04-27T17:47:16","guid":{"rendered":"https:\/\/transcaribe.gov.co\/?post_type=noticia&#038;p=8350"},"modified":"2026-04-28T08:49:51","modified_gmt":"2026-04-28T13:49:51","slug":"alcalde-dumek-turbay-sanciona-el-acuerdo-que-formaliza-la-tarifa-diferencial-de-transcaribe-para-adultos-mayores-estudiantes-y-personas-con-discapacidad","status":"publish","type":"noticia","link":"https:\/\/transcaribe.gov.co\/index.php\/noticia\/alcalde-dumek-turbay-sanciona-el-acuerdo-que-formaliza-la-tarifa-diferencial-de-transcaribe-para-adultos-mayores-estudiantes-y-personas-con-discapacidad\/","title":{"rendered":"Alcalde Dumek Turbay sanciona el Acuerdo que formaliza la tarifa diferencial de TransCaribe para adultos mayores, estudiantes y personas con discapacidad"},"content":{"rendered":"<h3><em><strong>Con la presencia de concejales y ante representantes de las poblaciones beneficiarias, el alcalde oficializ\u00f3 el acuerdo, cumpliendo as\u00ed un compromiso adquirido con estas comunidades, y haciendo realidad un antiguo anhelo de muchos cartageneros, al que solo este Gobierno le meti\u00f3 la ficha para materializarlo.<\/strong><\/em><\/h3>\n<p><img fetchpriority=\"high\" decoding=\"async\" class=\"alignnone size-full wp-image-8351\" src=\"https:\/\/transcaribe.gov.co\/wp-content\/uploads\/2026\/04\/WhatsApp-Image-2026-04-28-at-08.46.11.jpeg\" alt=\"\" width=\"1280\" height=\"854\" srcset=\"https:\/\/transcaribe.gov.co\/wp-content\/uploads\/2026\/04\/WhatsApp-Image-2026-04-28-at-08.46.11.jpeg 1280w, https:\/\/transcaribe.gov.co\/wp-content\/uploads\/2026\/04\/WhatsApp-Image-2026-04-28-at-08.46.11-300x200.jpeg 300w, https:\/\/transcaribe.gov.co\/wp-content\/uploads\/2026\/04\/WhatsApp-Image-2026-04-28-at-08.46.11-1024x683.jpeg 1024w, https:\/\/transcaribe.gov.co\/wp-content\/uploads\/2026\/04\/WhatsApp-Image-2026-04-28-at-08.46.11-768x512.jpeg 768w\" sizes=\"(max-width: 1280px) 100vw, 1280px\" \/><\/p>\n<p>Como un espacio hist\u00f3rico fue catalogado por el alcalde Dumek Turbay el acto protocolario en el que se sancion\u00f3 el Acuerdo 009 del Concejo Distrital, con el que se vuelve una realidad la tarifa diferencial para estudiantes, adultos mayores y personas con discapacidad o movilidad reducida en el pasaje de Transcaribe.<\/p>\n<p>Al respecto, el alcalde Dumek Turbay expuso: \u201cHoy es un espacio hist\u00f3rico. Todo el esfuerzo que realizamos como gobierno se ve reflejado en poder consolidar y darle el \u00faltimo visto bueno a un proyecto que, m\u00e1s que justo, es una necesidad\u201d.<\/p>\n<p>Y agreg\u00f3: \u201cLa ciudad pierde mucho tiempo discutiendo y confrontando; y son muy pocos los momentos de uni\u00f3n como ciudadanos para actuar en equidad. Cuando nos unimos nos volvemos imbatibles y este proyecto es muestra de ello. 1000 pesos para muchas familias en Cartagena es mucho dinero; en el escenario social de la ciudad a veces 1000 pesos es una cifra que no pueden alcanzar y hoy es un alivio, un ahorro para aquellos que toman el sistema, un sistema que hacemos que funcione d\u00eda a d\u00eda para miles de familias en Cartagena. La uni\u00f3n para avanzar, unidos para avanzar, que la ciudad pueda decir que en este caso estamos de acuerdo el futuro y progreso de Cartagena\u201d.<\/p>\n<blockquote class=\"instagram-media\" style=\"background: #FFF; border: 0; border-radius: 3px; box-shadow: 0 0 1px 0 rgba(0,0,0,0.5),0 1px 10px 0 rgba(0,0,0,0.15); margin: 1px; max-width: 540px; min-width: 326px; padding: 0; width: calc(100% - 2px);\" data-instgrm-captioned=\"\" data-instgrm-permalink=\"https:\/\/www.instagram.com\/reel\/DXpRPvPkTAZ\/?utm_source=ig_embed&amp;utm_campaign=loading\" data-instgrm-version=\"14\">\n<div style=\"padding: 16px;\">\n<p>&nbsp;<\/p>\n<div style=\"display: flex; flex-direction: row; align-items: center;\">\n<div style=\"background-color: #f4f4f4; border-radius: 50%; flex-grow: 0; height: 40px; margin-right: 14px; width: 40px;\"><\/div>\n<div style=\"display: flex; flex-direction: column; flex-grow: 1; justify-content: center;\">\n<div style=\"background-color: #f4f4f4; border-radius: 4px; flex-grow: 0; height: 14px; margin-bottom: 6px; width: 100px;\"><\/div>\n<div style=\"background-color: #f4f4f4; border-radius: 4px; flex-grow: 0; height: 14px; width: 60px;\"><\/div>\n<\/div>\n<\/div>\n<div style=\"padding: 19% 0;\"><\/div>\n<div style=\"display: block; height: 50px; margin: 0 auto 12px; width: 50px;\"><\/div>\n<div style=\"padding-top: 8px;\">\n<div style=\"color: #3897f0; font-family: Arial,sans-serif; font-size: 14px; font-style: normal; font-weight: 550; line-height: 18px;\">Ver esta publicaci\u00f3n en Instagram<\/div>\n<\/div>\n<div style=\"padding: 12.5% 0;\"><\/div>\n<div style=\"display: flex; flex-direction: row; margin-bottom: 14px; align-items: center;\">\n<div>\n<div style=\"background-color: #f4f4f4; border-radius: 50%; height: 12.5px; width: 12.5px; transform: translateX(0px) translateY(7px);\"><\/div>\n<div style=\"background-color: #f4f4f4; height: 12.5px; transform: rotate(-45deg) translateX(3px) translateY(1px); width: 12.5px; flex-grow: 0; margin-right: 14px; margin-left: 2px;\"><\/div>\n<div style=\"background-color: #f4f4f4; border-radius: 50%; height: 12.5px; width: 12.5px; transform: translateX(9px) translateY(-18px);\"><\/div>\n<\/div>\n<div style=\"margin-left: 8px;\">\n<div style=\"background-color: #f4f4f4; border-radius: 50%; flex-grow: 0; height: 20px; width: 20px;\"><\/div>\n<div style=\"width: 0; height: 0; border-top: 2px solid transparent; border-left: 6px solid #f4f4f4; border-bottom: 2px solid transparent; transform: translateX(16px) translateY(-4px) rotate(30deg);\"><\/div>\n<\/div>\n<div style=\"margin-left: auto;\">\n<div style=\"width: 0px; border-top: 8px solid #F4F4F4; border-right: 8px solid transparent; transform: translateY(16px);\"><\/div>\n<div style=\"background-color: #f4f4f4; flex-grow: 0; height: 12px; width: 16px; transform: translateY(-4px);\"><\/div>\n<div style=\"width: 0; height: 0; border-top: 8px solid #F4F4F4; border-left: 8px solid transparent; transform: translateY(-4px) translateX(8px);\"><\/div>\n<\/div>\n<\/div>\n<div style=\"display: flex; flex-direction: column; flex-grow: 1; justify-content: center; margin-bottom: 24px;\">\n<div style=\"background-color: #f4f4f4; border-radius: 4px; flex-grow: 0; height: 14px; margin-bottom: 6px; width: 224px;\"><\/div>\n<div style=\"background-color: #f4f4f4; border-radius: 4px; flex-grow: 0; height: 14px; width: 144px;\"><\/div>\n<\/div>\n<p>&nbsp;<\/p>\n<p style=\"color: #c9c8cd; font-family: Arial,sans-serif; font-size: 14px; line-height: 17px; margin-bottom: 0; margin-top: 8px; overflow: hidden; padding: 8px 0 7px; text-align: center; text-overflow: ellipsis; white-space: nowrap;\"><a style=\"color: #c9c8cd; font-family: Arial,sans-serif; font-size: 14px; font-style: normal; font-weight: normal; line-height: 17px; text-decoration: none;\" href=\"https:\/\/www.instagram.com\/reel\/DXpRPvPkTAZ\/?utm_source=ig_embed&amp;utm_campaign=loading\" target=\"_blank\" rel=\"noopener\">Una publicaci\u00f3n compartida por Transcaribe S.A. (@transcaribecartagena)<\/a><\/p>\n<\/div>\n<\/blockquote>\n<p><script async src=\"\/\/www.instagram.com\/embed.js\"><\/script><\/p>\n<p>La tarifa diferencial ser\u00e1 un subsidio que se otorgar\u00e1 a cerca de 27 mil personas: 2.000 adultos mayores de 62 a\u00f1os con Sisb\u00e9n A y B; 5.000 estudiantes de b\u00e1sica secundaria, media y entre 15.000 y 17.000 estudiantes universitarios, t\u00e9cnicos y tecnol\u00f3gicos con Sisb\u00e9n A y B; y 3.600 personas con discapacidad, con Sisb\u00e9n A y B, y con validaci\u00f3n de los certificados de discapacidad y registros oficiales.<\/p>\n<p>El Gobierno del alcalde Dumek Turbay Paz subsidiar\u00e1 el 25,64% del valor de la tarifa al usuario, es decir, mil pesos por cada pasaje, en dos viajes diarios, durante veinte d\u00edas al mes.<\/p>\n<p>As\u00ed, con la inversi\u00f3n de 5.300 millones que hace la Administraci\u00f3n Distrital, este a\u00f1o se subsidiar\u00e1n 200 viajes para cada estudiante de secundaria y media beneficiado, 160 para cada estudiante universitario, t\u00e9cnico o tecn\u00f3logo, y 280 viajes para cada adulto mayor o persona con discapacidad impactada.<\/p>\n<p>\u201cUna vez reglamentada la tarifa diferencial a trav\u00e9s de los decretos que se emitan para tal fin, comenzaremos a convocar a cada uno de los beneficiarios de este subsidio, a los cuales ya tenemos identificados y caracterizados en su gran mayor\u00eda, gracias a la informaci\u00f3n que hemos recibido de la Secretar\u00eda de Educaci\u00f3n, la Secretar\u00eda de Participaci\u00f3n, el Dadis, entre otras entidades\u201d, explic\u00f3 la gerente de TransCaribe, Ercilia Barrios Fl\u00f3rez.<\/p>\n<p>\u201cLos convocaremos para que asistan con sus tarjetas TransCaribe, para que nosotros les recarguemos en ellas el monto del subsidio que les corresponda. Todo ese proceso de reglamentaci\u00f3n y socializaci\u00f3n lo adelantaremos, con el apoyo de todos ustedes, para que los beneficiarios puedan efectivamente empezar a recibir el subsidio\u201d, sostuvo la funcionaria.<\/p>\n<p>En representaci\u00f3n del Concejo, el presidente de la Corporaci\u00f3n, Hernando Pi\u00f1a, dijo: \u201cLa tarifa diferencial, esos 1000 pesos que reducen en el bolsillo de estudiantes, adultos mayores, si hace la diferencia. El bolsillo de las familias tendr\u00e1 un respiro y es un avance que tendr\u00e1 la ciudad, apoyando con recurso que, muchas veces, hace falta para la canasta familiar\u201d.<\/p>\n<blockquote class=\"instagram-media\" style=\"background: #FFF; border: 0; border-radius: 3px; box-shadow: 0 0 1px 0 rgba(0,0,0,0.5),0 1px 10px 0 rgba(0,0,0,0.15); margin: 1px; max-width: 540px; min-width: 326px; padding: 0; width: calc(100% - 2px);\" data-instgrm-captioned=\"\" data-instgrm-permalink=\"https:\/\/www.instagram.com\/p\/DXp1MJ4Df5Z\/?utm_source=ig_embed&amp;utm_campaign=loading\" data-instgrm-version=\"14\">\n<div style=\"padding: 16px;\">\n<p>&nbsp;<\/p>\n<div style=\"display: flex; flex-direction: row; align-items: center;\">\n<div style=\"background-color: #f4f4f4; border-radius: 50%; flex-grow: 0; height: 40px; margin-right: 14px; width: 40px;\"><\/div>\n<div style=\"display: flex; flex-direction: column; flex-grow: 1; justify-content: center;\">\n<div style=\"background-color: #f4f4f4; border-radius: 4px; flex-grow: 0; height: 14px; margin-bottom: 6px; width: 100px;\"><\/div>\n<div style=\"background-color: #f4f4f4; border-radius: 4px; flex-grow: 0; height: 14px; width: 60px;\"><\/div>\n<\/div>\n<\/div>\n<div style=\"padding: 19% 0;\"><\/div>\n<div style=\"display: block; height: 50px; margin: 0 auto 12px; width: 50px;\"><\/div>\n<div style=\"padding-top: 8px;\">\n<div style=\"color: #3897f0; font-family: Arial,sans-serif; font-size: 14px; font-style: normal; font-weight: 550; line-height: 18px;\">Ver esta publicaci\u00f3n en Instagram<\/div>\n<\/div>\n<div style=\"padding: 12.5% 0;\"><\/div>\n<div style=\"display: flex; flex-direction: row; margin-bottom: 14px; align-items: center;\">\n<div>\n<div style=\"background-color: #f4f4f4; border-radius: 50%; height: 12.5px; width: 12.5px; transform: translateX(0px) translateY(7px);\"><\/div>\n<div style=\"background-color: #f4f4f4; height: 12.5px; transform: rotate(-45deg) translateX(3px) translateY(1px); width: 12.5px; flex-grow: 0; margin-right: 14px; margin-left: 2px;\"><\/div>\n<div style=\"background-color: #f4f4f4; border-radius: 50%; height: 12.5px; width: 12.5px; transform: translateX(9px) translateY(-18px);\"><\/div>\n<\/div>\n<div style=\"margin-left: 8px;\">\n<div style=\"background-color: #f4f4f4; border-radius: 50%; flex-grow: 0; height: 20px; width: 20px;\"><\/div>\n<div style=\"width: 0; height: 0; border-top: 2px solid transparent; border-left: 6px solid #f4f4f4; border-bottom: 2px solid transparent; transform: translateX(16px) translateY(-4px) rotate(30deg);\"><\/div>\n<\/div>\n<div style=\"margin-left: auto;\">\n<div style=\"width: 0px; border-top: 8px solid #F4F4F4; border-right: 8px solid transparent; transform: translateY(16px);\"><\/div>\n<div style=\"background-color: #f4f4f4; flex-grow: 0; height: 12px; width: 16px; transform: translateY(-4px);\"><\/div>\n<div style=\"width: 0; height: 0; border-top: 8px solid #F4F4F4; border-left: 8px solid transparent; transform: translateY(-4px) translateX(8px);\"><\/div>\n<\/div>\n<\/div>\n<div style=\"display: flex; flex-direction: column; flex-grow: 1; justify-content: center; margin-bottom: 24px;\">\n<div style=\"background-color: #f4f4f4; border-radius: 4px; flex-grow: 0; height: 14px; margin-bottom: 6px; width: 224px;\"><\/div>\n<div style=\"background-color: #f4f4f4; border-radius: 4px; flex-grow: 0; height: 14px; width: 144px;\"><\/div>\n<\/div>\n<p>&nbsp;<\/p>\n<p style=\"color: #c9c8cd; font-family: Arial,sans-serif; font-size: 14px; line-height: 17px; margin-bottom: 0; margin-top: 8px; overflow: hidden; padding: 8px 0 7px; text-align: center; text-overflow: ellipsis; white-space: nowrap;\"><a style=\"color: #c9c8cd; font-family: Arial,sans-serif; font-size: 14px; font-style: normal; font-weight: normal; line-height: 17px; text-decoration: none;\" href=\"https:\/\/www.instagram.com\/p\/DXp1MJ4Df5Z\/?utm_source=ig_embed&amp;utm_campaign=loading\" target=\"_blank\" rel=\"noopener\">Una publicaci\u00f3n compartida por Alcaldi\u0301a Cartagena de Indias (@alcaldiacartagena)<\/a><\/p>\n<\/div>\n<\/blockquote>\n<p><script async src=\"\/\/www.instagram.com\/embed.js\"><\/script><\/p>\n<p>Por su parte, el concejal Javier Julio Bejarano indic\u00f3: \u201cMe siento honrado de este proyecto de acuerdo. Materializar esto me llena de alegr\u00eda y que los estudiantes y adultos obtengan este beneficio hace que Cartagena gane. La iniciativa del alcalde Dumek Turbay para sentar este acuerdo acoge una aprobaci\u00f3n del 100% por la ciudadan\u00eda\u201d.<\/p>\n<p>Y destac\u00f3: \u201cHoy Cartagena se une por un gran beneficio, para que una parte de Cartagena, el estudiante, el adulto mayor, la persona en condici\u00f3n de discapacidad, tenga un precio especial y diferente en TransCaribe que hace que respire su bolsillo y, por supuesto, avancen en que m\u00e1s personas tengan la oportunidad de tomar el transporte p\u00fablico\u201d.<\/p>\n<p>Una vez surtidos todos los tr\u00e1mites y procesos necesarios, de acuerdo a lo manifestado por la gerente, a m\u00e1s tardar en el mes de junio estar\u00eda implementada y funcionado la tarifa diferencial de TransCaribe para los beneficiarios.<\/p>\n<div class='cb-post-url-qr-code'><br><img src='https:\/\/api.qrserver.com\/v1\/create-qr-code\/?size=185x185&ecc=L&qzone=1&data=https%3A%2F%2Ftranscaribe.gov.co%2Findex.php%2Fnoticia%2Falcalde-dumek-turbay-sanciona-el-acuerdo-que-formaliza-la-tarifa-diferencial-de-transcaribe-para-adultos-mayores-estudiantes-y-personas-con-discapacidad%2F' alt='Alcalde Dumek Turbay sanciona el Acuerdo que formaliza la tarifa diferencial de TransCaribe para adultos mayores, estudiantes y personas con discapacidad'\/><\/div>","protected":false},"excerpt":{"rendered":"<p>Con la presencia de concejales y ante representantes de las poblaciones beneficiarias, el alcalde oficializ\u00f3 el acuerdo, cumpliendo as\u00ed un compromiso adquirido con estas comunidades, y haciendo realidad un antiguo anhelo de muchos cartageneros, al que solo este Gobierno le meti\u00f3 la ficha para materializarlo. Como un espacio hist\u00f3rico fue catalogado por el alcalde Dumek [&hellip;]<\/p>\n","protected":false},"author":3,"featured_media":4475,"menu_order":0,"comment_status":"open","ping_status":"open","template":"","format":"standard","meta":{"footnotes":""},"class_list":["post-8350","noticia","type-noticia","status-publish","format-standard","has-post-thumbnail","hentry"],"yoast_head":"<!-- This site is optimized with the Yoast SEO plugin v27.3 - https:\/\/yoast.com\/product\/yoast-seo-wordpress\/ -->\n<title>Alcalde Dumek Turbay sanciona el Acuerdo que formaliza la tarifa diferencial de TransCaribe para adultos mayores, estudiantes y personas con discapacidad -<\/title>\n<meta name=\"robots\" content=\"index, follow, max-snippet:-1, max-image-preview:large, max-video-preview:-1\" \/>\n<link rel=\"canonical\" href=\"https:\/\/transcaribe.gov.co\/index.php\/noticia\/alcalde-dumek-turbay-sanciona-el-acuerdo-que-formaliza-la-tarifa-diferencial-de-transcaribe-para-adultos-mayores-estudiantes-y-personas-con-discapacidad\/\" \/>\n<meta property=\"og:locale\" content=\"es_ES\" \/>\n<meta property=\"og:type\" content=\"article\" \/>\n<meta property=\"og:title\" content=\"Alcalde Dumek Turbay sanciona el Acuerdo que formaliza la tarifa diferencial de TransCaribe para adultos mayores, estudiantes y personas con discapacidad -\" \/>\n<meta property=\"og:description\" content=\"Con la presencia de concejales y ante representantes de las poblaciones beneficiarias, el alcalde oficializ\u00f3 el acuerdo, cumpliendo as\u00ed un compromiso adquirido con estas comunidades, y haciendo realidad un antiguo anhelo de muchos cartageneros, al que solo este Gobierno le meti\u00f3 la ficha para materializarlo. Como un espacio hist\u00f3rico fue catalogado por el alcalde Dumek [&hellip;]\" \/>\n<meta property=\"og:url\" content=\"https:\/\/transcaribe.gov.co\/index.php\/noticia\/alcalde-dumek-turbay-sanciona-el-acuerdo-que-formaliza-la-tarifa-diferencial-de-transcaribe-para-adultos-mayores-estudiantes-y-personas-con-discapacidad\/\" \/>\n<meta property=\"article:publisher\" content=\"https:\/\/www.facebook.com\/TranscaribeCTG\" \/>\n<meta property=\"article:modified_time\" content=\"2026-04-28T13:49:51+00:00\" \/>\n<meta property=\"og:image\" content=\"https:\/\/transcaribe.gov.co\/wp-content\/uploads\/2026\/04\/WhatsApp-Image-2026-04-28-at-08.46.11.jpeg\" \/>\n\t<meta property=\"og:image:width\" content=\"1280\" \/>\n\t<meta property=\"og:image:height\" content=\"854\" \/>\n\t<meta property=\"og:image:type\" content=\"image\/jpeg\" \/>\n<meta name=\"twitter:card\" content=\"summary_large_image\" \/>\n<meta name=\"twitter:site\" content=\"@transcaribeSITM\" \/>\n<meta name=\"twitter:label1\" content=\"Tiempo de lectura\" \/>\n\t<meta name=\"twitter:data1\" content=\"4 minutos\" \/>\n<script type=\"application\/ld+json\" class=\"yoast-schema-graph\">{\"@context\":\"https:\\\/\\\/schema.org\",\"@graph\":[{\"@type\":\"WebPage\",\"@id\":\"https:\\\/\\\/transcaribe.gov.co\\\/index.php\\\/noticia\\\/alcalde-dumek-turbay-sanciona-el-acuerdo-que-formaliza-la-tarifa-diferencial-de-transcaribe-para-adultos-mayores-estudiantes-y-personas-con-discapacidad\\\/\",\"url\":\"https:\\\/\\\/transcaribe.gov.co\\\/index.php\\\/noticia\\\/alcalde-dumek-turbay-sanciona-el-acuerdo-que-formaliza-la-tarifa-diferencial-de-transcaribe-para-adultos-mayores-estudiantes-y-personas-con-discapacidad\\\/\",\"name\":\"Alcalde Dumek Turbay sanciona el Acuerdo que formaliza la tarifa diferencial de TransCaribe para adultos mayores, estudiantes y personas con discapacidad -\",\"isPartOf\":{\"@id\":\"https:\\\/\\\/transcaribe.gov.co\\\/#website\"},\"primaryImageOfPage\":{\"@id\":\"https:\\\/\\\/transcaribe.gov.co\\\/index.php\\\/noticia\\\/alcalde-dumek-turbay-sanciona-el-acuerdo-que-formaliza-la-tarifa-diferencial-de-transcaribe-para-adultos-mayores-estudiantes-y-personas-con-discapacidad\\\/#primaryimage\"},\"image\":{\"@id\":\"https:\\\/\\\/transcaribe.gov.co\\\/index.php\\\/noticia\\\/alcalde-dumek-turbay-sanciona-el-acuerdo-que-formaliza-la-tarifa-diferencial-de-transcaribe-para-adultos-mayores-estudiantes-y-personas-con-discapacidad\\\/#primaryimage\"},\"thumbnailUrl\":\"https:\\\/\\\/transcaribe.gov.co\\\/wp-content\\\/uploads\\\/2023\\\/10\\\/cropped-Favicon_Transcaribe.png\",\"datePublished\":\"2026-04-27T17:47:16+00:00\",\"dateModified\":\"2026-04-28T13:49:51+00:00\",\"breadcrumb\":{\"@id\":\"https:\\\/\\\/transcaribe.gov.co\\\/index.php\\\/noticia\\\/alcalde-dumek-turbay-sanciona-el-acuerdo-que-formaliza-la-tarifa-diferencial-de-transcaribe-para-adultos-mayores-estudiantes-y-personas-con-discapacidad\\\/#breadcrumb\"},\"inLanguage\":\"es\",\"potentialAction\":[{\"@type\":\"ReadAction\",\"target\":[\"https:\\\/\\\/transcaribe.gov.co\\\/index.php\\\/noticia\\\/alcalde-dumek-turbay-sanciona-el-acuerdo-que-formaliza-la-tarifa-diferencial-de-transcaribe-para-adultos-mayores-estudiantes-y-personas-con-discapacidad\\\/\"]}]},{\"@type\":\"ImageObject\",\"inLanguage\":\"es\",\"@id\":\"https:\\\/\\\/transcaribe.gov.co\\\/index.php\\\/noticia\\\/alcalde-dumek-turbay-sanciona-el-acuerdo-que-formaliza-la-tarifa-diferencial-de-transcaribe-para-adultos-mayores-estudiantes-y-personas-con-discapacidad\\\/#primaryimage\",\"url\":\"https:\\\/\\\/transcaribe.gov.co\\\/wp-content\\\/uploads\\\/2023\\\/10\\\/cropped-Favicon_Transcaribe.png\",\"contentUrl\":\"https:\\\/\\\/transcaribe.gov.co\\\/wp-content\\\/uploads\\\/2023\\\/10\\\/cropped-Favicon_Transcaribe.png\",\"width\":512,\"height\":512},{\"@type\":\"BreadcrumbList\",\"@id\":\"https:\\\/\\\/transcaribe.gov.co\\\/index.php\\\/noticia\\\/alcalde-dumek-turbay-sanciona-el-acuerdo-que-formaliza-la-tarifa-diferencial-de-transcaribe-para-adultos-mayores-estudiantes-y-personas-con-discapacidad\\\/#breadcrumb\",\"itemListElement\":[{\"@type\":\"ListItem\",\"position\":1,\"name\":\"Portada\",\"item\":\"https:\\\/\\\/transcaribe.gov.co\\\/\"},{\"@type\":\"ListItem\",\"position\":2,\"name\":\"Alcalde Dumek Turbay sanciona el Acuerdo que formaliza la tarifa diferencial de TransCaribe para adultos mayores, estudiantes y personas con discapacidad\"}]},{\"@type\":\"WebSite\",\"@id\":\"https:\\\/\\\/transcaribe.gov.co\\\/#website\",\"url\":\"https:\\\/\\\/transcaribe.gov.co\\\/\",\"name\":\"TRANSCARIBE\",\"description\":\"\",\"publisher\":{\"@id\":\"https:\\\/\\\/transcaribe.gov.co\\\/#organization\"},\"potentialAction\":[{\"@type\":\"SearchAction\",\"target\":{\"@type\":\"EntryPoint\",\"urlTemplate\":\"https:\\\/\\\/transcaribe.gov.co\\\/?s={search_term_string}\"},\"query-input\":{\"@type\":\"PropertyValueSpecification\",\"valueRequired\":true,\"valueName\":\"search_term_string\"}}],\"inLanguage\":\"es\"},{\"@type\":\"Organization\",\"@id\":\"https:\\\/\\\/transcaribe.gov.co\\\/#organization\",\"name\":\"TRANSCARIBE S.A.\",\"url\":\"https:\\\/\\\/transcaribe.gov.co\\\/\",\"logo\":{\"@type\":\"ImageObject\",\"inLanguage\":\"es\",\"@id\":\"https:\\\/\\\/transcaribe.gov.co\\\/#\\\/schema\\\/logo\\\/image\\\/\",\"url\":\"https:\\\/\\\/transcaribe.gov.co\\\/wp-content\\\/uploads\\\/2023\\\/10\\\/cropped-Favicon_Transcaribe.png\",\"contentUrl\":\"https:\\\/\\\/transcaribe.gov.co\\\/wp-content\\\/uploads\\\/2023\\\/10\\\/cropped-Favicon_Transcaribe.png\",\"width\":512,\"height\":512,\"caption\":\"TRANSCARIBE S.A.\"},\"image\":{\"@id\":\"https:\\\/\\\/transcaribe.gov.co\\\/#\\\/schema\\\/logo\\\/image\\\/\"},\"sameAs\":[\"https:\\\/\\\/www.facebook.com\\\/TranscaribeCTG\",\"https:\\\/\\\/x.com\\\/transcaribeSITM\",\"https:\\\/\\\/www.instagram.com\\\/Transcaribecartagena\\\/\",\"https:\\\/\\\/www.youtube.com\\\/channel\\\/UCyM8-7H1Ux9hsYGlCkSkQaA\"]}]}<\/script>\n<!-- \/ Yoast SEO plugin. -->","yoast_head_json":{"title":"Alcalde Dumek Turbay sanciona el Acuerdo que formaliza la tarifa diferencial de TransCaribe para adultos mayores, estudiantes y personas con discapacidad -","robots":{"index":"index","follow":"follow","max-snippet":"max-snippet:-1","max-image-preview":"max-image-preview:large","max-video-preview":"max-video-preview:-1"},"canonical":"https:\/\/transcaribe.gov.co\/index.php\/noticia\/alcalde-dumek-turbay-sanciona-el-acuerdo-que-formaliza-la-tarifa-diferencial-de-transcaribe-para-adultos-mayores-estudiantes-y-personas-con-discapacidad\/","og_locale":"es_ES","og_type":"article","og_title":"Alcalde Dumek Turbay sanciona el Acuerdo que formaliza la tarifa diferencial de TransCaribe para adultos mayores, estudiantes y personas con discapacidad -","og_description":"Con la presencia de concejales y ante representantes de las poblaciones beneficiarias, el alcalde oficializ\u00f3 el acuerdo, cumpliendo as\u00ed un compromiso adquirido con estas comunidades, y haciendo realidad un antiguo anhelo de muchos cartageneros, al que solo este Gobierno le meti\u00f3 la ficha para materializarlo. Como un espacio hist\u00f3rico fue catalogado por el alcalde Dumek [&hellip;]","og_url":"https:\/\/transcaribe.gov.co\/index.php\/noticia\/alcalde-dumek-turbay-sanciona-el-acuerdo-que-formaliza-la-tarifa-diferencial-de-transcaribe-para-adultos-mayores-estudiantes-y-personas-con-discapacidad\/","article_publisher":"https:\/\/www.facebook.com\/TranscaribeCTG","article_modified_time":"2026-04-28T13:49:51+00:00","og_image":[{"width":1280,"height":854,"url":"https:\/\/transcaribe.gov.co\/wp-content\/uploads\/2026\/04\/WhatsApp-Image-2026-04-28-at-08.46.11.jpeg","type":"image\/jpeg"}],"twitter_card":"summary_large_image","twitter_site":"@transcaribeSITM","twitter_misc":{"Tiempo de lectura":"4 minutos"},"schema":{"@context":"https:\/\/schema.org","@graph":[{"@type":"WebPage","@id":"https:\/\/transcaribe.gov.co\/index.php\/noticia\/alcalde-dumek-turbay-sanciona-el-acuerdo-que-formaliza-la-tarifa-diferencial-de-transcaribe-para-adultos-mayores-estudiantes-y-personas-con-discapacidad\/","url":"https:\/\/transcaribe.gov.co\/index.php\/noticia\/alcalde-dumek-turbay-sanciona-el-acuerdo-que-formaliza-la-tarifa-diferencial-de-transcaribe-para-adultos-mayores-estudiantes-y-personas-con-discapacidad\/","name":"Alcalde Dumek Turbay sanciona el Acuerdo que formaliza la tarifa diferencial de TransCaribe para adultos mayores, estudiantes y personas con discapacidad -","isPartOf":{"@id":"https:\/\/transcaribe.gov.co\/#website"},"primaryImageOfPage":{"@id":"https:\/\/transcaribe.gov.co\/index.php\/noticia\/alcalde-dumek-turbay-sanciona-el-acuerdo-que-formaliza-la-tarifa-diferencial-de-transcaribe-para-adultos-mayores-estudiantes-y-personas-con-discapacidad\/#primaryimage"},"image":{"@id":"https:\/\/transcaribe.gov.co\/index.php\/noticia\/alcalde-dumek-turbay-sanciona-el-acuerdo-que-formaliza-la-tarifa-diferencial-de-transcaribe-para-adultos-mayores-estudiantes-y-personas-con-discapacidad\/#primaryimage"},"thumbnailUrl":"https:\/\/transcaribe.gov.co\/wp-content\/uploads\/2023\/10\/cropped-Favicon_Transcaribe.png","datePublished":"2026-04-27T17:47:16+00:00","dateModified":"2026-04-28T13:49:51+00:00","breadcrumb":{"@id":"https:\/\/transcaribe.gov.co\/index.php\/noticia\/alcalde-dumek-turbay-sanciona-el-acuerdo-que-formaliza-la-tarifa-diferencial-de-transcaribe-para-adultos-mayores-estudiantes-y-personas-con-discapacidad\/#breadcrumb"},"inLanguage":"es","potentialAction":[{"@type":"ReadAction","target":["https:\/\/transcaribe.gov.co\/index.php\/noticia\/alcalde-dumek-turbay-sanciona-el-acuerdo-que-formaliza-la-tarifa-diferencial-de-transcaribe-para-adultos-mayores-estudiantes-y-personas-con-discapacidad\/"]}]},{"@type":"ImageObject","inLanguage":"es","@id":"https:\/\/transcaribe.gov.co\/index.php\/noticia\/alcalde-dumek-turbay-sanciona-el-acuerdo-que-formaliza-la-tarifa-diferencial-de-transcaribe-para-adultos-mayores-estudiantes-y-personas-con-discapacidad\/#primaryimage","url":"https:\/\/transcaribe.gov.co\/wp-content\/uploads\/2023\/10\/cropped-Favicon_Transcaribe.png","contentUrl":"https:\/\/transcaribe.gov.co\/wp-content\/uploads\/2023\/10\/cropped-Favicon_Transcaribe.png","width":512,"height":512},{"@type":"BreadcrumbList","@id":"https:\/\/transcaribe.gov.co\/index.php\/noticia\/alcalde-dumek-turbay-sanciona-el-acuerdo-que-formaliza-la-tarifa-diferencial-de-transcaribe-para-adultos-mayores-estudiantes-y-personas-con-discapacidad\/#breadcrumb","itemListElement":[{"@type":"ListItem","position":1,"name":"Portada","item":"https:\/\/transcaribe.gov.co\/"},{"@type":"ListItem","position":2,"name":"Alcalde Dumek Turbay sanciona el Acuerdo que formaliza la tarifa diferencial de TransCaribe para adultos mayores, estudiantes y personas con discapacidad"}]},{"@type":"WebSite","@id":"https:\/\/transcaribe.gov.co\/#website","url":"https:\/\/transcaribe.gov.co\/","name":"TRANSCARIBE","description":"","publisher":{"@id":"https:\/\/transcaribe.gov.co\/#organization"},"potentialAction":[{"@type":"SearchAction","target":{"@type":"EntryPoint","urlTemplate":"https:\/\/transcaribe.gov.co\/?s={search_term_string}"},"query-input":{"@type":"PropertyValueSpecification","valueRequired":true,"valueName":"search_term_string"}}],"inLanguage":"es"},{"@type":"Organization","@id":"https:\/\/transcaribe.gov.co\/#organization","name":"TRANSCARIBE S.A.","url":"https:\/\/transcaribe.gov.co\/","logo":{"@type":"ImageObject","inLanguage":"es","@id":"https:\/\/transcaribe.gov.co\/#\/schema\/logo\/image\/","url":"https:\/\/transcaribe.gov.co\/wp-content\/uploads\/2023\/10\/cropped-Favicon_Transcaribe.png","contentUrl":"https:\/\/transcaribe.gov.co\/wp-content\/uploads\/2023\/10\/cropped-Favicon_Transcaribe.png","width":512,"height":512,"caption":"TRANSCARIBE S.A."},"image":{"@id":"https:\/\/transcaribe.gov.co\/#\/schema\/logo\/image\/"},"sameAs":["https:\/\/www.facebook.com\/TranscaribeCTG","https:\/\/x.com\/transcaribeSITM","https:\/\/www.instagram.com\/Transcaribecartagena\/","https:\/\/www.youtube.com\/channel\/UCyM8-7H1Ux9hsYGlCkSkQaA"]}]}},"_links":{"self":[{"href":"https:\/\/transcaribe.gov.co\/index.php\/wp-json\/wp\/v2\/noticia\/8350","targetHints":{"allow":["GET"]}}],"collection":[{"href":"https:\/\/transcaribe.gov.co\/index.php\/wp-json\/wp\/v2\/noticia"}],"about":[{"href":"https:\/\/transcaribe.gov.co\/index.php\/wp-json\/wp\/v2\/types\/noticia"}],"author":[{"embeddable":true,"href":"https:\/\/transcaribe.gov.co\/index.php\/wp-json\/wp\/v2\/users\/3"}],"replies":[{"embeddable":true,"href":"https:\/\/transcaribe.gov.co\/index.php\/wp-json\/wp\/v2\/comments?post=8350"}],"version-history":[{"count":1,"href":"https:\/\/transcaribe.gov.co\/index.php\/wp-json\/wp\/v2\/noticia\/8350\/revisions"}],"predecessor-version":[{"id":8352,"href":"https:\/\/transcaribe.gov.co\/index.php\/wp-json\/wp\/v2\/noticia\/8350\/revisions\/8352"}],"wp:featuredmedia":[{"embeddable":true,"href":"https:\/\/transcaribe.gov.co\/index.php\/wp-json\/wp\/v2\/media\/4475"}],"wp:attachment":[{"href":"https:\/\/transcaribe.gov.co\/index.php\/wp-json\/wp\/v2\/media?parent=8350"}],"curies":[{"name":"wp","href":"https:\/\/api.w.org\/{rel}","templated":true}]}}