{"id":8347,"date":"2026-04-26T14:43:56","date_gmt":"2026-04-26T19:43:56","guid":{"rendered":"https:\/\/transcaribe.gov.co\/?post_type=noticia&#038;p=8347"},"modified":"2026-04-26T14:43:56","modified_gmt":"2026-04-26T19:43:56","slug":"en-el-dia-de-los-ninos-ficci-y-transcaribe-les-regalaron-una-noche-de-cine-en-el-patio-portal","status":"publish","type":"noticia","link":"https:\/\/transcaribe.gov.co\/index.php\/noticia\/en-el-dia-de-los-ninos-ficci-y-transcaribe-les-regalaron-una-noche-de-cine-en-el-patio-portal\/","title":{"rendered":"En el D\u00eda de los Ni\u00f1os, FICCI y TransCaribe les regalaron una noche de cine en el Patio Portal"},"content":{"rendered":"<h3><em>Por primera vez, se realiz\u00f3 una proyecci\u00f3n cinematogr\u00e1fica en la infraestructura de un sistema de transporte masivo del pa\u00eds.<\/em><\/h3>\n<p><img fetchpriority=\"high\" decoding=\"async\" class=\"alignnone size-full wp-image-8348\" src=\"https:\/\/transcaribe.gov.co\/wp-content\/uploads\/2026\/04\/MEDIDOR-87.jpg\" alt=\"\" width=\"1280\" height=\"720\" srcset=\"https:\/\/transcaribe.gov.co\/wp-content\/uploads\/2026\/04\/MEDIDOR-87.jpg 1280w, https:\/\/transcaribe.gov.co\/wp-content\/uploads\/2026\/04\/MEDIDOR-87-300x169.jpg 300w, https:\/\/transcaribe.gov.co\/wp-content\/uploads\/2026\/04\/MEDIDOR-87-1024x576.jpg 1024w, https:\/\/transcaribe.gov.co\/wp-content\/uploads\/2026\/04\/MEDIDOR-87-768x432.jpg 768w\" sizes=\"(max-width: 1280px) 100vw, 1280px\" \/><\/p>\n<p>En el marco de una alianza institucional con el Festival Internacional de Cine de Cartagena de Indias (FICCI), TransCaribe realiz\u00f3 una jornada cultural para celebrar el D\u00eda del Ni\u00f1o, con la proyecci\u00f3n especial de cortometrajes en la plataforma alta del Patio Portal. La actividad cont\u00f3 con la participaci\u00f3n de m\u00e1s de cien ni\u00f1os, acompa\u00f1ados por sus padres y acompa\u00f1antes.<\/p>\n<p>La iniciativa marca un hito al convertirse en la primera vez en Colombia que un sistema de transporte masivo integra una proyecci\u00f3n cinematogr\u00e1fica dentro de su infraestructura operativa, promoviendo el uso de estos espacios como escenarios de encuentro comunitario, cultura y convivencia.<\/p>\n<p>La funci\u00f3n estuvo dedicada a ni\u00f1os y ni\u00f1as de distintas comunidades de Cartagena, quienes participaron en una experiencia pensada para el disfrute en familia, el fortalecimiento de v\u00ednculos y el acceso a contenidos culturales en entornos cotidianos de la ciudad.<\/p>\n<p>La muestra hizo parte de la secci\u00f3n \u201cDe Indias\u201d del FICCI 65, e incluy\u00f3 la proyecci\u00f3n de los cortometrajes \u201c\u00c1ngeles somos\u201d, \u201cEl reportaje\u201d, \u201cH\u00e9roes del silencio\u201d, \u201cKuagro\u201d, \u201cLa tinaja\u201d y \u201cPiratas de La Boquilla\u201d, producciones rodadas en el departamento de Bol\u00edvar que abordan tem\u00e1ticas relacionadas con la ni\u00f1ez, la imaginaci\u00f3n, la identidad cultural y las tradiciones del territorio.<\/p>\n<p>\u201cEste tipo de actividades contribuyen a consolidar el sistema no solo como un medio de transporte, sino como un espacio p\u00fablico que tambi\u00e9n promueve el acceso a la cultura, el arte y la integraci\u00f3n social. Adem\u00e1s, nos permiten formar y generar sentido de pertenencia por el sistema en estos ni\u00f1os, que son y ser\u00e1n nuestros usuarios del ma\u00f1ana\u201d, expres\u00f3 Ercilia Barrios Fl\u00f3rez, gerente de TransCaribe.<\/p>\n<p>La gerente tambi\u00e9n agradeci\u00f3 al FICCI por la articulaci\u00f3n institucional que hizo posible esta jornada, as\u00ed como a las familias participantes por su asistencia y disposici\u00f3n para compartir en un entorno seguro y dise\u00f1ado para el disfrute colectivo.<\/p>\n<div class='cb-post-url-qr-code'><br><img src='https:\/\/api.qrserver.com\/v1\/create-qr-code\/?size=185x185&ecc=L&qzone=1&data=https%3A%2F%2Ftranscaribe.gov.co%2Findex.php%2Fnoticia%2Fen-el-dia-de-los-ninos-ficci-y-transcaribe-les-regalaron-una-noche-de-cine-en-el-patio-portal%2F' alt='En el D\u00eda de los Ni\u00f1os, FICCI y TransCaribe les regalaron una noche de cine en el Patio Portal'\/><\/div>","protected":false},"excerpt":{"rendered":"<p>Por primera vez, se realiz\u00f3 una proyecci\u00f3n cinematogr\u00e1fica en la infraestructura de un sistema de transporte masivo del pa\u00eds. En el marco de una alianza institucional con el Festival Internacional de Cine de Cartagena de Indias (FICCI), TransCaribe realiz\u00f3 una jornada cultural para celebrar el D\u00eda del Ni\u00f1o, con la proyecci\u00f3n especial de cortometrajes en [&hellip;]<\/p>\n","protected":false},"author":3,"featured_media":8348,"menu_order":0,"comment_status":"open","ping_status":"open","template":"","format":"standard","meta":{"footnotes":""},"class_list":["post-8347","noticia","type-noticia","status-publish","format-standard","has-post-thumbnail","hentry"],"yoast_head":"<!-- This site is optimized with the Yoast SEO plugin v27.3 - https:\/\/yoast.com\/product\/yoast-seo-wordpress\/ -->\n<title>En el D\u00eda de los Ni\u00f1os, FICCI y TransCaribe les regalaron una noche de cine en el Patio Portal -<\/title>\n<meta name=\"robots\" content=\"index, follow, max-snippet:-1, max-image-preview:large, max-video-preview:-1\" \/>\n<link rel=\"canonical\" href=\"https:\/\/transcaribe.gov.co\/index.php\/noticia\/en-el-dia-de-los-ninos-ficci-y-transcaribe-les-regalaron-una-noche-de-cine-en-el-patio-portal\/\" \/>\n<meta property=\"og:locale\" content=\"es_ES\" \/>\n<meta property=\"og:type\" content=\"article\" \/>\n<meta property=\"og:title\" content=\"En el D\u00eda de los Ni\u00f1os, FICCI y TransCaribe les regalaron una noche de cine en el Patio Portal -\" \/>\n<meta property=\"og:description\" content=\"Por primera vez, se realiz\u00f3 una proyecci\u00f3n cinematogr\u00e1fica en la infraestructura de un sistema de transporte masivo del pa\u00eds. En el marco de una alianza institucional con el Festival Internacional de Cine de Cartagena de Indias (FICCI), TransCaribe realiz\u00f3 una jornada cultural para celebrar el D\u00eda del Ni\u00f1o, con la proyecci\u00f3n especial de cortometrajes en [&hellip;]\" \/>\n<meta property=\"og:url\" content=\"https:\/\/transcaribe.gov.co\/index.php\/noticia\/en-el-dia-de-los-ninos-ficci-y-transcaribe-les-regalaron-una-noche-de-cine-en-el-patio-portal\/\" \/>\n<meta property=\"article:publisher\" content=\"https:\/\/www.facebook.com\/TranscaribeCTG\" \/>\n<meta property=\"og:image\" content=\"https:\/\/transcaribe.gov.co\/wp-content\/uploads\/2026\/04\/MEDIDOR-87.jpg\" \/>\n\t<meta property=\"og:image:width\" content=\"1280\" \/>\n\t<meta property=\"og:image:height\" content=\"720\" \/>\n\t<meta property=\"og:image:type\" content=\"image\/jpeg\" \/>\n<meta name=\"twitter:card\" content=\"summary_large_image\" \/>\n<meta name=\"twitter:site\" content=\"@transcaribeSITM\" \/>\n<meta name=\"twitter:label1\" content=\"Tiempo de lectura\" \/>\n\t<meta name=\"twitter:data1\" content=\"2 minutos\" \/>\n<script type=\"application\/ld+json\" class=\"yoast-schema-graph\">{\"@context\":\"https:\\\/\\\/schema.org\",\"@graph\":[{\"@type\":\"WebPage\",\"@id\":\"https:\\\/\\\/transcaribe.gov.co\\\/index.php\\\/noticia\\\/en-el-dia-de-los-ninos-ficci-y-transcaribe-les-regalaron-una-noche-de-cine-en-el-patio-portal\\\/\",\"url\":\"https:\\\/\\\/transcaribe.gov.co\\\/index.php\\\/noticia\\\/en-el-dia-de-los-ninos-ficci-y-transcaribe-les-regalaron-una-noche-de-cine-en-el-patio-portal\\\/\",\"name\":\"En el D\u00eda de los Ni\u00f1os, FICCI y TransCaribe les regalaron una noche de cine en el Patio Portal -\",\"isPartOf\":{\"@id\":\"https:\\\/\\\/transcaribe.gov.co\\\/#website\"},\"primaryImageOfPage\":{\"@id\":\"https:\\\/\\\/transcaribe.gov.co\\\/index.php\\\/noticia\\\/en-el-dia-de-los-ninos-ficci-y-transcaribe-les-regalaron-una-noche-de-cine-en-el-patio-portal\\\/#primaryimage\"},\"image\":{\"@id\":\"https:\\\/\\\/transcaribe.gov.co\\\/index.php\\\/noticia\\\/en-el-dia-de-los-ninos-ficci-y-transcaribe-les-regalaron-una-noche-de-cine-en-el-patio-portal\\\/#primaryimage\"},\"thumbnailUrl\":\"https:\\\/\\\/transcaribe.gov.co\\\/wp-content\\\/uploads\\\/2026\\\/04\\\/MEDIDOR-87.jpg\",\"datePublished\":\"2026-04-26T19:43:56+00:00\",\"breadcrumb\":{\"@id\":\"https:\\\/\\\/transcaribe.gov.co\\\/index.php\\\/noticia\\\/en-el-dia-de-los-ninos-ficci-y-transcaribe-les-regalaron-una-noche-de-cine-en-el-patio-portal\\\/#breadcrumb\"},\"inLanguage\":\"es\",\"potentialAction\":[{\"@type\":\"ReadAction\",\"target\":[\"https:\\\/\\\/transcaribe.gov.co\\\/index.php\\\/noticia\\\/en-el-dia-de-los-ninos-ficci-y-transcaribe-les-regalaron-una-noche-de-cine-en-el-patio-portal\\\/\"]}]},{\"@type\":\"ImageObject\",\"inLanguage\":\"es\",\"@id\":\"https:\\\/\\\/transcaribe.gov.co\\\/index.php\\\/noticia\\\/en-el-dia-de-los-ninos-ficci-y-transcaribe-les-regalaron-una-noche-de-cine-en-el-patio-portal\\\/#primaryimage\",\"url\":\"https:\\\/\\\/transcaribe.gov.co\\\/wp-content\\\/uploads\\\/2026\\\/04\\\/MEDIDOR-87.jpg\",\"contentUrl\":\"https:\\\/\\\/transcaribe.gov.co\\\/wp-content\\\/uploads\\\/2026\\\/04\\\/MEDIDOR-87.jpg\",\"width\":1280,\"height\":720},{\"@type\":\"BreadcrumbList\",\"@id\":\"https:\\\/\\\/transcaribe.gov.co\\\/index.php\\\/noticia\\\/en-el-dia-de-los-ninos-ficci-y-transcaribe-les-regalaron-una-noche-de-cine-en-el-patio-portal\\\/#breadcrumb\",\"itemListElement\":[{\"@type\":\"ListItem\",\"position\":1,\"name\":\"Portada\",\"item\":\"https:\\\/\\\/transcaribe.gov.co\\\/\"},{\"@type\":\"ListItem\",\"position\":2,\"name\":\"En el D\u00eda de los Ni\u00f1os, FICCI y TransCaribe les regalaron una noche de cine en el Patio Portal\"}]},{\"@type\":\"WebSite\",\"@id\":\"https:\\\/\\\/transcaribe.gov.co\\\/#website\",\"url\":\"https:\\\/\\\/transcaribe.gov.co\\\/\",\"name\":\"TRANSCARIBE\",\"description\":\"\",\"publisher\":{\"@id\":\"https:\\\/\\\/transcaribe.gov.co\\\/#organization\"},\"potentialAction\":[{\"@type\":\"SearchAction\",\"target\":{\"@type\":\"EntryPoint\",\"urlTemplate\":\"https:\\\/\\\/transcaribe.gov.co\\\/?s={search_term_string}\"},\"query-input\":{\"@type\":\"PropertyValueSpecification\",\"valueRequired\":true,\"valueName\":\"search_term_string\"}}],\"inLanguage\":\"es\"},{\"@type\":\"Organization\",\"@id\":\"https:\\\/\\\/transcaribe.gov.co\\\/#organization\",\"name\":\"TRANSCARIBE S.A.\",\"url\":\"https:\\\/\\\/transcaribe.gov.co\\\/\",\"logo\":{\"@type\":\"ImageObject\",\"inLanguage\":\"es\",\"@id\":\"https:\\\/\\\/transcaribe.gov.co\\\/#\\\/schema\\\/logo\\\/image\\\/\",\"url\":\"https:\\\/\\\/transcaribe.gov.co\\\/wp-content\\\/uploads\\\/2023\\\/10\\\/cropped-Favicon_Transcaribe.png\",\"contentUrl\":\"https:\\\/\\\/transcaribe.gov.co\\\/wp-content\\\/uploads\\\/2023\\\/10\\\/cropped-Favicon_Transcaribe.png\",\"width\":512,\"height\":512,\"caption\":\"TRANSCARIBE S.A.\"},\"image\":{\"@id\":\"https:\\\/\\\/transcaribe.gov.co\\\/#\\\/schema\\\/logo\\\/image\\\/\"},\"sameAs\":[\"https:\\\/\\\/www.facebook.com\\\/TranscaribeCTG\",\"https:\\\/\\\/x.com\\\/transcaribeSITM\",\"https:\\\/\\\/www.instagram.com\\\/Transcaribecartagena\\\/\",\"https:\\\/\\\/www.youtube.com\\\/channel\\\/UCyM8-7H1Ux9hsYGlCkSkQaA\"]}]}<\/script>\n<!-- \/ Yoast SEO plugin. -->","yoast_head_json":{"title":"En el D\u00eda de los Ni\u00f1os, FICCI y TransCaribe les regalaron una noche de cine en el Patio Portal -","robots":{"index":"index","follow":"follow","max-snippet":"max-snippet:-1","max-image-preview":"max-image-preview:large","max-video-preview":"max-video-preview:-1"},"canonical":"https:\/\/transcaribe.gov.co\/index.php\/noticia\/en-el-dia-de-los-ninos-ficci-y-transcaribe-les-regalaron-una-noche-de-cine-en-el-patio-portal\/","og_locale":"es_ES","og_type":"article","og_title":"En el D\u00eda de los Ni\u00f1os, FICCI y TransCaribe les regalaron una noche de cine en el Patio Portal -","og_description":"Por primera vez, se realiz\u00f3 una proyecci\u00f3n cinematogr\u00e1fica en la infraestructura de un sistema de transporte masivo del pa\u00eds. En el marco de una alianza institucional con el Festival Internacional de Cine de Cartagena de Indias (FICCI), TransCaribe realiz\u00f3 una jornada cultural para celebrar el D\u00eda del Ni\u00f1o, con la proyecci\u00f3n especial de cortometrajes en [&hellip;]","og_url":"https:\/\/transcaribe.gov.co\/index.php\/noticia\/en-el-dia-de-los-ninos-ficci-y-transcaribe-les-regalaron-una-noche-de-cine-en-el-patio-portal\/","article_publisher":"https:\/\/www.facebook.com\/TranscaribeCTG","og_image":[{"width":1280,"height":720,"url":"https:\/\/transcaribe.gov.co\/wp-content\/uploads\/2026\/04\/MEDIDOR-87.jpg","type":"image\/jpeg"}],"twitter_card":"summary_large_image","twitter_site":"@transcaribeSITM","twitter_misc":{"Tiempo de lectura":"2 minutos"},"schema":{"@context":"https:\/\/schema.org","@graph":[{"@type":"WebPage","@id":"https:\/\/transcaribe.gov.co\/index.php\/noticia\/en-el-dia-de-los-ninos-ficci-y-transcaribe-les-regalaron-una-noche-de-cine-en-el-patio-portal\/","url":"https:\/\/transcaribe.gov.co\/index.php\/noticia\/en-el-dia-de-los-ninos-ficci-y-transcaribe-les-regalaron-una-noche-de-cine-en-el-patio-portal\/","name":"En el D\u00eda de los Ni\u00f1os, FICCI y TransCaribe les regalaron una noche de cine en el Patio Portal -","isPartOf":{"@id":"https:\/\/transcaribe.gov.co\/#website"},"primaryImageOfPage":{"@id":"https:\/\/transcaribe.gov.co\/index.php\/noticia\/en-el-dia-de-los-ninos-ficci-y-transcaribe-les-regalaron-una-noche-de-cine-en-el-patio-portal\/#primaryimage"},"image":{"@id":"https:\/\/transcaribe.gov.co\/index.php\/noticia\/en-el-dia-de-los-ninos-ficci-y-transcaribe-les-regalaron-una-noche-de-cine-en-el-patio-portal\/#primaryimage"},"thumbnailUrl":"https:\/\/transcaribe.gov.co\/wp-content\/uploads\/2026\/04\/MEDIDOR-87.jpg","datePublished":"2026-04-26T19:43:56+00:00","breadcrumb":{"@id":"https:\/\/transcaribe.gov.co\/index.php\/noticia\/en-el-dia-de-los-ninos-ficci-y-transcaribe-les-regalaron-una-noche-de-cine-en-el-patio-portal\/#breadcrumb"},"inLanguage":"es","potentialAction":[{"@type":"ReadAction","target":["https:\/\/transcaribe.gov.co\/index.php\/noticia\/en-el-dia-de-los-ninos-ficci-y-transcaribe-les-regalaron-una-noche-de-cine-en-el-patio-portal\/"]}]},{"@type":"ImageObject","inLanguage":"es","@id":"https:\/\/transcaribe.gov.co\/index.php\/noticia\/en-el-dia-de-los-ninos-ficci-y-transcaribe-les-regalaron-una-noche-de-cine-en-el-patio-portal\/#primaryimage","url":"https:\/\/transcaribe.gov.co\/wp-content\/uploads\/2026\/04\/MEDIDOR-87.jpg","contentUrl":"https:\/\/transcaribe.gov.co\/wp-content\/uploads\/2026\/04\/MEDIDOR-87.jpg","width":1280,"height":720},{"@type":"BreadcrumbList","@id":"https:\/\/transcaribe.gov.co\/index.php\/noticia\/en-el-dia-de-los-ninos-ficci-y-transcaribe-les-regalaron-una-noche-de-cine-en-el-patio-portal\/#breadcrumb","itemListElement":[{"@type":"ListItem","position":1,"name":"Portada","item":"https:\/\/transcaribe.gov.co\/"},{"@type":"ListItem","position":2,"name":"En el D\u00eda de los Ni\u00f1os, FICCI y TransCaribe les regalaron una noche de cine en el Patio Portal"}]},{"@type":"WebSite","@id":"https:\/\/transcaribe.gov.co\/#website","url":"https:\/\/transcaribe.gov.co\/","name":"TRANSCARIBE","description":"","publisher":{"@id":"https:\/\/transcaribe.gov.co\/#organization"},"potentialAction":[{"@type":"SearchAction","target":{"@type":"EntryPoint","urlTemplate":"https:\/\/transcaribe.gov.co\/?s={search_term_string}"},"query-input":{"@type":"PropertyValueSpecification","valueRequired":true,"valueName":"search_term_string"}}],"inLanguage":"es"},{"@type":"Organization","@id":"https:\/\/transcaribe.gov.co\/#organization","name":"TRANSCARIBE S.A.","url":"https:\/\/transcaribe.gov.co\/","logo":{"@type":"ImageObject","inLanguage":"es","@id":"https:\/\/transcaribe.gov.co\/#\/schema\/logo\/image\/","url":"https:\/\/transcaribe.gov.co\/wp-content\/uploads\/2023\/10\/cropped-Favicon_Transcaribe.png","contentUrl":"https:\/\/transcaribe.gov.co\/wp-content\/uploads\/2023\/10\/cropped-Favicon_Transcaribe.png","width":512,"height":512,"caption":"TRANSCARIBE S.A."},"image":{"@id":"https:\/\/transcaribe.gov.co\/#\/schema\/logo\/image\/"},"sameAs":["https:\/\/www.facebook.com\/TranscaribeCTG","https:\/\/x.com\/transcaribeSITM","https:\/\/www.instagram.com\/Transcaribecartagena\/","https:\/\/www.youtube.com\/channel\/UCyM8-7H1Ux9hsYGlCkSkQaA"]}]}},"_links":{"self":[{"href":"https:\/\/transcaribe.gov.co\/index.php\/wp-json\/wp\/v2\/noticia\/8347","targetHints":{"allow":["GET"]}}],"collection":[{"href":"https:\/\/transcaribe.gov.co\/index.php\/wp-json\/wp\/v2\/noticia"}],"about":[{"href":"https:\/\/transcaribe.gov.co\/index.php\/wp-json\/wp\/v2\/types\/noticia"}],"author":[{"embeddable":true,"href":"https:\/\/transcaribe.gov.co\/index.php\/wp-json\/wp\/v2\/users\/3"}],"replies":[{"embeddable":true,"href":"https:\/\/transcaribe.gov.co\/index.php\/wp-json\/wp\/v2\/comments?post=8347"}],"version-history":[{"count":1,"href":"https:\/\/transcaribe.gov.co\/index.php\/wp-json\/wp\/v2\/noticia\/8347\/revisions"}],"predecessor-version":[{"id":8349,"href":"https:\/\/transcaribe.gov.co\/index.php\/wp-json\/wp\/v2\/noticia\/8347\/revisions\/8349"}],"wp:featuredmedia":[{"embeddable":true,"href":"https:\/\/transcaribe.gov.co\/index.php\/wp-json\/wp\/v2\/media\/8348"}],"wp:attachment":[{"href":"https:\/\/transcaribe.gov.co\/index.php\/wp-json\/wp\/v2\/media?parent=8347"}],"curies":[{"name":"wp","href":"https:\/\/api.w.org\/{rel}","templated":true}]}}