{"id":8178,"date":"2026-03-18T09:05:45","date_gmt":"2026-03-18T14:05:45","guid":{"rendered":"https:\/\/transcaribe.gov.co\/?post_type=noticia&#038;p=8178"},"modified":"2026-03-24T09:06:37","modified_gmt":"2026-03-24T14:06:37","slug":"comunicado-de-transcaribe-sobre-accidente-con-fatalidad-en-cercanias-a-la-carcel-de-ternera","status":"publish","type":"noticia","link":"https:\/\/transcaribe.gov.co\/index.php\/noticia\/comunicado-de-transcaribe-sobre-accidente-con-fatalidad-en-cercanias-a-la-carcel-de-ternera\/","title":{"rendered":"Comunicado de TransCaribe sobre accidente con fatalidad en cercan\u00edas a la c\u00e1rcel de Ternera"},"content":{"rendered":"<p><img fetchpriority=\"high\" decoding=\"async\" class=\"alignnone size-full wp-image-6827\" src=\"https:\/\/transcaribe.gov.co\/wp-content\/uploads\/2025\/04\/MEDIDOR-16.jpg\" alt=\"\" width=\"1280\" height=\"720\" srcset=\"https:\/\/transcaribe.gov.co\/wp-content\/uploads\/2025\/04\/MEDIDOR-16.jpg 1280w, https:\/\/transcaribe.gov.co\/wp-content\/uploads\/2025\/04\/MEDIDOR-16-300x169.jpg 300w, https:\/\/transcaribe.gov.co\/wp-content\/uploads\/2025\/04\/MEDIDOR-16-1024x576.jpg 1024w, https:\/\/transcaribe.gov.co\/wp-content\/uploads\/2025\/04\/MEDIDOR-16-768x432.jpg 768w\" sizes=\"(max-width: 1280px) 100vw, 1280px\" \/><\/p>\n<p>TransCaribe S.A. lamenta informar que, pasadas las siete de la noche de este mi\u00e9rcoles, se registr\u00f3 un accidente que involucr\u00f3 a un veh\u00edculo del sistema, y un ciclista, arrojando como consecuencia el fallecimiento de este \u00faltimo.<\/p>\n<p>De acuerdo a las primeras indagaciones, el conductor de la bicicleta habr\u00eda perdido el control de su veh\u00edculo en la zona aleda\u00f1a a la c\u00e1rcel de Ternera, cayendo al pavimento.<\/p>\n<p>El operador del veh\u00edculo articulado TC11051 adscrito al concesionario Sotramac, y que cubr\u00eda en ese momento la ruta X106, no habr\u00eda alcanzado a frenar, arrollando al ciclista con las llantas traseras.<\/p>\n<p>El sistema lamenta profundamente esta situaci\u00f3n, y env\u00eda un mensaje de condolencias a los familiares y allegados de esta persona. Es el tercer accidente con fatalidad que involucra a un veh\u00edculo del sistema en lo corrido del 2026.<\/p>\n<p>De inmediato, y junto a las autoridades, se iniciaron las investigaciones correspondientes para esclarecer los hechos.<\/p>\n<p>De manera preventiva, TransCaribe suspendi\u00f3 el certificado de idoneidad del operador del veh\u00edculo, mientras se desarrollan las indagaciones correspondientes. Adem\u00e1s, Sotramac, concesionario empleador del operador, le brindar\u00e1 acompa\u00f1amiento y asistencia psicosocial.<\/p>\n<div class='cb-post-url-qr-code'><br><img src='https:\/\/api.qrserver.com\/v1\/create-qr-code\/?size=185x185&ecc=L&qzone=1&data=https%3A%2F%2Ftranscaribe.gov.co%2Findex.php%2Fnoticia%2Fcomunicado-de-transcaribe-sobre-accidente-con-fatalidad-en-cercanias-a-la-carcel-de-ternera%2F' alt='Comunicado de TransCaribe sobre accidente con fatalidad en cercan\u00edas a la c\u00e1rcel de Ternera'\/><\/div>","protected":false},"excerpt":{"rendered":"<p>TransCaribe S.A. lamenta informar que, pasadas las siete de la noche de este mi\u00e9rcoles, se registr\u00f3 un accidente que involucr\u00f3 a un veh\u00edculo del sistema, y un ciclista, arrojando como consecuencia el fallecimiento de este \u00faltimo. De acuerdo a las primeras indagaciones, el conductor de la bicicleta habr\u00eda perdido el control de su veh\u00edculo en [&hellip;]<\/p>\n","protected":false},"author":3,"featured_media":6827,"menu_order":0,"comment_status":"open","ping_status":"open","template":"","format":"standard","meta":{"footnotes":""},"class_list":["post-8178","noticia","type-noticia","status-publish","format-standard","has-post-thumbnail","hentry"],"yoast_head":"<!-- This site is optimized with the Yoast SEO plugin v27.3 - https:\/\/yoast.com\/product\/yoast-seo-wordpress\/ -->\n<title>Comunicado de TransCaribe sobre accidente con fatalidad en cercan\u00edas a la c\u00e1rcel de Ternera -<\/title>\n<meta name=\"robots\" content=\"index, follow, max-snippet:-1, max-image-preview:large, max-video-preview:-1\" \/>\n<link rel=\"canonical\" href=\"https:\/\/transcaribe.gov.co\/index.php\/noticia\/comunicado-de-transcaribe-sobre-accidente-con-fatalidad-en-cercanias-a-la-carcel-de-ternera\/\" \/>\n<meta property=\"og:locale\" content=\"es_ES\" \/>\n<meta property=\"og:type\" content=\"article\" \/>\n<meta property=\"og:title\" content=\"Comunicado de TransCaribe sobre accidente con fatalidad en cercan\u00edas a la c\u00e1rcel de Ternera -\" \/>\n<meta property=\"og:description\" content=\"TransCaribe S.A. lamenta informar que, pasadas las siete de la noche de este mi\u00e9rcoles, se registr\u00f3 un accidente que involucr\u00f3 a un veh\u00edculo del sistema, y un ciclista, arrojando como consecuencia el fallecimiento de este \u00faltimo. De acuerdo a las primeras indagaciones, el conductor de la bicicleta habr\u00eda perdido el control de su veh\u00edculo en [&hellip;]\" \/>\n<meta property=\"og:url\" content=\"https:\/\/transcaribe.gov.co\/index.php\/noticia\/comunicado-de-transcaribe-sobre-accidente-con-fatalidad-en-cercanias-a-la-carcel-de-ternera\/\" \/>\n<meta property=\"article:publisher\" content=\"https:\/\/www.facebook.com\/TranscaribeCTG\" \/>\n<meta property=\"article:modified_time\" content=\"2026-03-24T14:06:37+00:00\" \/>\n<meta property=\"og:image\" content=\"https:\/\/transcaribe.gov.co\/wp-content\/uploads\/2025\/04\/MEDIDOR-16.jpg\" \/>\n\t<meta property=\"og:image:width\" content=\"1280\" \/>\n\t<meta property=\"og:image:height\" content=\"720\" \/>\n\t<meta property=\"og:image:type\" content=\"image\/jpeg\" \/>\n<meta name=\"twitter:card\" content=\"summary_large_image\" \/>\n<meta name=\"twitter:site\" content=\"@transcaribeSITM\" \/>\n<meta name=\"twitter:label1\" content=\"Tiempo de lectura\" \/>\n\t<meta name=\"twitter:data1\" content=\"2 minutos\" \/>\n<script type=\"application\/ld+json\" class=\"yoast-schema-graph\">{\"@context\":\"https:\\\/\\\/schema.org\",\"@graph\":[{\"@type\":\"WebPage\",\"@id\":\"https:\\\/\\\/transcaribe.gov.co\\\/index.php\\\/noticia\\\/comunicado-de-transcaribe-sobre-accidente-con-fatalidad-en-cercanias-a-la-carcel-de-ternera\\\/\",\"url\":\"https:\\\/\\\/transcaribe.gov.co\\\/index.php\\\/noticia\\\/comunicado-de-transcaribe-sobre-accidente-con-fatalidad-en-cercanias-a-la-carcel-de-ternera\\\/\",\"name\":\"Comunicado de TransCaribe sobre accidente con fatalidad en cercan\u00edas a la c\u00e1rcel de Ternera -\",\"isPartOf\":{\"@id\":\"https:\\\/\\\/transcaribe.gov.co\\\/#website\"},\"primaryImageOfPage\":{\"@id\":\"https:\\\/\\\/transcaribe.gov.co\\\/index.php\\\/noticia\\\/comunicado-de-transcaribe-sobre-accidente-con-fatalidad-en-cercanias-a-la-carcel-de-ternera\\\/#primaryimage\"},\"image\":{\"@id\":\"https:\\\/\\\/transcaribe.gov.co\\\/index.php\\\/noticia\\\/comunicado-de-transcaribe-sobre-accidente-con-fatalidad-en-cercanias-a-la-carcel-de-ternera\\\/#primaryimage\"},\"thumbnailUrl\":\"https:\\\/\\\/transcaribe.gov.co\\\/wp-content\\\/uploads\\\/2025\\\/04\\\/MEDIDOR-16.jpg\",\"datePublished\":\"2026-03-18T14:05:45+00:00\",\"dateModified\":\"2026-03-24T14:06:37+00:00\",\"breadcrumb\":{\"@id\":\"https:\\\/\\\/transcaribe.gov.co\\\/index.php\\\/noticia\\\/comunicado-de-transcaribe-sobre-accidente-con-fatalidad-en-cercanias-a-la-carcel-de-ternera\\\/#breadcrumb\"},\"inLanguage\":\"es\",\"potentialAction\":[{\"@type\":\"ReadAction\",\"target\":[\"https:\\\/\\\/transcaribe.gov.co\\\/index.php\\\/noticia\\\/comunicado-de-transcaribe-sobre-accidente-con-fatalidad-en-cercanias-a-la-carcel-de-ternera\\\/\"]}]},{\"@type\":\"ImageObject\",\"inLanguage\":\"es\",\"@id\":\"https:\\\/\\\/transcaribe.gov.co\\\/index.php\\\/noticia\\\/comunicado-de-transcaribe-sobre-accidente-con-fatalidad-en-cercanias-a-la-carcel-de-ternera\\\/#primaryimage\",\"url\":\"https:\\\/\\\/transcaribe.gov.co\\\/wp-content\\\/uploads\\\/2025\\\/04\\\/MEDIDOR-16.jpg\",\"contentUrl\":\"https:\\\/\\\/transcaribe.gov.co\\\/wp-content\\\/uploads\\\/2025\\\/04\\\/MEDIDOR-16.jpg\",\"width\":1280,\"height\":720},{\"@type\":\"BreadcrumbList\",\"@id\":\"https:\\\/\\\/transcaribe.gov.co\\\/index.php\\\/noticia\\\/comunicado-de-transcaribe-sobre-accidente-con-fatalidad-en-cercanias-a-la-carcel-de-ternera\\\/#breadcrumb\",\"itemListElement\":[{\"@type\":\"ListItem\",\"position\":1,\"name\":\"Portada\",\"item\":\"https:\\\/\\\/transcaribe.gov.co\\\/\"},{\"@type\":\"ListItem\",\"position\":2,\"name\":\"Comunicado de TransCaribe sobre accidente con fatalidad en cercan\u00edas a la c\u00e1rcel de Ternera\"}]},{\"@type\":\"WebSite\",\"@id\":\"https:\\\/\\\/transcaribe.gov.co\\\/#website\",\"url\":\"https:\\\/\\\/transcaribe.gov.co\\\/\",\"name\":\"TRANSCARIBE\",\"description\":\"\",\"publisher\":{\"@id\":\"https:\\\/\\\/transcaribe.gov.co\\\/#organization\"},\"potentialAction\":[{\"@type\":\"SearchAction\",\"target\":{\"@type\":\"EntryPoint\",\"urlTemplate\":\"https:\\\/\\\/transcaribe.gov.co\\\/?s={search_term_string}\"},\"query-input\":{\"@type\":\"PropertyValueSpecification\",\"valueRequired\":true,\"valueName\":\"search_term_string\"}}],\"inLanguage\":\"es\"},{\"@type\":\"Organization\",\"@id\":\"https:\\\/\\\/transcaribe.gov.co\\\/#organization\",\"name\":\"TRANSCARIBE S.A.\",\"url\":\"https:\\\/\\\/transcaribe.gov.co\\\/\",\"logo\":{\"@type\":\"ImageObject\",\"inLanguage\":\"es\",\"@id\":\"https:\\\/\\\/transcaribe.gov.co\\\/#\\\/schema\\\/logo\\\/image\\\/\",\"url\":\"https:\\\/\\\/transcaribe.gov.co\\\/wp-content\\\/uploads\\\/2023\\\/10\\\/cropped-Favicon_Transcaribe.png\",\"contentUrl\":\"https:\\\/\\\/transcaribe.gov.co\\\/wp-content\\\/uploads\\\/2023\\\/10\\\/cropped-Favicon_Transcaribe.png\",\"width\":512,\"height\":512,\"caption\":\"TRANSCARIBE S.A.\"},\"image\":{\"@id\":\"https:\\\/\\\/transcaribe.gov.co\\\/#\\\/schema\\\/logo\\\/image\\\/\"},\"sameAs\":[\"https:\\\/\\\/www.facebook.com\\\/TranscaribeCTG\",\"https:\\\/\\\/x.com\\\/transcaribeSITM\",\"https:\\\/\\\/www.instagram.com\\\/Transcaribecartagena\\\/\",\"https:\\\/\\\/www.youtube.com\\\/channel\\\/UCyM8-7H1Ux9hsYGlCkSkQaA\"]}]}<\/script>\n<!-- \/ Yoast SEO plugin. -->","yoast_head_json":{"title":"Comunicado de TransCaribe sobre accidente con fatalidad en cercan\u00edas a la c\u00e1rcel de Ternera -","robots":{"index":"index","follow":"follow","max-snippet":"max-snippet:-1","max-image-preview":"max-image-preview:large","max-video-preview":"max-video-preview:-1"},"canonical":"https:\/\/transcaribe.gov.co\/index.php\/noticia\/comunicado-de-transcaribe-sobre-accidente-con-fatalidad-en-cercanias-a-la-carcel-de-ternera\/","og_locale":"es_ES","og_type":"article","og_title":"Comunicado de TransCaribe sobre accidente con fatalidad en cercan\u00edas a la c\u00e1rcel de Ternera -","og_description":"TransCaribe S.A. lamenta informar que, pasadas las siete de la noche de este mi\u00e9rcoles, se registr\u00f3 un accidente que involucr\u00f3 a un veh\u00edculo del sistema, y un ciclista, arrojando como consecuencia el fallecimiento de este \u00faltimo. De acuerdo a las primeras indagaciones, el conductor de la bicicleta habr\u00eda perdido el control de su veh\u00edculo en [&hellip;]","og_url":"https:\/\/transcaribe.gov.co\/index.php\/noticia\/comunicado-de-transcaribe-sobre-accidente-con-fatalidad-en-cercanias-a-la-carcel-de-ternera\/","article_publisher":"https:\/\/www.facebook.com\/TranscaribeCTG","article_modified_time":"2026-03-24T14:06:37+00:00","og_image":[{"width":1280,"height":720,"url":"https:\/\/transcaribe.gov.co\/wp-content\/uploads\/2025\/04\/MEDIDOR-16.jpg","type":"image\/jpeg"}],"twitter_card":"summary_large_image","twitter_site":"@transcaribeSITM","twitter_misc":{"Tiempo de lectura":"2 minutos"},"schema":{"@context":"https:\/\/schema.org","@graph":[{"@type":"WebPage","@id":"https:\/\/transcaribe.gov.co\/index.php\/noticia\/comunicado-de-transcaribe-sobre-accidente-con-fatalidad-en-cercanias-a-la-carcel-de-ternera\/","url":"https:\/\/transcaribe.gov.co\/index.php\/noticia\/comunicado-de-transcaribe-sobre-accidente-con-fatalidad-en-cercanias-a-la-carcel-de-ternera\/","name":"Comunicado de TransCaribe sobre accidente con fatalidad en cercan\u00edas a la c\u00e1rcel de Ternera -","isPartOf":{"@id":"https:\/\/transcaribe.gov.co\/#website"},"primaryImageOfPage":{"@id":"https:\/\/transcaribe.gov.co\/index.php\/noticia\/comunicado-de-transcaribe-sobre-accidente-con-fatalidad-en-cercanias-a-la-carcel-de-ternera\/#primaryimage"},"image":{"@id":"https:\/\/transcaribe.gov.co\/index.php\/noticia\/comunicado-de-transcaribe-sobre-accidente-con-fatalidad-en-cercanias-a-la-carcel-de-ternera\/#primaryimage"},"thumbnailUrl":"https:\/\/transcaribe.gov.co\/wp-content\/uploads\/2025\/04\/MEDIDOR-16.jpg","datePublished":"2026-03-18T14:05:45+00:00","dateModified":"2026-03-24T14:06:37+00:00","breadcrumb":{"@id":"https:\/\/transcaribe.gov.co\/index.php\/noticia\/comunicado-de-transcaribe-sobre-accidente-con-fatalidad-en-cercanias-a-la-carcel-de-ternera\/#breadcrumb"},"inLanguage":"es","potentialAction":[{"@type":"ReadAction","target":["https:\/\/transcaribe.gov.co\/index.php\/noticia\/comunicado-de-transcaribe-sobre-accidente-con-fatalidad-en-cercanias-a-la-carcel-de-ternera\/"]}]},{"@type":"ImageObject","inLanguage":"es","@id":"https:\/\/transcaribe.gov.co\/index.php\/noticia\/comunicado-de-transcaribe-sobre-accidente-con-fatalidad-en-cercanias-a-la-carcel-de-ternera\/#primaryimage","url":"https:\/\/transcaribe.gov.co\/wp-content\/uploads\/2025\/04\/MEDIDOR-16.jpg","contentUrl":"https:\/\/transcaribe.gov.co\/wp-content\/uploads\/2025\/04\/MEDIDOR-16.jpg","width":1280,"height":720},{"@type":"BreadcrumbList","@id":"https:\/\/transcaribe.gov.co\/index.php\/noticia\/comunicado-de-transcaribe-sobre-accidente-con-fatalidad-en-cercanias-a-la-carcel-de-ternera\/#breadcrumb","itemListElement":[{"@type":"ListItem","position":1,"name":"Portada","item":"https:\/\/transcaribe.gov.co\/"},{"@type":"ListItem","position":2,"name":"Comunicado de TransCaribe sobre accidente con fatalidad en cercan\u00edas a la c\u00e1rcel de Ternera"}]},{"@type":"WebSite","@id":"https:\/\/transcaribe.gov.co\/#website","url":"https:\/\/transcaribe.gov.co\/","name":"TRANSCARIBE","description":"","publisher":{"@id":"https:\/\/transcaribe.gov.co\/#organization"},"potentialAction":[{"@type":"SearchAction","target":{"@type":"EntryPoint","urlTemplate":"https:\/\/transcaribe.gov.co\/?s={search_term_string}"},"query-input":{"@type":"PropertyValueSpecification","valueRequired":true,"valueName":"search_term_string"}}],"inLanguage":"es"},{"@type":"Organization","@id":"https:\/\/transcaribe.gov.co\/#organization","name":"TRANSCARIBE S.A.","url":"https:\/\/transcaribe.gov.co\/","logo":{"@type":"ImageObject","inLanguage":"es","@id":"https:\/\/transcaribe.gov.co\/#\/schema\/logo\/image\/","url":"https:\/\/transcaribe.gov.co\/wp-content\/uploads\/2023\/10\/cropped-Favicon_Transcaribe.png","contentUrl":"https:\/\/transcaribe.gov.co\/wp-content\/uploads\/2023\/10\/cropped-Favicon_Transcaribe.png","width":512,"height":512,"caption":"TRANSCARIBE S.A."},"image":{"@id":"https:\/\/transcaribe.gov.co\/#\/schema\/logo\/image\/"},"sameAs":["https:\/\/www.facebook.com\/TranscaribeCTG","https:\/\/x.com\/transcaribeSITM","https:\/\/www.instagram.com\/Transcaribecartagena\/","https:\/\/www.youtube.com\/channel\/UCyM8-7H1Ux9hsYGlCkSkQaA"]}]}},"_links":{"self":[{"href":"https:\/\/transcaribe.gov.co\/index.php\/wp-json\/wp\/v2\/noticia\/8178","targetHints":{"allow":["GET"]}}],"collection":[{"href":"https:\/\/transcaribe.gov.co\/index.php\/wp-json\/wp\/v2\/noticia"}],"about":[{"href":"https:\/\/transcaribe.gov.co\/index.php\/wp-json\/wp\/v2\/types\/noticia"}],"author":[{"embeddable":true,"href":"https:\/\/transcaribe.gov.co\/index.php\/wp-json\/wp\/v2\/users\/3"}],"replies":[{"embeddable":true,"href":"https:\/\/transcaribe.gov.co\/index.php\/wp-json\/wp\/v2\/comments?post=8178"}],"version-history":[{"count":1,"href":"https:\/\/transcaribe.gov.co\/index.php\/wp-json\/wp\/v2\/noticia\/8178\/revisions"}],"predecessor-version":[{"id":8179,"href":"https:\/\/transcaribe.gov.co\/index.php\/wp-json\/wp\/v2\/noticia\/8178\/revisions\/8179"}],"wp:featuredmedia":[{"embeddable":true,"href":"https:\/\/transcaribe.gov.co\/index.php\/wp-json\/wp\/v2\/media\/6827"}],"wp:attachment":[{"href":"https:\/\/transcaribe.gov.co\/index.php\/wp-json\/wp\/v2\/media?parent=8178"}],"curies":[{"name":"wp","href":"https:\/\/api.w.org\/{rel}","templated":true}]}}