{"id":7524,"date":"2025-12-15T07:50:03","date_gmt":"2025-12-15T12:50:03","guid":{"rendered":"https:\/\/transcaribe.gov.co\/?post_type=noticia&#038;p=7524"},"modified":"2025-12-15T07:50:03","modified_gmt":"2025-12-15T12:50:03","slug":"en-sus-diez-anos-transcaribe-condecora-a-sus-operadores-de-excelencia","status":"publish","type":"noticia","link":"https:\/\/transcaribe.gov.co\/index.php\/noticia\/en-sus-diez-anos-transcaribe-condecora-a-sus-operadores-de-excelencia\/","title":{"rendered":"En sus diez a\u00f1os, TransCaribe condecora a sus \u201cOperadores de Excelencia\u201d"},"content":{"rendered":"<h3><em><strong>Quince operadores de las tres empresas concesionarias fueron exaltados por TransCaribe por su servicio y compromiso.<\/strong><\/em><\/h3>\n<p><img fetchpriority=\"high\" decoding=\"async\" class=\"alignnone size-full wp-image-7525\" src=\"https:\/\/transcaribe.gov.co\/wp-content\/uploads\/2025\/12\/MEDIDOR-60.jpg\" alt=\"\" width=\"1280\" height=\"720\" srcset=\"https:\/\/transcaribe.gov.co\/wp-content\/uploads\/2025\/12\/MEDIDOR-60.jpg 1280w, https:\/\/transcaribe.gov.co\/wp-content\/uploads\/2025\/12\/MEDIDOR-60-300x169.jpg 300w, https:\/\/transcaribe.gov.co\/wp-content\/uploads\/2025\/12\/MEDIDOR-60-1024x576.jpg 1024w, https:\/\/transcaribe.gov.co\/wp-content\/uploads\/2025\/12\/MEDIDOR-60-768x432.jpg 768w\" sizes=\"(max-width: 1280px) 100vw, 1280px\" \/><\/p>\n<p>TransCaribe, en el marco de la conmemoraci\u00f3n de los diez a\u00f1os de operaci\u00f3n, condecor\u00f3 a los cinco mejores operadores de cada una de las empresas concesionarias del sistema, reconociendo su dedicaci\u00f3n, compromiso y vocaci\u00f3n de servicio.<\/p>\n<p>Los conductores adscritos a Sotramac, Transambiental y Cartagena Complementaria Social de Indias -CCSI- fueron escogidos por sus compa\u00f1eros y empleadores, para ser exaltados como \u201cOperadores de Excelencia\u201d por su aporte a la operaci\u00f3n diaria de TransCaribe, y sus buenas pr\u00e1cticas al frente del volante.<\/p>\n<p><img decoding=\"async\" class=\"alignnone size-full wp-image-7526\" src=\"https:\/\/transcaribe.gov.co\/wp-content\/uploads\/2025\/12\/DSC_0143-scaled.jpg\" alt=\"\" width=\"2560\" height=\"1438\" srcset=\"https:\/\/transcaribe.gov.co\/wp-content\/uploads\/2025\/12\/DSC_0143-scaled.jpg 2560w, https:\/\/transcaribe.gov.co\/wp-content\/uploads\/2025\/12\/DSC_0143-300x169.jpg 300w, https:\/\/transcaribe.gov.co\/wp-content\/uploads\/2025\/12\/DSC_0143-1024x575.jpg 1024w, https:\/\/transcaribe.gov.co\/wp-content\/uploads\/2025\/12\/DSC_0143-768x431.jpg 768w, https:\/\/transcaribe.gov.co\/wp-content\/uploads\/2025\/12\/DSC_0143-1536x863.jpg 1536w, https:\/\/transcaribe.gov.co\/wp-content\/uploads\/2025\/12\/DSC_0143-2048x1150.jpg 2048w\" sizes=\"(max-width: 2560px) 100vw, 2560px\" \/> <img decoding=\"async\" class=\"alignnone size-full wp-image-7527\" src=\"https:\/\/transcaribe.gov.co\/wp-content\/uploads\/2025\/12\/DSC_0127-scaled.jpg\" alt=\"\" width=\"2560\" height=\"1438\" srcset=\"https:\/\/transcaribe.gov.co\/wp-content\/uploads\/2025\/12\/DSC_0127-scaled.jpg 2560w, https:\/\/transcaribe.gov.co\/wp-content\/uploads\/2025\/12\/DSC_0127-300x169.jpg 300w, https:\/\/transcaribe.gov.co\/wp-content\/uploads\/2025\/12\/DSC_0127-1024x575.jpg 1024w, https:\/\/transcaribe.gov.co\/wp-content\/uploads\/2025\/12\/DSC_0127-768x431.jpg 768w, https:\/\/transcaribe.gov.co\/wp-content\/uploads\/2025\/12\/DSC_0127-1536x863.jpg 1536w, https:\/\/transcaribe.gov.co\/wp-content\/uploads\/2025\/12\/DSC_0127-2048x1150.jpg 2048w\" sizes=\"(max-width: 2560px) 100vw, 2560px\" \/><\/p>\n<p>\u201cQuisimos hacer un reconocimiento personalizado a aquellos operadores del sistema de cada una de las empresas. Nuestra intenci\u00f3n es que cada uno de ellos reciban este reconocimiento por su labor de calidad y humana. Ellos son nuestra primera l\u00ednea, quienes reciben diariamente a los usuarios del sistema y los llevan de forma segura a sus destinos. Son agentes transformadores de ciudad, ellos transforman la vida de cada uno de los usuarios que se mueve en TransCaribe\u201d, resalt\u00f3 Ercilia Barrios Fl\u00f3rez, gerente de TransCaribe.<\/p>\n<p>Erika Heredia Arias, la primera mujer operadora de articulados en Cartagena, hizo parte del grupo de operadores de la empresa Sotramac que fueron condecorados. \u201cMe siento agradecida y afortunada por tan bonito reconocimiento. Esto me motiva a ser m\u00e1s apasionada por lo que hago y servirle a la comunidad\u201d, afirm\u00f3.<\/p>\n<blockquote class=\"instagram-media\" style=\"background: #FFF; border: 0; border-radius: 3px; box-shadow: 0 0 1px 0 rgba(0,0,0,0.5),0 1px 10px 0 rgba(0,0,0,0.15); margin: 1px; max-width: 540px; min-width: 326px; padding: 0; width: calc(100% - 2px);\" data-instgrm-captioned=\"\" data-instgrm-permalink=\"https:\/\/www.instagram.com\/reel\/DSLhlwZkXI1\/?utm_source=ig_embed&amp;utm_campaign=loading\" data-instgrm-version=\"14\">\n<div style=\"padding: 16px;\">\n<p>&nbsp;<\/p>\n<div style=\"display: flex; flex-direction: row; align-items: center;\">\n<div style=\"background-color: #f4f4f4; border-radius: 50%; flex-grow: 0; height: 40px; margin-right: 14px; width: 40px;\"><\/div>\n<div style=\"display: flex; flex-direction: column; flex-grow: 1; justify-content: center;\">\n<div style=\"background-color: #f4f4f4; border-radius: 4px; flex-grow: 0; height: 14px; margin-bottom: 6px; width: 100px;\"><\/div>\n<div style=\"background-color: #f4f4f4; border-radius: 4px; flex-grow: 0; height: 14px; width: 60px;\"><\/div>\n<\/div>\n<\/div>\n<div style=\"padding: 19% 0;\"><\/div>\n<div style=\"display: block; height: 50px; margin: 0 auto 12px; width: 50px;\"><\/div>\n<div style=\"padding-top: 8px;\">\n<div style=\"color: #3897f0; font-family: Arial,sans-serif; font-size: 14px; font-style: normal; font-weight: 550; line-height: 18px;\">Ver esta publicaci\u00f3n en Instagram<\/div>\n<\/div>\n<div style=\"padding: 12.5% 0;\"><\/div>\n<div style=\"display: flex; flex-direction: row; margin-bottom: 14px; align-items: center;\">\n<div>\n<div style=\"background-color: #f4f4f4; border-radius: 50%; height: 12.5px; width: 12.5px; transform: translateX(0px) translateY(7px);\"><\/div>\n<div style=\"background-color: #f4f4f4; height: 12.5px; transform: rotate(-45deg) translateX(3px) translateY(1px); width: 12.5px; flex-grow: 0; margin-right: 14px; margin-left: 2px;\"><\/div>\n<div style=\"background-color: #f4f4f4; border-radius: 50%; height: 12.5px; width: 12.5px; transform: translateX(9px) translateY(-18px);\"><\/div>\n<\/div>\n<div style=\"margin-left: 8px;\">\n<div style=\"background-color: #f4f4f4; border-radius: 50%; flex-grow: 0; height: 20px; width: 20px;\"><\/div>\n<div style=\"width: 0; height: 0; border-top: 2px solid transparent; border-left: 6px solid #f4f4f4; border-bottom: 2px solid transparent; transform: translateX(16px) translateY(-4px) rotate(30deg);\"><\/div>\n<\/div>\n<div style=\"margin-left: auto;\">\n<div style=\"width: 0px; border-top: 8px solid #F4F4F4; border-right: 8px solid transparent; transform: translateY(16px);\"><\/div>\n<div style=\"background-color: #f4f4f4; flex-grow: 0; height: 12px; width: 16px; transform: translateY(-4px);\"><\/div>\n<div style=\"width: 0; height: 0; border-top: 8px solid #F4F4F4; border-left: 8px solid transparent; transform: translateY(-4px) translateX(8px);\"><\/div>\n<\/div>\n<\/div>\n<div style=\"display: flex; flex-direction: column; flex-grow: 1; justify-content: center; margin-bottom: 24px;\">\n<div style=\"background-color: #f4f4f4; border-radius: 4px; flex-grow: 0; height: 14px; margin-bottom: 6px; width: 224px;\"><\/div>\n<div style=\"background-color: #f4f4f4; border-radius: 4px; flex-grow: 0; height: 14px; width: 144px;\"><\/div>\n<\/div>\n<p>&nbsp;<\/p>\n<p style=\"color: #c9c8cd; font-family: Arial,sans-serif; font-size: 14px; line-height: 17px; margin-bottom: 0; margin-top: 8px; overflow: hidden; padding: 8px 0 7px; text-align: center; text-overflow: ellipsis; white-space: nowrap;\"><a style=\"color: #c9c8cd; font-family: Arial,sans-serif; font-size: 14px; font-style: normal; font-weight: normal; line-height: 17px; text-decoration: none;\" href=\"https:\/\/www.instagram.com\/reel\/DSLhlwZkXI1\/?utm_source=ig_embed&amp;utm_campaign=loading\" target=\"_blank\" rel=\"noopener\">Una publicaci\u00f3n compartida por Transcaribe S.A. (@transcaribecartagena)<\/a><\/p>\n<\/div>\n<\/blockquote>\n<p><script async src=\"\/\/www.instagram.com\/embed.js\"><\/script><\/p>\n<blockquote class=\"instagram-media\" style=\"background: #FFF; border: 0; border-radius: 3px; box-shadow: 0 0 1px 0 rgba(0,0,0,0.5),0 1px 10px 0 rgba(0,0,0,0.15); margin: 1px; max-width: 540px; min-width: 326px; padding: 0; width: calc(100% - 2px);\" data-instgrm-captioned=\"\" data-instgrm-permalink=\"https:\/\/www.instagram.com\/reel\/DSLeBmakbOj\/?utm_source=ig_embed&amp;utm_campaign=loading\" data-instgrm-version=\"14\">\n<div style=\"padding: 16px;\">\n<p>&nbsp;<\/p>\n<div style=\"display: flex; flex-direction: row; align-items: center;\">\n<div style=\"background-color: #f4f4f4; border-radius: 50%; flex-grow: 0; height: 40px; margin-right: 14px; width: 40px;\"><\/div>\n<div style=\"display: flex; flex-direction: column; flex-grow: 1; justify-content: center;\">\n<div style=\"background-color: #f4f4f4; border-radius: 4px; flex-grow: 0; height: 14px; margin-bottom: 6px; width: 100px;\"><\/div>\n<div style=\"background-color: #f4f4f4; border-radius: 4px; flex-grow: 0; height: 14px; width: 60px;\"><\/div>\n<\/div>\n<\/div>\n<div style=\"padding: 19% 0;\"><\/div>\n<div style=\"display: block; height: 50px; margin: 0 auto 12px; width: 50px;\"><\/div>\n<div style=\"padding-top: 8px;\">\n<div style=\"color: #3897f0; font-family: Arial,sans-serif; font-size: 14px; font-style: normal; font-weight: 550; line-height: 18px;\">Ver esta publicaci\u00f3n en Instagram<\/div>\n<\/div>\n<div style=\"padding: 12.5% 0;\"><\/div>\n<div style=\"display: flex; flex-direction: row; margin-bottom: 14px; align-items: center;\">\n<div>\n<div style=\"background-color: #f4f4f4; border-radius: 50%; height: 12.5px; width: 12.5px; transform: translateX(0px) translateY(7px);\"><\/div>\n<div style=\"background-color: #f4f4f4; height: 12.5px; transform: rotate(-45deg) translateX(3px) translateY(1px); width: 12.5px; flex-grow: 0; margin-right: 14px; margin-left: 2px;\"><\/div>\n<div style=\"background-color: #f4f4f4; border-radius: 50%; height: 12.5px; width: 12.5px; transform: translateX(9px) translateY(-18px);\"><\/div>\n<\/div>\n<div style=\"margin-left: 8px;\">\n<div style=\"background-color: #f4f4f4; border-radius: 50%; flex-grow: 0; height: 20px; width: 20px;\"><\/div>\n<div style=\"width: 0; height: 0; border-top: 2px solid transparent; border-left: 6px solid #f4f4f4; border-bottom: 2px solid transparent; transform: translateX(16px) translateY(-4px) rotate(30deg);\"><\/div>\n<\/div>\n<div style=\"margin-left: auto;\">\n<div style=\"width: 0px; border-top: 8px solid #F4F4F4; border-right: 8px solid transparent; transform: translateY(16px);\"><\/div>\n<div style=\"background-color: #f4f4f4; flex-grow: 0; height: 12px; width: 16px; transform: translateY(-4px);\"><\/div>\n<div style=\"width: 0; height: 0; border-top: 8px solid #F4F4F4; border-left: 8px solid transparent; transform: translateY(-4px) translateX(8px);\"><\/div>\n<\/div>\n<\/div>\n<div style=\"display: flex; flex-direction: column; flex-grow: 1; justify-content: center; margin-bottom: 24px;\">\n<div style=\"background-color: #f4f4f4; border-radius: 4px; flex-grow: 0; height: 14px; margin-bottom: 6px; width: 224px;\"><\/div>\n<div style=\"background-color: #f4f4f4; border-radius: 4px; flex-grow: 0; height: 14px; width: 144px;\"><\/div>\n<\/div>\n<p>&nbsp;<\/p>\n<p style=\"color: #c9c8cd; font-family: Arial,sans-serif; font-size: 14px; line-height: 17px; margin-bottom: 0; margin-top: 8px; overflow: hidden; padding: 8px 0 7px; text-align: center; text-overflow: ellipsis; white-space: nowrap;\"><a style=\"color: #c9c8cd; font-family: Arial,sans-serif; font-size: 14px; font-style: normal; font-weight: normal; line-height: 17px; text-decoration: none;\" href=\"https:\/\/www.instagram.com\/reel\/DSLeBmakbOj\/?utm_source=ig_embed&amp;utm_campaign=loading\" target=\"_blank\" rel=\"noopener\">Una publicaci\u00f3n compartida por Transcaribe S.A. (@transcaribecartagena)<\/a><\/p>\n<\/div>\n<\/blockquote>\n<p><script async src=\"\/\/www.instagram.com\/embed.js\"><\/script><\/p>\n<p>De Sotramac tambi\u00e9n fueron condecorados los operadores Juan Santamar\u00eda P\u00e1jaro, Ermes de Jes\u00fas Serme\u00f1o Zapata, V\u00edctor Manuel Simancas Mendoza y Edgar Armando Arellano Barrios.<\/p>\n<p>A su vez, Luis Ballestas, adscrito a Cartagena Complementaria Social de Indias CCSI, y reconocido por su trayectoria y aporte al sistema, se\u00f1al\u00f3: \u201cEs un orgullo grande, nuestro esfuerzo ha sido importante. Mi mayor aprendizaje es saber que no solo conduzco un bus, sino que transporto personas que conf\u00edan en m\u00ed y eso me motiva a seguir adelante\u201d.<\/p>\n<p>Adem\u00e1s de Ballestas, fueron reconocidos en CCSI los operadores Norfi Antonio Berrocal Julio, Roberto Carlos Cervantes Pacheco, Sandro Fl\u00f3rez Mu\u00f1oz y Manuel Dar\u00edo P\u00e9rez Carmona.<\/p>\n<p><img loading=\"lazy\" decoding=\"async\" class=\"alignnone size-full wp-image-7528\" src=\"https:\/\/transcaribe.gov.co\/wp-content\/uploads\/2025\/12\/DSC_0110-scaled.jpg\" alt=\"\" width=\"2560\" height=\"1438\" srcset=\"https:\/\/transcaribe.gov.co\/wp-content\/uploads\/2025\/12\/DSC_0110-scaled.jpg 2560w, https:\/\/transcaribe.gov.co\/wp-content\/uploads\/2025\/12\/DSC_0110-300x169.jpg 300w, https:\/\/transcaribe.gov.co\/wp-content\/uploads\/2025\/12\/DSC_0110-1024x575.jpg 1024w, https:\/\/transcaribe.gov.co\/wp-content\/uploads\/2025\/12\/DSC_0110-768x431.jpg 768w, https:\/\/transcaribe.gov.co\/wp-content\/uploads\/2025\/12\/DSC_0110-1536x863.jpg 1536w, https:\/\/transcaribe.gov.co\/wp-content\/uploads\/2025\/12\/DSC_0110-2048x1150.jpg 2048w\" sizes=\"(max-width: 2560px) 100vw, 2560px\" \/> <img loading=\"lazy\" decoding=\"async\" class=\"alignnone size-full wp-image-7529\" src=\"https:\/\/transcaribe.gov.co\/wp-content\/uploads\/2025\/12\/DSC_0060-scaled.jpg\" alt=\"\" width=\"2560\" height=\"1438\" srcset=\"https:\/\/transcaribe.gov.co\/wp-content\/uploads\/2025\/12\/DSC_0060-scaled.jpg 2560w, https:\/\/transcaribe.gov.co\/wp-content\/uploads\/2025\/12\/DSC_0060-300x169.jpg 300w, https:\/\/transcaribe.gov.co\/wp-content\/uploads\/2025\/12\/DSC_0060-1024x575.jpg 1024w, https:\/\/transcaribe.gov.co\/wp-content\/uploads\/2025\/12\/DSC_0060-768x431.jpg 768w, https:\/\/transcaribe.gov.co\/wp-content\/uploads\/2025\/12\/DSC_0060-1536x863.jpg 1536w, https:\/\/transcaribe.gov.co\/wp-content\/uploads\/2025\/12\/DSC_0060-2048x1150.jpg 2048w\" sizes=\"(max-width: 2560px) 100vw, 2560px\" \/><\/p>\n<p>\u201cYo vengo del transporte p\u00fablico colectivo, de las busetas, y aqu\u00ed he podido capacitarme. El mensaje que doy a los compa\u00f1eros y los usuarios es que practiquemos la empat\u00eda y nos pongamos en los zapatos de las dem\u00e1s personas, para no tener conflictos\u201d, expres\u00f3 a su vez Juli\u00e1n Teher\u00e1n, conductor de la empresa Transambiental, quien tambi\u00e9n fue condecorado, junto a sus compa\u00f1eros Wilmer Contreras Mendoza, Wilman Mendivil Guzm\u00e1n, Rodrigo Madera Castro y Herlys Enrique Mendivil Garz\u00f3n.<\/p>\n<div class='cb-post-url-qr-code'><br><img src='https:\/\/api.qrserver.com\/v1\/create-qr-code\/?size=185x185&ecc=L&qzone=1&data=https%3A%2F%2Ftranscaribe.gov.co%2Findex.php%2Fnoticia%2Fen-sus-diez-anos-transcaribe-condecora-a-sus-operadores-de-excelencia%2F' alt='En sus diez a\u00f1os, TransCaribe condecora a sus \u201cOperadores de Excelencia\u201d'\/><\/div>","protected":false},"excerpt":{"rendered":"<p>Quince operadores de las tres empresas concesionarias fueron exaltados por TransCaribe por su servicio y compromiso. TransCaribe, en el marco de la conmemoraci\u00f3n de los diez a\u00f1os de operaci\u00f3n, condecor\u00f3 a los cinco mejores operadores de cada una de las empresas concesionarias del sistema, reconociendo su dedicaci\u00f3n, compromiso y vocaci\u00f3n de servicio. Los conductores adscritos [&hellip;]<\/p>\n","protected":false},"author":3,"featured_media":7525,"menu_order":0,"comment_status":"open","ping_status":"open","template":"","format":"standard","meta":{"footnotes":""},"class_list":["post-7524","noticia","type-noticia","status-publish","format-standard","has-post-thumbnail","hentry"],"yoast_head":"<!-- This site is optimized with the Yoast SEO plugin v27.3 - https:\/\/yoast.com\/product\/yoast-seo-wordpress\/ -->\n<title>En sus diez a\u00f1os, TransCaribe condecora a sus \u201cOperadores de Excelencia\u201d -<\/title>\n<meta name=\"robots\" content=\"index, follow, max-snippet:-1, max-image-preview:large, max-video-preview:-1\" \/>\n<link rel=\"canonical\" href=\"https:\/\/transcaribe.gov.co\/index.php\/noticia\/en-sus-diez-anos-transcaribe-condecora-a-sus-operadores-de-excelencia\/\" \/>\n<meta property=\"og:locale\" content=\"es_ES\" \/>\n<meta property=\"og:type\" content=\"article\" \/>\n<meta property=\"og:title\" content=\"En sus diez a\u00f1os, TransCaribe condecora a sus \u201cOperadores de Excelencia\u201d -\" \/>\n<meta property=\"og:description\" content=\"Quince operadores de las tres empresas concesionarias fueron exaltados por TransCaribe por su servicio y compromiso. TransCaribe, en el marco de la conmemoraci\u00f3n de los diez a\u00f1os de operaci\u00f3n, condecor\u00f3 a los cinco mejores operadores de cada una de las empresas concesionarias del sistema, reconociendo su dedicaci\u00f3n, compromiso y vocaci\u00f3n de servicio. Los conductores adscritos [&hellip;]\" \/>\n<meta property=\"og:url\" content=\"https:\/\/transcaribe.gov.co\/index.php\/noticia\/en-sus-diez-anos-transcaribe-condecora-a-sus-operadores-de-excelencia\/\" \/>\n<meta property=\"article:publisher\" content=\"https:\/\/www.facebook.com\/TranscaribeCTG\" \/>\n<meta property=\"og:image\" content=\"https:\/\/transcaribe.gov.co\/wp-content\/uploads\/2025\/12\/MEDIDOR-60.jpg\" \/>\n\t<meta property=\"og:image:width\" content=\"1280\" \/>\n\t<meta property=\"og:image:height\" content=\"720\" \/>\n\t<meta property=\"og:image:type\" content=\"image\/jpeg\" \/>\n<meta name=\"twitter:card\" content=\"summary_large_image\" \/>\n<meta name=\"twitter:site\" content=\"@transcaribeSITM\" \/>\n<meta name=\"twitter:label1\" content=\"Tiempo de lectura\" \/>\n\t<meta name=\"twitter:data1\" content=\"4 minutos\" \/>\n<script type=\"application\/ld+json\" class=\"yoast-schema-graph\">{\"@context\":\"https:\\\/\\\/schema.org\",\"@graph\":[{\"@type\":\"WebPage\",\"@id\":\"https:\\\/\\\/transcaribe.gov.co\\\/index.php\\\/noticia\\\/en-sus-diez-anos-transcaribe-condecora-a-sus-operadores-de-excelencia\\\/\",\"url\":\"https:\\\/\\\/transcaribe.gov.co\\\/index.php\\\/noticia\\\/en-sus-diez-anos-transcaribe-condecora-a-sus-operadores-de-excelencia\\\/\",\"name\":\"En sus diez a\u00f1os, TransCaribe condecora a sus \u201cOperadores de Excelencia\u201d -\",\"isPartOf\":{\"@id\":\"https:\\\/\\\/transcaribe.gov.co\\\/#website\"},\"primaryImageOfPage\":{\"@id\":\"https:\\\/\\\/transcaribe.gov.co\\\/index.php\\\/noticia\\\/en-sus-diez-anos-transcaribe-condecora-a-sus-operadores-de-excelencia\\\/#primaryimage\"},\"image\":{\"@id\":\"https:\\\/\\\/transcaribe.gov.co\\\/index.php\\\/noticia\\\/en-sus-diez-anos-transcaribe-condecora-a-sus-operadores-de-excelencia\\\/#primaryimage\"},\"thumbnailUrl\":\"https:\\\/\\\/transcaribe.gov.co\\\/wp-content\\\/uploads\\\/2025\\\/12\\\/MEDIDOR-60.jpg\",\"datePublished\":\"2025-12-15T12:50:03+00:00\",\"breadcrumb\":{\"@id\":\"https:\\\/\\\/transcaribe.gov.co\\\/index.php\\\/noticia\\\/en-sus-diez-anos-transcaribe-condecora-a-sus-operadores-de-excelencia\\\/#breadcrumb\"},\"inLanguage\":\"es\",\"potentialAction\":[{\"@type\":\"ReadAction\",\"target\":[\"https:\\\/\\\/transcaribe.gov.co\\\/index.php\\\/noticia\\\/en-sus-diez-anos-transcaribe-condecora-a-sus-operadores-de-excelencia\\\/\"]}]},{\"@type\":\"ImageObject\",\"inLanguage\":\"es\",\"@id\":\"https:\\\/\\\/transcaribe.gov.co\\\/index.php\\\/noticia\\\/en-sus-diez-anos-transcaribe-condecora-a-sus-operadores-de-excelencia\\\/#primaryimage\",\"url\":\"https:\\\/\\\/transcaribe.gov.co\\\/wp-content\\\/uploads\\\/2025\\\/12\\\/MEDIDOR-60.jpg\",\"contentUrl\":\"https:\\\/\\\/transcaribe.gov.co\\\/wp-content\\\/uploads\\\/2025\\\/12\\\/MEDIDOR-60.jpg\",\"width\":1280,\"height\":720},{\"@type\":\"BreadcrumbList\",\"@id\":\"https:\\\/\\\/transcaribe.gov.co\\\/index.php\\\/noticia\\\/en-sus-diez-anos-transcaribe-condecora-a-sus-operadores-de-excelencia\\\/#breadcrumb\",\"itemListElement\":[{\"@type\":\"ListItem\",\"position\":1,\"name\":\"Portada\",\"item\":\"https:\\\/\\\/transcaribe.gov.co\\\/\"},{\"@type\":\"ListItem\",\"position\":2,\"name\":\"En sus diez a\u00f1os, TransCaribe condecora a sus \u201cOperadores de Excelencia\u201d\"}]},{\"@type\":\"WebSite\",\"@id\":\"https:\\\/\\\/transcaribe.gov.co\\\/#website\",\"url\":\"https:\\\/\\\/transcaribe.gov.co\\\/\",\"name\":\"TRANSCARIBE\",\"description\":\"\",\"publisher\":{\"@id\":\"https:\\\/\\\/transcaribe.gov.co\\\/#organization\"},\"potentialAction\":[{\"@type\":\"SearchAction\",\"target\":{\"@type\":\"EntryPoint\",\"urlTemplate\":\"https:\\\/\\\/transcaribe.gov.co\\\/?s={search_term_string}\"},\"query-input\":{\"@type\":\"PropertyValueSpecification\",\"valueRequired\":true,\"valueName\":\"search_term_string\"}}],\"inLanguage\":\"es\"},{\"@type\":\"Organization\",\"@id\":\"https:\\\/\\\/transcaribe.gov.co\\\/#organization\",\"name\":\"TRANSCARIBE S.A.\",\"url\":\"https:\\\/\\\/transcaribe.gov.co\\\/\",\"logo\":{\"@type\":\"ImageObject\",\"inLanguage\":\"es\",\"@id\":\"https:\\\/\\\/transcaribe.gov.co\\\/#\\\/schema\\\/logo\\\/image\\\/\",\"url\":\"https:\\\/\\\/transcaribe.gov.co\\\/wp-content\\\/uploads\\\/2023\\\/10\\\/cropped-Favicon_Transcaribe.png\",\"contentUrl\":\"https:\\\/\\\/transcaribe.gov.co\\\/wp-content\\\/uploads\\\/2023\\\/10\\\/cropped-Favicon_Transcaribe.png\",\"width\":512,\"height\":512,\"caption\":\"TRANSCARIBE S.A.\"},\"image\":{\"@id\":\"https:\\\/\\\/transcaribe.gov.co\\\/#\\\/schema\\\/logo\\\/image\\\/\"},\"sameAs\":[\"https:\\\/\\\/www.facebook.com\\\/TranscaribeCTG\",\"https:\\\/\\\/x.com\\\/transcaribeSITM\",\"https:\\\/\\\/www.instagram.com\\\/Transcaribecartagena\\\/\",\"https:\\\/\\\/www.youtube.com\\\/channel\\\/UCyM8-7H1Ux9hsYGlCkSkQaA\"]}]}<\/script>\n<!-- \/ Yoast SEO plugin. -->","yoast_head_json":{"title":"En sus diez a\u00f1os, TransCaribe condecora a sus \u201cOperadores de Excelencia\u201d -","robots":{"index":"index","follow":"follow","max-snippet":"max-snippet:-1","max-image-preview":"max-image-preview:large","max-video-preview":"max-video-preview:-1"},"canonical":"https:\/\/transcaribe.gov.co\/index.php\/noticia\/en-sus-diez-anos-transcaribe-condecora-a-sus-operadores-de-excelencia\/","og_locale":"es_ES","og_type":"article","og_title":"En sus diez a\u00f1os, TransCaribe condecora a sus \u201cOperadores de Excelencia\u201d -","og_description":"Quince operadores de las tres empresas concesionarias fueron exaltados por TransCaribe por su servicio y compromiso. TransCaribe, en el marco de la conmemoraci\u00f3n de los diez a\u00f1os de operaci\u00f3n, condecor\u00f3 a los cinco mejores operadores de cada una de las empresas concesionarias del sistema, reconociendo su dedicaci\u00f3n, compromiso y vocaci\u00f3n de servicio. Los conductores adscritos [&hellip;]","og_url":"https:\/\/transcaribe.gov.co\/index.php\/noticia\/en-sus-diez-anos-transcaribe-condecora-a-sus-operadores-de-excelencia\/","article_publisher":"https:\/\/www.facebook.com\/TranscaribeCTG","og_image":[{"width":1280,"height":720,"url":"https:\/\/transcaribe.gov.co\/wp-content\/uploads\/2025\/12\/MEDIDOR-60.jpg","type":"image\/jpeg"}],"twitter_card":"summary_large_image","twitter_site":"@transcaribeSITM","twitter_misc":{"Tiempo de lectura":"4 minutos"},"schema":{"@context":"https:\/\/schema.org","@graph":[{"@type":"WebPage","@id":"https:\/\/transcaribe.gov.co\/index.php\/noticia\/en-sus-diez-anos-transcaribe-condecora-a-sus-operadores-de-excelencia\/","url":"https:\/\/transcaribe.gov.co\/index.php\/noticia\/en-sus-diez-anos-transcaribe-condecora-a-sus-operadores-de-excelencia\/","name":"En sus diez a\u00f1os, TransCaribe condecora a sus \u201cOperadores de Excelencia\u201d -","isPartOf":{"@id":"https:\/\/transcaribe.gov.co\/#website"},"primaryImageOfPage":{"@id":"https:\/\/transcaribe.gov.co\/index.php\/noticia\/en-sus-diez-anos-transcaribe-condecora-a-sus-operadores-de-excelencia\/#primaryimage"},"image":{"@id":"https:\/\/transcaribe.gov.co\/index.php\/noticia\/en-sus-diez-anos-transcaribe-condecora-a-sus-operadores-de-excelencia\/#primaryimage"},"thumbnailUrl":"https:\/\/transcaribe.gov.co\/wp-content\/uploads\/2025\/12\/MEDIDOR-60.jpg","datePublished":"2025-12-15T12:50:03+00:00","breadcrumb":{"@id":"https:\/\/transcaribe.gov.co\/index.php\/noticia\/en-sus-diez-anos-transcaribe-condecora-a-sus-operadores-de-excelencia\/#breadcrumb"},"inLanguage":"es","potentialAction":[{"@type":"ReadAction","target":["https:\/\/transcaribe.gov.co\/index.php\/noticia\/en-sus-diez-anos-transcaribe-condecora-a-sus-operadores-de-excelencia\/"]}]},{"@type":"ImageObject","inLanguage":"es","@id":"https:\/\/transcaribe.gov.co\/index.php\/noticia\/en-sus-diez-anos-transcaribe-condecora-a-sus-operadores-de-excelencia\/#primaryimage","url":"https:\/\/transcaribe.gov.co\/wp-content\/uploads\/2025\/12\/MEDIDOR-60.jpg","contentUrl":"https:\/\/transcaribe.gov.co\/wp-content\/uploads\/2025\/12\/MEDIDOR-60.jpg","width":1280,"height":720},{"@type":"BreadcrumbList","@id":"https:\/\/transcaribe.gov.co\/index.php\/noticia\/en-sus-diez-anos-transcaribe-condecora-a-sus-operadores-de-excelencia\/#breadcrumb","itemListElement":[{"@type":"ListItem","position":1,"name":"Portada","item":"https:\/\/transcaribe.gov.co\/"},{"@type":"ListItem","position":2,"name":"En sus diez a\u00f1os, TransCaribe condecora a sus \u201cOperadores de Excelencia\u201d"}]},{"@type":"WebSite","@id":"https:\/\/transcaribe.gov.co\/#website","url":"https:\/\/transcaribe.gov.co\/","name":"TRANSCARIBE","description":"","publisher":{"@id":"https:\/\/transcaribe.gov.co\/#organization"},"potentialAction":[{"@type":"SearchAction","target":{"@type":"EntryPoint","urlTemplate":"https:\/\/transcaribe.gov.co\/?s={search_term_string}"},"query-input":{"@type":"PropertyValueSpecification","valueRequired":true,"valueName":"search_term_string"}}],"inLanguage":"es"},{"@type":"Organization","@id":"https:\/\/transcaribe.gov.co\/#organization","name":"TRANSCARIBE S.A.","url":"https:\/\/transcaribe.gov.co\/","logo":{"@type":"ImageObject","inLanguage":"es","@id":"https:\/\/transcaribe.gov.co\/#\/schema\/logo\/image\/","url":"https:\/\/transcaribe.gov.co\/wp-content\/uploads\/2023\/10\/cropped-Favicon_Transcaribe.png","contentUrl":"https:\/\/transcaribe.gov.co\/wp-content\/uploads\/2023\/10\/cropped-Favicon_Transcaribe.png","width":512,"height":512,"caption":"TRANSCARIBE S.A."},"image":{"@id":"https:\/\/transcaribe.gov.co\/#\/schema\/logo\/image\/"},"sameAs":["https:\/\/www.facebook.com\/TranscaribeCTG","https:\/\/x.com\/transcaribeSITM","https:\/\/www.instagram.com\/Transcaribecartagena\/","https:\/\/www.youtube.com\/channel\/UCyM8-7H1Ux9hsYGlCkSkQaA"]}]}},"_links":{"self":[{"href":"https:\/\/transcaribe.gov.co\/index.php\/wp-json\/wp\/v2\/noticia\/7524","targetHints":{"allow":["GET"]}}],"collection":[{"href":"https:\/\/transcaribe.gov.co\/index.php\/wp-json\/wp\/v2\/noticia"}],"about":[{"href":"https:\/\/transcaribe.gov.co\/index.php\/wp-json\/wp\/v2\/types\/noticia"}],"author":[{"embeddable":true,"href":"https:\/\/transcaribe.gov.co\/index.php\/wp-json\/wp\/v2\/users\/3"}],"replies":[{"embeddable":true,"href":"https:\/\/transcaribe.gov.co\/index.php\/wp-json\/wp\/v2\/comments?post=7524"}],"version-history":[{"count":1,"href":"https:\/\/transcaribe.gov.co\/index.php\/wp-json\/wp\/v2\/noticia\/7524\/revisions"}],"predecessor-version":[{"id":7530,"href":"https:\/\/transcaribe.gov.co\/index.php\/wp-json\/wp\/v2\/noticia\/7524\/revisions\/7530"}],"wp:featuredmedia":[{"embeddable":true,"href":"https:\/\/transcaribe.gov.co\/index.php\/wp-json\/wp\/v2\/media\/7525"}],"wp:attachment":[{"href":"https:\/\/transcaribe.gov.co\/index.php\/wp-json\/wp\/v2\/media?parent=7524"}],"curies":[{"name":"wp","href":"https:\/\/api.w.org\/{rel}","templated":true}]}}