{"id":7520,"date":"2025-12-05T07:45:25","date_gmt":"2025-12-05T12:45:25","guid":{"rendered":"https:\/\/transcaribe.gov.co\/?post_type=noticia&#038;p=7520"},"modified":"2025-12-15T07:47:11","modified_gmt":"2025-12-15T12:47:11","slug":"comunicado-de-transcaribe-sobre-protesta-de-algunos-operadores","status":"publish","type":"noticia","link":"https:\/\/transcaribe.gov.co\/index.php\/noticia\/comunicado-de-transcaribe-sobre-protesta-de-algunos-operadores\/","title":{"rendered":"Comunicado de TransCaribe sobre protesta de algunos operadores"},"content":{"rendered":"<p><img fetchpriority=\"high\" decoding=\"async\" class=\"alignnone size-full wp-image-7366\" src=\"https:\/\/transcaribe.gov.co\/wp-content\/uploads\/2025\/11\/MEDIDOR-2025-11-08T094122.562.jpg\" alt=\"\" width=\"1280\" height=\"720\" srcset=\"https:\/\/transcaribe.gov.co\/wp-content\/uploads\/2025\/11\/MEDIDOR-2025-11-08T094122.562.jpg 1280w, https:\/\/transcaribe.gov.co\/wp-content\/uploads\/2025\/11\/MEDIDOR-2025-11-08T094122.562-300x169.jpg 300w, https:\/\/transcaribe.gov.co\/wp-content\/uploads\/2025\/11\/MEDIDOR-2025-11-08T094122.562-1024x576.jpg 1024w, https:\/\/transcaribe.gov.co\/wp-content\/uploads\/2025\/11\/MEDIDOR-2025-11-08T094122.562-768x432.jpg 768w\" sizes=\"(max-width: 1280px) 100vw, 1280px\" \/><\/p>\n<p>Algunos operadores adscritos al operador dos del SITM, ejerciendo su derecho a la protesta, han decidido parar sus labores hoy, alegando que la empresa contratista CCSI est\u00e1 retrasada con sus pagos.<\/p>\n<p>Para tener contexto, la porci\u00f3n dos del sistema, conocida como TransCaribe Operador, es operada por la empresa privada CCSI, a trav\u00e9s de un contrato con TransCaribe para la prestaci\u00f3n de este servicio.<\/p>\n<p>La situaci\u00f3n est\u00e1 provocando afectaciones en rutas como C017, C018, X105 y C001, para la cual estamos implementando algunas medidas de contingencia.<\/p>\n<p>En estos momentos, la Gerencia de TransCaribe adelanta di\u00e1logos con las directivas de la empresa privada CCSI, contratista que opera la porci\u00f3n dos del sistema, para poder solucionar esta situaci\u00f3n en el menor tiempo posible.<\/p>\n<p>Asimismo, la gerente de TransCaribe se reunir\u00e1 en minutos con los operadores que mantienen la protesta en el patio dos.<\/p>\n<div class='cb-post-url-qr-code'><br><img src='https:\/\/api.qrserver.com\/v1\/create-qr-code\/?size=185x185&ecc=L&qzone=1&data=https%3A%2F%2Ftranscaribe.gov.co%2Findex.php%2Fnoticia%2Fcomunicado-de-transcaribe-sobre-protesta-de-algunos-operadores%2F' alt='Comunicado de TransCaribe sobre protesta de algunos operadores'\/><\/div>","protected":false},"excerpt":{"rendered":"<p>Algunos operadores adscritos al operador dos del SITM, ejerciendo su derecho a la protesta, han decidido parar sus labores hoy, alegando que la empresa contratista CCSI est\u00e1 retrasada con sus pagos. Para tener contexto, la porci\u00f3n dos del sistema, conocida como TransCaribe Operador, es operada por la empresa privada CCSI, a trav\u00e9s de un contrato [&hellip;]<\/p>\n","protected":false},"author":3,"featured_media":7366,"menu_order":0,"comment_status":"open","ping_status":"open","template":"","format":"standard","meta":{"footnotes":""},"class_list":["post-7520","noticia","type-noticia","status-publish","format-standard","has-post-thumbnail","hentry"],"yoast_head":"<!-- This site is optimized with the Yoast SEO plugin v27.3 - https:\/\/yoast.com\/product\/yoast-seo-wordpress\/ -->\n<title>Comunicado de TransCaribe sobre protesta de algunos operadores -<\/title>\n<meta name=\"robots\" content=\"index, follow, max-snippet:-1, max-image-preview:large, max-video-preview:-1\" \/>\n<link rel=\"canonical\" href=\"https:\/\/transcaribe.gov.co\/index.php\/noticia\/comunicado-de-transcaribe-sobre-protesta-de-algunos-operadores\/\" \/>\n<meta property=\"og:locale\" content=\"es_ES\" \/>\n<meta property=\"og:type\" content=\"article\" \/>\n<meta property=\"og:title\" content=\"Comunicado de TransCaribe sobre protesta de algunos operadores -\" \/>\n<meta property=\"og:description\" content=\"Algunos operadores adscritos al operador dos del SITM, ejerciendo su derecho a la protesta, han decidido parar sus labores hoy, alegando que la empresa contratista CCSI est\u00e1 retrasada con sus pagos. Para tener contexto, la porci\u00f3n dos del sistema, conocida como TransCaribe Operador, es operada por la empresa privada CCSI, a trav\u00e9s de un contrato [&hellip;]\" \/>\n<meta property=\"og:url\" content=\"https:\/\/transcaribe.gov.co\/index.php\/noticia\/comunicado-de-transcaribe-sobre-protesta-de-algunos-operadores\/\" \/>\n<meta property=\"article:publisher\" content=\"https:\/\/www.facebook.com\/TranscaribeCTG\" \/>\n<meta property=\"article:modified_time\" content=\"2025-12-15T12:47:11+00:00\" \/>\n<meta property=\"og:image\" content=\"https:\/\/transcaribe.gov.co\/wp-content\/uploads\/2025\/11\/MEDIDOR-2025-11-08T094122.562.jpg\" \/>\n\t<meta property=\"og:image:width\" content=\"1280\" \/>\n\t<meta property=\"og:image:height\" content=\"720\" \/>\n\t<meta property=\"og:image:type\" content=\"image\/jpeg\" \/>\n<meta name=\"twitter:card\" content=\"summary_large_image\" \/>\n<meta name=\"twitter:site\" content=\"@transcaribeSITM\" \/>\n<meta name=\"twitter:label1\" content=\"Tiempo de lectura\" \/>\n\t<meta name=\"twitter:data1\" content=\"1 minuto\" \/>\n<script type=\"application\/ld+json\" class=\"yoast-schema-graph\">{\"@context\":\"https:\\\/\\\/schema.org\",\"@graph\":[{\"@type\":\"WebPage\",\"@id\":\"https:\\\/\\\/transcaribe.gov.co\\\/index.php\\\/noticia\\\/comunicado-de-transcaribe-sobre-protesta-de-algunos-operadores\\\/\",\"url\":\"https:\\\/\\\/transcaribe.gov.co\\\/index.php\\\/noticia\\\/comunicado-de-transcaribe-sobre-protesta-de-algunos-operadores\\\/\",\"name\":\"Comunicado de TransCaribe sobre protesta de algunos operadores -\",\"isPartOf\":{\"@id\":\"https:\\\/\\\/transcaribe.gov.co\\\/#website\"},\"primaryImageOfPage\":{\"@id\":\"https:\\\/\\\/transcaribe.gov.co\\\/index.php\\\/noticia\\\/comunicado-de-transcaribe-sobre-protesta-de-algunos-operadores\\\/#primaryimage\"},\"image\":{\"@id\":\"https:\\\/\\\/transcaribe.gov.co\\\/index.php\\\/noticia\\\/comunicado-de-transcaribe-sobre-protesta-de-algunos-operadores\\\/#primaryimage\"},\"thumbnailUrl\":\"https:\\\/\\\/transcaribe.gov.co\\\/wp-content\\\/uploads\\\/2025\\\/11\\\/MEDIDOR-2025-11-08T094122.562.jpg\",\"datePublished\":\"2025-12-05T12:45:25+00:00\",\"dateModified\":\"2025-12-15T12:47:11+00:00\",\"breadcrumb\":{\"@id\":\"https:\\\/\\\/transcaribe.gov.co\\\/index.php\\\/noticia\\\/comunicado-de-transcaribe-sobre-protesta-de-algunos-operadores\\\/#breadcrumb\"},\"inLanguage\":\"es\",\"potentialAction\":[{\"@type\":\"ReadAction\",\"target\":[\"https:\\\/\\\/transcaribe.gov.co\\\/index.php\\\/noticia\\\/comunicado-de-transcaribe-sobre-protesta-de-algunos-operadores\\\/\"]}]},{\"@type\":\"ImageObject\",\"inLanguage\":\"es\",\"@id\":\"https:\\\/\\\/transcaribe.gov.co\\\/index.php\\\/noticia\\\/comunicado-de-transcaribe-sobre-protesta-de-algunos-operadores\\\/#primaryimage\",\"url\":\"https:\\\/\\\/transcaribe.gov.co\\\/wp-content\\\/uploads\\\/2025\\\/11\\\/MEDIDOR-2025-11-08T094122.562.jpg\",\"contentUrl\":\"https:\\\/\\\/transcaribe.gov.co\\\/wp-content\\\/uploads\\\/2025\\\/11\\\/MEDIDOR-2025-11-08T094122.562.jpg\",\"width\":1280,\"height\":720},{\"@type\":\"BreadcrumbList\",\"@id\":\"https:\\\/\\\/transcaribe.gov.co\\\/index.php\\\/noticia\\\/comunicado-de-transcaribe-sobre-protesta-de-algunos-operadores\\\/#breadcrumb\",\"itemListElement\":[{\"@type\":\"ListItem\",\"position\":1,\"name\":\"Portada\",\"item\":\"https:\\\/\\\/transcaribe.gov.co\\\/\"},{\"@type\":\"ListItem\",\"position\":2,\"name\":\"Comunicado de TransCaribe sobre protesta de algunos operadores\"}]},{\"@type\":\"WebSite\",\"@id\":\"https:\\\/\\\/transcaribe.gov.co\\\/#website\",\"url\":\"https:\\\/\\\/transcaribe.gov.co\\\/\",\"name\":\"TRANSCARIBE\",\"description\":\"\",\"publisher\":{\"@id\":\"https:\\\/\\\/transcaribe.gov.co\\\/#organization\"},\"potentialAction\":[{\"@type\":\"SearchAction\",\"target\":{\"@type\":\"EntryPoint\",\"urlTemplate\":\"https:\\\/\\\/transcaribe.gov.co\\\/?s={search_term_string}\"},\"query-input\":{\"@type\":\"PropertyValueSpecification\",\"valueRequired\":true,\"valueName\":\"search_term_string\"}}],\"inLanguage\":\"es\"},{\"@type\":\"Organization\",\"@id\":\"https:\\\/\\\/transcaribe.gov.co\\\/#organization\",\"name\":\"TRANSCARIBE S.A.\",\"url\":\"https:\\\/\\\/transcaribe.gov.co\\\/\",\"logo\":{\"@type\":\"ImageObject\",\"inLanguage\":\"es\",\"@id\":\"https:\\\/\\\/transcaribe.gov.co\\\/#\\\/schema\\\/logo\\\/image\\\/\",\"url\":\"https:\\\/\\\/transcaribe.gov.co\\\/wp-content\\\/uploads\\\/2023\\\/10\\\/cropped-Favicon_Transcaribe.png\",\"contentUrl\":\"https:\\\/\\\/transcaribe.gov.co\\\/wp-content\\\/uploads\\\/2023\\\/10\\\/cropped-Favicon_Transcaribe.png\",\"width\":512,\"height\":512,\"caption\":\"TRANSCARIBE S.A.\"},\"image\":{\"@id\":\"https:\\\/\\\/transcaribe.gov.co\\\/#\\\/schema\\\/logo\\\/image\\\/\"},\"sameAs\":[\"https:\\\/\\\/www.facebook.com\\\/TranscaribeCTG\",\"https:\\\/\\\/x.com\\\/transcaribeSITM\",\"https:\\\/\\\/www.instagram.com\\\/Transcaribecartagena\\\/\",\"https:\\\/\\\/www.youtube.com\\\/channel\\\/UCyM8-7H1Ux9hsYGlCkSkQaA\"]}]}<\/script>\n<!-- \/ Yoast SEO plugin. -->","yoast_head_json":{"title":"Comunicado de TransCaribe sobre protesta de algunos operadores -","robots":{"index":"index","follow":"follow","max-snippet":"max-snippet:-1","max-image-preview":"max-image-preview:large","max-video-preview":"max-video-preview:-1"},"canonical":"https:\/\/transcaribe.gov.co\/index.php\/noticia\/comunicado-de-transcaribe-sobre-protesta-de-algunos-operadores\/","og_locale":"es_ES","og_type":"article","og_title":"Comunicado de TransCaribe sobre protesta de algunos operadores -","og_description":"Algunos operadores adscritos al operador dos del SITM, ejerciendo su derecho a la protesta, han decidido parar sus labores hoy, alegando que la empresa contratista CCSI est\u00e1 retrasada con sus pagos. Para tener contexto, la porci\u00f3n dos del sistema, conocida como TransCaribe Operador, es operada por la empresa privada CCSI, a trav\u00e9s de un contrato [&hellip;]","og_url":"https:\/\/transcaribe.gov.co\/index.php\/noticia\/comunicado-de-transcaribe-sobre-protesta-de-algunos-operadores\/","article_publisher":"https:\/\/www.facebook.com\/TranscaribeCTG","article_modified_time":"2025-12-15T12:47:11+00:00","og_image":[{"width":1280,"height":720,"url":"https:\/\/transcaribe.gov.co\/wp-content\/uploads\/2025\/11\/MEDIDOR-2025-11-08T094122.562.jpg","type":"image\/jpeg"}],"twitter_card":"summary_large_image","twitter_site":"@transcaribeSITM","twitter_misc":{"Tiempo de lectura":"1 minuto"},"schema":{"@context":"https:\/\/schema.org","@graph":[{"@type":"WebPage","@id":"https:\/\/transcaribe.gov.co\/index.php\/noticia\/comunicado-de-transcaribe-sobre-protesta-de-algunos-operadores\/","url":"https:\/\/transcaribe.gov.co\/index.php\/noticia\/comunicado-de-transcaribe-sobre-protesta-de-algunos-operadores\/","name":"Comunicado de TransCaribe sobre protesta de algunos operadores -","isPartOf":{"@id":"https:\/\/transcaribe.gov.co\/#website"},"primaryImageOfPage":{"@id":"https:\/\/transcaribe.gov.co\/index.php\/noticia\/comunicado-de-transcaribe-sobre-protesta-de-algunos-operadores\/#primaryimage"},"image":{"@id":"https:\/\/transcaribe.gov.co\/index.php\/noticia\/comunicado-de-transcaribe-sobre-protesta-de-algunos-operadores\/#primaryimage"},"thumbnailUrl":"https:\/\/transcaribe.gov.co\/wp-content\/uploads\/2025\/11\/MEDIDOR-2025-11-08T094122.562.jpg","datePublished":"2025-12-05T12:45:25+00:00","dateModified":"2025-12-15T12:47:11+00:00","breadcrumb":{"@id":"https:\/\/transcaribe.gov.co\/index.php\/noticia\/comunicado-de-transcaribe-sobre-protesta-de-algunos-operadores\/#breadcrumb"},"inLanguage":"es","potentialAction":[{"@type":"ReadAction","target":["https:\/\/transcaribe.gov.co\/index.php\/noticia\/comunicado-de-transcaribe-sobre-protesta-de-algunos-operadores\/"]}]},{"@type":"ImageObject","inLanguage":"es","@id":"https:\/\/transcaribe.gov.co\/index.php\/noticia\/comunicado-de-transcaribe-sobre-protesta-de-algunos-operadores\/#primaryimage","url":"https:\/\/transcaribe.gov.co\/wp-content\/uploads\/2025\/11\/MEDIDOR-2025-11-08T094122.562.jpg","contentUrl":"https:\/\/transcaribe.gov.co\/wp-content\/uploads\/2025\/11\/MEDIDOR-2025-11-08T094122.562.jpg","width":1280,"height":720},{"@type":"BreadcrumbList","@id":"https:\/\/transcaribe.gov.co\/index.php\/noticia\/comunicado-de-transcaribe-sobre-protesta-de-algunos-operadores\/#breadcrumb","itemListElement":[{"@type":"ListItem","position":1,"name":"Portada","item":"https:\/\/transcaribe.gov.co\/"},{"@type":"ListItem","position":2,"name":"Comunicado de TransCaribe sobre protesta de algunos operadores"}]},{"@type":"WebSite","@id":"https:\/\/transcaribe.gov.co\/#website","url":"https:\/\/transcaribe.gov.co\/","name":"TRANSCARIBE","description":"","publisher":{"@id":"https:\/\/transcaribe.gov.co\/#organization"},"potentialAction":[{"@type":"SearchAction","target":{"@type":"EntryPoint","urlTemplate":"https:\/\/transcaribe.gov.co\/?s={search_term_string}"},"query-input":{"@type":"PropertyValueSpecification","valueRequired":true,"valueName":"search_term_string"}}],"inLanguage":"es"},{"@type":"Organization","@id":"https:\/\/transcaribe.gov.co\/#organization","name":"TRANSCARIBE S.A.","url":"https:\/\/transcaribe.gov.co\/","logo":{"@type":"ImageObject","inLanguage":"es","@id":"https:\/\/transcaribe.gov.co\/#\/schema\/logo\/image\/","url":"https:\/\/transcaribe.gov.co\/wp-content\/uploads\/2023\/10\/cropped-Favicon_Transcaribe.png","contentUrl":"https:\/\/transcaribe.gov.co\/wp-content\/uploads\/2023\/10\/cropped-Favicon_Transcaribe.png","width":512,"height":512,"caption":"TRANSCARIBE S.A."},"image":{"@id":"https:\/\/transcaribe.gov.co\/#\/schema\/logo\/image\/"},"sameAs":["https:\/\/www.facebook.com\/TranscaribeCTG","https:\/\/x.com\/transcaribeSITM","https:\/\/www.instagram.com\/Transcaribecartagena\/","https:\/\/www.youtube.com\/channel\/UCyM8-7H1Ux9hsYGlCkSkQaA"]}]}},"_links":{"self":[{"href":"https:\/\/transcaribe.gov.co\/index.php\/wp-json\/wp\/v2\/noticia\/7520","targetHints":{"allow":["GET"]}}],"collection":[{"href":"https:\/\/transcaribe.gov.co\/index.php\/wp-json\/wp\/v2\/noticia"}],"about":[{"href":"https:\/\/transcaribe.gov.co\/index.php\/wp-json\/wp\/v2\/types\/noticia"}],"author":[{"embeddable":true,"href":"https:\/\/transcaribe.gov.co\/index.php\/wp-json\/wp\/v2\/users\/3"}],"replies":[{"embeddable":true,"href":"https:\/\/transcaribe.gov.co\/index.php\/wp-json\/wp\/v2\/comments?post=7520"}],"version-history":[{"count":1,"href":"https:\/\/transcaribe.gov.co\/index.php\/wp-json\/wp\/v2\/noticia\/7520\/revisions"}],"predecessor-version":[{"id":7521,"href":"https:\/\/transcaribe.gov.co\/index.php\/wp-json\/wp\/v2\/noticia\/7520\/revisions\/7521"}],"wp:featuredmedia":[{"embeddable":true,"href":"https:\/\/transcaribe.gov.co\/index.php\/wp-json\/wp\/v2\/media\/7366"}],"wp:attachment":[{"href":"https:\/\/transcaribe.gov.co\/index.php\/wp-json\/wp\/v2\/media?parent=7520"}],"curies":[{"name":"wp","href":"https:\/\/api.w.org\/{rel}","templated":true}]}}