{"id":7421,"date":"2025-11-28T10:55:54","date_gmt":"2025-11-28T15:55:54","guid":{"rendered":"https:\/\/transcaribe.gov.co\/?post_type=noticia&#038;p=7421"},"modified":"2025-11-28T10:55:54","modified_gmt":"2025-11-28T15:55:54","slug":"este-domingo-transcaribe-activara-desvios-por-la-realizacion-del-ironman-70-3","status":"publish","type":"noticia","link":"https:\/\/transcaribe.gov.co\/index.php\/noticia\/este-domingo-transcaribe-activara-desvios-por-la-realizacion-del-ironman-70-3\/","title":{"rendered":"Este domingo, TransCaribe activar\u00e1 desv\u00edos por la realizaci\u00f3n del Ironman 70.3"},"content":{"rendered":"<h3><em><strong>El sistema recomienda a sus usuarios programar con tiempo sus desplazamientos teniendo en cuenta los desv\u00edos. No se cubrir\u00e1 el barrio Bocagrande durante algunas horas.<\/strong><\/em><\/h3>\n<p><img fetchpriority=\"high\" decoding=\"async\" class=\"alignnone size-full wp-image-7422\" src=\"https:\/\/transcaribe.gov.co\/wp-content\/uploads\/2025\/11\/MEDIDOR-2025-11-28T105343.818.jpg\" alt=\"\" width=\"1280\" height=\"720\" srcset=\"https:\/\/transcaribe.gov.co\/wp-content\/uploads\/2025\/11\/MEDIDOR-2025-11-28T105343.818.jpg 1280w, https:\/\/transcaribe.gov.co\/wp-content\/uploads\/2025\/11\/MEDIDOR-2025-11-28T105343.818-300x169.jpg 300w, https:\/\/transcaribe.gov.co\/wp-content\/uploads\/2025\/11\/MEDIDOR-2025-11-28T105343.818-1024x576.jpg 1024w, https:\/\/transcaribe.gov.co\/wp-content\/uploads\/2025\/11\/MEDIDOR-2025-11-28T105343.818-768x432.jpg 768w\" sizes=\"(max-width: 1280px) 100vw, 1280px\" \/><\/p>\n<p>Cartagena de Indias vivir\u00e1 este domingo 30 de noviembre el tradicional Ironman 70.3, una de las competencias deportivas m\u00e1s importantes del mundo, donde m\u00e1s de dos mil atletas internacionales se dar\u00e1n cita para competir en nuestra ciudad.<\/p>\n<p>De acuerdo al Plan de Manejo de Tr\u00e1fico dise\u00f1ado por la Alcald\u00eda de Cartagena y el DATT para la realizaci\u00f3n de este importante evento, TransCaribe activar\u00e1 desv\u00edos en algunas de sus rutas.<\/p>\n<p>Es importante tener en cuenta que, por el tiempo que est\u00e9n activos los desv\u00edos en el Centro Hist\u00f3rico, mientras se realiza la competencia, no ser\u00e1 posible cubrir el barrio Bocagrande. La \u00faltima parada de las rutas que ingresan a este barrio ser\u00e1 en el sector de Puerto Duro.<\/p>\n<p><strong>RUTAS T101, T103, X101, X102, X103, X104, X105 Y X106<\/strong><br \/>\n<strong>De 6:00 am a 9:00 am<\/strong><\/p>\n<p>Al llegar a la India Catalina, los buses girar\u00e1n a la izquierda hacia la Avenida Luis Carlos L\u00f3pez hasta la Calle 30, tomando el Puente Heredia, hasta el Reloj Floral, donde girar\u00e1n nuevamente a la izquierda por la Carrera 17 hasta retomar su recorrido habitual en la Avenida Pedro de Heredia.<\/p>\n<p><strong>Se dejan de cubrir:<\/strong> estaciones Centro y Bodeguita &#8211; barrio Bocagrande.<br \/>\n<strong>Parada provisional:<\/strong> Puerto Duro.<\/p>\n<p><img decoding=\"async\" class=\"alignnone size-full wp-image-7423\" src=\"https:\/\/transcaribe.gov.co\/wp-content\/uploads\/2025\/11\/WhatsApp-Image-2025-11-28-at-07.32.26.jpeg\" alt=\"\" width=\"1280\" height=\"1600\" srcset=\"https:\/\/transcaribe.gov.co\/wp-content\/uploads\/2025\/11\/WhatsApp-Image-2025-11-28-at-07.32.26.jpeg 1280w, https:\/\/transcaribe.gov.co\/wp-content\/uploads\/2025\/11\/WhatsApp-Image-2025-11-28-at-07.32.26-240x300.jpeg 240w, https:\/\/transcaribe.gov.co\/wp-content\/uploads\/2025\/11\/WhatsApp-Image-2025-11-28-at-07.32.26-819x1024.jpeg 819w, https:\/\/transcaribe.gov.co\/wp-content\/uploads\/2025\/11\/WhatsApp-Image-2025-11-28-at-07.32.26-768x960.jpeg 768w, https:\/\/transcaribe.gov.co\/wp-content\/uploads\/2025\/11\/WhatsApp-Image-2025-11-28-at-07.32.26-1229x1536.jpeg 1229w\" sizes=\"(max-width: 1280px) 100vw, 1280px\" \/><\/p>\n<p><strong>RUTA T102<\/strong><br \/>\n<strong>De 6:00 am a 1:00 pm<\/strong><\/p>\n<p><strong>En sentido Portal \u2013 Crespo:<\/strong> en la glorieta San Felipe, girar\u00e1n a la derecha por la carrera 17 (Paseo Bol\u00edvar) hasta la calle 61, tomando el puente Romero Aguirre hasta el CAI de Crespo, retomando su recorrido habitual.<\/p>\n<p><strong>En sentido Crespo \u2013 Portal:<\/strong> en el CAI de Crespo, los buses tomar\u00e1n el puente Romero Aguirre, siguiendo por la calle 60 hasta la carrera 17, tomando luego la carrera 14, saliendo a la avenida Pedro de Heredia a la altura de Muebles Jamar, retomando su recorrido habitual.<\/p>\n<p><strong>Se dejan de cubrir:<\/strong> estaciones Centro y Chambac\u00fa, paraderos del Centro Hist\u00f3rico y la Avenida Santander, y el paradero de Corales de Indias.<br \/>\n<strong>Parada provisional:<\/strong> estaci\u00f3n Lo Amador, y paradas por demanda en el trayecto del desv\u00edo.<\/p>\n<p><img decoding=\"async\" class=\"alignnone size-full wp-image-7424\" src=\"https:\/\/transcaribe.gov.co\/wp-content\/uploads\/2025\/11\/WhatsApp-Image-2025-11-28-at-07.32.26-2.jpeg\" alt=\"\" width=\"1280\" height=\"1600\" srcset=\"https:\/\/transcaribe.gov.co\/wp-content\/uploads\/2025\/11\/WhatsApp-Image-2025-11-28-at-07.32.26-2.jpeg 1280w, https:\/\/transcaribe.gov.co\/wp-content\/uploads\/2025\/11\/WhatsApp-Image-2025-11-28-at-07.32.26-2-240x300.jpeg 240w, https:\/\/transcaribe.gov.co\/wp-content\/uploads\/2025\/11\/WhatsApp-Image-2025-11-28-at-07.32.26-2-819x1024.jpeg 819w, https:\/\/transcaribe.gov.co\/wp-content\/uploads\/2025\/11\/WhatsApp-Image-2025-11-28-at-07.32.26-2-768x960.jpeg 768w, https:\/\/transcaribe.gov.co\/wp-content\/uploads\/2025\/11\/WhatsApp-Image-2025-11-28-at-07.32.26-2-1229x1536.jpeg 1229w\" sizes=\"(max-width: 1280px) 100vw, 1280px\" \/><\/p>\n<p><strong>RUTA C001<\/strong><br \/>\n<strong>De 6:00 am a 9:00 am<\/strong><\/p>\n<p>A la altura de la iglesia de la Tercera Orden, los buses girar\u00e1n hacia la Calle del Arsenal, hasta retomar su recorrido habitual en el Puente Rom\u00e1n.<\/p>\n<p><strong>Se dejan de cubrir:<\/strong> paraderos del Muelle de Los Pegasos y el Parque de la Marina.<br \/>\n<strong>Parada provisional:<\/strong> Centro de Convenciones.<\/p>\n<p><img loading=\"lazy\" decoding=\"async\" class=\"alignnone size-full wp-image-7425\" src=\"https:\/\/transcaribe.gov.co\/wp-content\/uploads\/2025\/11\/WhatsApp-Image-2025-11-28-at-07.32.26-1.jpeg\" alt=\"\" width=\"1280\" height=\"1600\" srcset=\"https:\/\/transcaribe.gov.co\/wp-content\/uploads\/2025\/11\/WhatsApp-Image-2025-11-28-at-07.32.26-1.jpeg 1280w, https:\/\/transcaribe.gov.co\/wp-content\/uploads\/2025\/11\/WhatsApp-Image-2025-11-28-at-07.32.26-1-240x300.jpeg 240w, https:\/\/transcaribe.gov.co\/wp-content\/uploads\/2025\/11\/WhatsApp-Image-2025-11-28-at-07.32.26-1-819x1024.jpeg 819w, https:\/\/transcaribe.gov.co\/wp-content\/uploads\/2025\/11\/WhatsApp-Image-2025-11-28-at-07.32.26-1-768x960.jpeg 768w, https:\/\/transcaribe.gov.co\/wp-content\/uploads\/2025\/11\/WhatsApp-Image-2025-11-28-at-07.32.26-1-1229x1536.jpeg 1229w\" sizes=\"(max-width: 1280px) 100vw, 1280px\" \/><\/p>\n<p><strong>RECOMENDACIONES A LOS USUARIOS<\/strong><\/p>\n<p>El sistema recomienda a sus usuarios planificar con antelaci\u00f3n sus viajes para el d\u00eda domingo, teniendo en cuenta cada uno de los desv\u00edos programados en las rutas.<\/p>\n<p>Invitamos a los usuarios a seguir las cuentas oficiales del sistema en redes sociales, y suscribirse al Canal de WhatsApp \u201cTranscaribe te informa\u201d (<a href=\"https:\/\/whatsapp.com\/channel\/0029VawqMjFEKyZDzUcLa53Y\" target=\"_blank\" rel=\"noopener\">https:\/\/whatsapp.com\/channel\/0029VawqMjFEKyZDzUcLa53Y<\/a>), y activar las notificaciones para recibir reportes y novedades en tiempo real.<\/p>\n<div class='cb-post-url-qr-code'><br><img src='https:\/\/api.qrserver.com\/v1\/create-qr-code\/?size=185x185&ecc=L&qzone=1&data=https%3A%2F%2Ftranscaribe.gov.co%2Findex.php%2Fnoticia%2Feste-domingo-transcaribe-activara-desvios-por-la-realizacion-del-ironman-70-3%2F' alt='Este domingo, TransCaribe activar\u00e1 desv\u00edos por la realizaci\u00f3n del Ironman 70.3'\/><\/div>","protected":false},"excerpt":{"rendered":"<p>El sistema recomienda a sus usuarios programar con tiempo sus desplazamientos teniendo en cuenta los desv\u00edos. No se cubrir\u00e1 el barrio Bocagrande durante algunas horas. Cartagena de Indias vivir\u00e1 este domingo 30 de noviembre el tradicional Ironman 70.3, una de las competencias deportivas m\u00e1s importantes del mundo, donde m\u00e1s de dos mil atletas internacionales se [&hellip;]<\/p>\n","protected":false},"author":3,"featured_media":7422,"menu_order":0,"comment_status":"open","ping_status":"open","template":"","format":"standard","meta":{"footnotes":""},"class_list":["post-7421","noticia","type-noticia","status-publish","format-standard","has-post-thumbnail","hentry"],"yoast_head":"<!-- This site is optimized with the Yoast SEO plugin v27.3 - https:\/\/yoast.com\/product\/yoast-seo-wordpress\/ -->\n<title>Este domingo, TransCaribe activar\u00e1 desv\u00edos por la realizaci\u00f3n del Ironman 70.3 -<\/title>\n<meta name=\"robots\" content=\"index, follow, max-snippet:-1, max-image-preview:large, max-video-preview:-1\" \/>\n<link rel=\"canonical\" href=\"https:\/\/transcaribe.gov.co\/index.php\/noticia\/este-domingo-transcaribe-activara-desvios-por-la-realizacion-del-ironman-70-3\/\" \/>\n<meta property=\"og:locale\" content=\"es_ES\" \/>\n<meta property=\"og:type\" content=\"article\" \/>\n<meta property=\"og:title\" content=\"Este domingo, TransCaribe activar\u00e1 desv\u00edos por la realizaci\u00f3n del Ironman 70.3 -\" \/>\n<meta property=\"og:description\" content=\"El sistema recomienda a sus usuarios programar con tiempo sus desplazamientos teniendo en cuenta los desv\u00edos. No se cubrir\u00e1 el barrio Bocagrande durante algunas horas. Cartagena de Indias vivir\u00e1 este domingo 30 de noviembre el tradicional Ironman 70.3, una de las competencias deportivas m\u00e1s importantes del mundo, donde m\u00e1s de dos mil atletas internacionales se [&hellip;]\" \/>\n<meta property=\"og:url\" content=\"https:\/\/transcaribe.gov.co\/index.php\/noticia\/este-domingo-transcaribe-activara-desvios-por-la-realizacion-del-ironman-70-3\/\" \/>\n<meta property=\"article:publisher\" content=\"https:\/\/www.facebook.com\/TranscaribeCTG\" \/>\n<meta property=\"og:image\" content=\"https:\/\/transcaribe.gov.co\/wp-content\/uploads\/2025\/11\/MEDIDOR-2025-11-28T105343.818.jpg\" \/>\n\t<meta property=\"og:image:width\" content=\"1280\" \/>\n\t<meta property=\"og:image:height\" content=\"720\" \/>\n\t<meta property=\"og:image:type\" content=\"image\/jpeg\" \/>\n<meta name=\"twitter:card\" content=\"summary_large_image\" \/>\n<meta name=\"twitter:site\" content=\"@transcaribeSITM\" \/>\n<meta name=\"twitter:label1\" content=\"Tiempo de lectura\" \/>\n\t<meta name=\"twitter:data1\" content=\"2 minutos\" \/>\n<script type=\"application\/ld+json\" class=\"yoast-schema-graph\">{\"@context\":\"https:\\\/\\\/schema.org\",\"@graph\":[{\"@type\":\"WebPage\",\"@id\":\"https:\\\/\\\/transcaribe.gov.co\\\/index.php\\\/noticia\\\/este-domingo-transcaribe-activara-desvios-por-la-realizacion-del-ironman-70-3\\\/\",\"url\":\"https:\\\/\\\/transcaribe.gov.co\\\/index.php\\\/noticia\\\/este-domingo-transcaribe-activara-desvios-por-la-realizacion-del-ironman-70-3\\\/\",\"name\":\"Este domingo, TransCaribe activar\u00e1 desv\u00edos por la realizaci\u00f3n del Ironman 70.3 -\",\"isPartOf\":{\"@id\":\"https:\\\/\\\/transcaribe.gov.co\\\/#website\"},\"primaryImageOfPage\":{\"@id\":\"https:\\\/\\\/transcaribe.gov.co\\\/index.php\\\/noticia\\\/este-domingo-transcaribe-activara-desvios-por-la-realizacion-del-ironman-70-3\\\/#primaryimage\"},\"image\":{\"@id\":\"https:\\\/\\\/transcaribe.gov.co\\\/index.php\\\/noticia\\\/este-domingo-transcaribe-activara-desvios-por-la-realizacion-del-ironman-70-3\\\/#primaryimage\"},\"thumbnailUrl\":\"https:\\\/\\\/transcaribe.gov.co\\\/wp-content\\\/uploads\\\/2025\\\/11\\\/MEDIDOR-2025-11-28T105343.818.jpg\",\"datePublished\":\"2025-11-28T15:55:54+00:00\",\"breadcrumb\":{\"@id\":\"https:\\\/\\\/transcaribe.gov.co\\\/index.php\\\/noticia\\\/este-domingo-transcaribe-activara-desvios-por-la-realizacion-del-ironman-70-3\\\/#breadcrumb\"},\"inLanguage\":\"es\",\"potentialAction\":[{\"@type\":\"ReadAction\",\"target\":[\"https:\\\/\\\/transcaribe.gov.co\\\/index.php\\\/noticia\\\/este-domingo-transcaribe-activara-desvios-por-la-realizacion-del-ironman-70-3\\\/\"]}]},{\"@type\":\"ImageObject\",\"inLanguage\":\"es\",\"@id\":\"https:\\\/\\\/transcaribe.gov.co\\\/index.php\\\/noticia\\\/este-domingo-transcaribe-activara-desvios-por-la-realizacion-del-ironman-70-3\\\/#primaryimage\",\"url\":\"https:\\\/\\\/transcaribe.gov.co\\\/wp-content\\\/uploads\\\/2025\\\/11\\\/MEDIDOR-2025-11-28T105343.818.jpg\",\"contentUrl\":\"https:\\\/\\\/transcaribe.gov.co\\\/wp-content\\\/uploads\\\/2025\\\/11\\\/MEDIDOR-2025-11-28T105343.818.jpg\",\"width\":1280,\"height\":720},{\"@type\":\"BreadcrumbList\",\"@id\":\"https:\\\/\\\/transcaribe.gov.co\\\/index.php\\\/noticia\\\/este-domingo-transcaribe-activara-desvios-por-la-realizacion-del-ironman-70-3\\\/#breadcrumb\",\"itemListElement\":[{\"@type\":\"ListItem\",\"position\":1,\"name\":\"Portada\",\"item\":\"https:\\\/\\\/transcaribe.gov.co\\\/\"},{\"@type\":\"ListItem\",\"position\":2,\"name\":\"Este domingo, TransCaribe activar\u00e1 desv\u00edos por la realizaci\u00f3n del Ironman 70.3\"}]},{\"@type\":\"WebSite\",\"@id\":\"https:\\\/\\\/transcaribe.gov.co\\\/#website\",\"url\":\"https:\\\/\\\/transcaribe.gov.co\\\/\",\"name\":\"TRANSCARIBE\",\"description\":\"\",\"publisher\":{\"@id\":\"https:\\\/\\\/transcaribe.gov.co\\\/#organization\"},\"potentialAction\":[{\"@type\":\"SearchAction\",\"target\":{\"@type\":\"EntryPoint\",\"urlTemplate\":\"https:\\\/\\\/transcaribe.gov.co\\\/?s={search_term_string}\"},\"query-input\":{\"@type\":\"PropertyValueSpecification\",\"valueRequired\":true,\"valueName\":\"search_term_string\"}}],\"inLanguage\":\"es\"},{\"@type\":\"Organization\",\"@id\":\"https:\\\/\\\/transcaribe.gov.co\\\/#organization\",\"name\":\"TRANSCARIBE S.A.\",\"url\":\"https:\\\/\\\/transcaribe.gov.co\\\/\",\"logo\":{\"@type\":\"ImageObject\",\"inLanguage\":\"es\",\"@id\":\"https:\\\/\\\/transcaribe.gov.co\\\/#\\\/schema\\\/logo\\\/image\\\/\",\"url\":\"https:\\\/\\\/transcaribe.gov.co\\\/wp-content\\\/uploads\\\/2023\\\/10\\\/cropped-Favicon_Transcaribe.png\",\"contentUrl\":\"https:\\\/\\\/transcaribe.gov.co\\\/wp-content\\\/uploads\\\/2023\\\/10\\\/cropped-Favicon_Transcaribe.png\",\"width\":512,\"height\":512,\"caption\":\"TRANSCARIBE S.A.\"},\"image\":{\"@id\":\"https:\\\/\\\/transcaribe.gov.co\\\/#\\\/schema\\\/logo\\\/image\\\/\"},\"sameAs\":[\"https:\\\/\\\/www.facebook.com\\\/TranscaribeCTG\",\"https:\\\/\\\/x.com\\\/transcaribeSITM\",\"https:\\\/\\\/www.instagram.com\\\/Transcaribecartagena\\\/\",\"https:\\\/\\\/www.youtube.com\\\/channel\\\/UCyM8-7H1Ux9hsYGlCkSkQaA\"]}]}<\/script>\n<!-- \/ Yoast SEO plugin. -->","yoast_head_json":{"title":"Este domingo, TransCaribe activar\u00e1 desv\u00edos por la realizaci\u00f3n del Ironman 70.3 -","robots":{"index":"index","follow":"follow","max-snippet":"max-snippet:-1","max-image-preview":"max-image-preview:large","max-video-preview":"max-video-preview:-1"},"canonical":"https:\/\/transcaribe.gov.co\/index.php\/noticia\/este-domingo-transcaribe-activara-desvios-por-la-realizacion-del-ironman-70-3\/","og_locale":"es_ES","og_type":"article","og_title":"Este domingo, TransCaribe activar\u00e1 desv\u00edos por la realizaci\u00f3n del Ironman 70.3 -","og_description":"El sistema recomienda a sus usuarios programar con tiempo sus desplazamientos teniendo en cuenta los desv\u00edos. No se cubrir\u00e1 el barrio Bocagrande durante algunas horas. Cartagena de Indias vivir\u00e1 este domingo 30 de noviembre el tradicional Ironman 70.3, una de las competencias deportivas m\u00e1s importantes del mundo, donde m\u00e1s de dos mil atletas internacionales se [&hellip;]","og_url":"https:\/\/transcaribe.gov.co\/index.php\/noticia\/este-domingo-transcaribe-activara-desvios-por-la-realizacion-del-ironman-70-3\/","article_publisher":"https:\/\/www.facebook.com\/TranscaribeCTG","og_image":[{"width":1280,"height":720,"url":"https:\/\/transcaribe.gov.co\/wp-content\/uploads\/2025\/11\/MEDIDOR-2025-11-28T105343.818.jpg","type":"image\/jpeg"}],"twitter_card":"summary_large_image","twitter_site":"@transcaribeSITM","twitter_misc":{"Tiempo de lectura":"2 minutos"},"schema":{"@context":"https:\/\/schema.org","@graph":[{"@type":"WebPage","@id":"https:\/\/transcaribe.gov.co\/index.php\/noticia\/este-domingo-transcaribe-activara-desvios-por-la-realizacion-del-ironman-70-3\/","url":"https:\/\/transcaribe.gov.co\/index.php\/noticia\/este-domingo-transcaribe-activara-desvios-por-la-realizacion-del-ironman-70-3\/","name":"Este domingo, TransCaribe activar\u00e1 desv\u00edos por la realizaci\u00f3n del Ironman 70.3 -","isPartOf":{"@id":"https:\/\/transcaribe.gov.co\/#website"},"primaryImageOfPage":{"@id":"https:\/\/transcaribe.gov.co\/index.php\/noticia\/este-domingo-transcaribe-activara-desvios-por-la-realizacion-del-ironman-70-3\/#primaryimage"},"image":{"@id":"https:\/\/transcaribe.gov.co\/index.php\/noticia\/este-domingo-transcaribe-activara-desvios-por-la-realizacion-del-ironman-70-3\/#primaryimage"},"thumbnailUrl":"https:\/\/transcaribe.gov.co\/wp-content\/uploads\/2025\/11\/MEDIDOR-2025-11-28T105343.818.jpg","datePublished":"2025-11-28T15:55:54+00:00","breadcrumb":{"@id":"https:\/\/transcaribe.gov.co\/index.php\/noticia\/este-domingo-transcaribe-activara-desvios-por-la-realizacion-del-ironman-70-3\/#breadcrumb"},"inLanguage":"es","potentialAction":[{"@type":"ReadAction","target":["https:\/\/transcaribe.gov.co\/index.php\/noticia\/este-domingo-transcaribe-activara-desvios-por-la-realizacion-del-ironman-70-3\/"]}]},{"@type":"ImageObject","inLanguage":"es","@id":"https:\/\/transcaribe.gov.co\/index.php\/noticia\/este-domingo-transcaribe-activara-desvios-por-la-realizacion-del-ironman-70-3\/#primaryimage","url":"https:\/\/transcaribe.gov.co\/wp-content\/uploads\/2025\/11\/MEDIDOR-2025-11-28T105343.818.jpg","contentUrl":"https:\/\/transcaribe.gov.co\/wp-content\/uploads\/2025\/11\/MEDIDOR-2025-11-28T105343.818.jpg","width":1280,"height":720},{"@type":"BreadcrumbList","@id":"https:\/\/transcaribe.gov.co\/index.php\/noticia\/este-domingo-transcaribe-activara-desvios-por-la-realizacion-del-ironman-70-3\/#breadcrumb","itemListElement":[{"@type":"ListItem","position":1,"name":"Portada","item":"https:\/\/transcaribe.gov.co\/"},{"@type":"ListItem","position":2,"name":"Este domingo, TransCaribe activar\u00e1 desv\u00edos por la realizaci\u00f3n del Ironman 70.3"}]},{"@type":"WebSite","@id":"https:\/\/transcaribe.gov.co\/#website","url":"https:\/\/transcaribe.gov.co\/","name":"TRANSCARIBE","description":"","publisher":{"@id":"https:\/\/transcaribe.gov.co\/#organization"},"potentialAction":[{"@type":"SearchAction","target":{"@type":"EntryPoint","urlTemplate":"https:\/\/transcaribe.gov.co\/?s={search_term_string}"},"query-input":{"@type":"PropertyValueSpecification","valueRequired":true,"valueName":"search_term_string"}}],"inLanguage":"es"},{"@type":"Organization","@id":"https:\/\/transcaribe.gov.co\/#organization","name":"TRANSCARIBE S.A.","url":"https:\/\/transcaribe.gov.co\/","logo":{"@type":"ImageObject","inLanguage":"es","@id":"https:\/\/transcaribe.gov.co\/#\/schema\/logo\/image\/","url":"https:\/\/transcaribe.gov.co\/wp-content\/uploads\/2023\/10\/cropped-Favicon_Transcaribe.png","contentUrl":"https:\/\/transcaribe.gov.co\/wp-content\/uploads\/2023\/10\/cropped-Favicon_Transcaribe.png","width":512,"height":512,"caption":"TRANSCARIBE S.A."},"image":{"@id":"https:\/\/transcaribe.gov.co\/#\/schema\/logo\/image\/"},"sameAs":["https:\/\/www.facebook.com\/TranscaribeCTG","https:\/\/x.com\/transcaribeSITM","https:\/\/www.instagram.com\/Transcaribecartagena\/","https:\/\/www.youtube.com\/channel\/UCyM8-7H1Ux9hsYGlCkSkQaA"]}]}},"_links":{"self":[{"href":"https:\/\/transcaribe.gov.co\/index.php\/wp-json\/wp\/v2\/noticia\/7421","targetHints":{"allow":["GET"]}}],"collection":[{"href":"https:\/\/transcaribe.gov.co\/index.php\/wp-json\/wp\/v2\/noticia"}],"about":[{"href":"https:\/\/transcaribe.gov.co\/index.php\/wp-json\/wp\/v2\/types\/noticia"}],"author":[{"embeddable":true,"href":"https:\/\/transcaribe.gov.co\/index.php\/wp-json\/wp\/v2\/users\/3"}],"replies":[{"embeddable":true,"href":"https:\/\/transcaribe.gov.co\/index.php\/wp-json\/wp\/v2\/comments?post=7421"}],"version-history":[{"count":1,"href":"https:\/\/transcaribe.gov.co\/index.php\/wp-json\/wp\/v2\/noticia\/7421\/revisions"}],"predecessor-version":[{"id":7426,"href":"https:\/\/transcaribe.gov.co\/index.php\/wp-json\/wp\/v2\/noticia\/7421\/revisions\/7426"}],"wp:featuredmedia":[{"embeddable":true,"href":"https:\/\/transcaribe.gov.co\/index.php\/wp-json\/wp\/v2\/media\/7422"}],"wp:attachment":[{"href":"https:\/\/transcaribe.gov.co\/index.php\/wp-json\/wp\/v2\/media?parent=7421"}],"curies":[{"name":"wp","href":"https:\/\/api.w.org\/{rel}","templated":true}]}}