{"id":7396,"date":"2025-11-13T11:11:50","date_gmt":"2025-11-13T16:11:50","guid":{"rendered":"https:\/\/transcaribe.gov.co\/?post_type=noticia&#038;p=7396"},"modified":"2025-11-13T11:11:50","modified_gmt":"2025-11-13T16:11:50","slug":"7-buses-de-transcaribe-vandalizados-y-4-personas-heridas-tras-disturbios-en-el-jaime-moron","status":"publish","type":"noticia","link":"https:\/\/transcaribe.gov.co\/index.php\/noticia\/7-buses-de-transcaribe-vandalizados-y-4-personas-heridas-tras-disturbios-en-el-jaime-moron\/","title":{"rendered":"7 buses de TransCaribe vandalizados y 4 personas heridas, tras disturbios en el Jaime Mor\u00f3n"},"content":{"rendered":"<p><img fetchpriority=\"high\" decoding=\"async\" class=\"alignnone size-full wp-image-7285\" src=\"https:\/\/transcaribe.gov.co\/wp-content\/uploads\/2025\/10\/WhatsApp-Image-2025-10-14-at-10.09.37.jpeg\" alt=\"\" width=\"1074\" height=\"702\" srcset=\"https:\/\/transcaribe.gov.co\/wp-content\/uploads\/2025\/10\/WhatsApp-Image-2025-10-14-at-10.09.37.jpeg 1074w, https:\/\/transcaribe.gov.co\/wp-content\/uploads\/2025\/10\/WhatsApp-Image-2025-10-14-at-10.09.37-300x196.jpeg 300w, https:\/\/transcaribe.gov.co\/wp-content\/uploads\/2025\/10\/WhatsApp-Image-2025-10-14-at-10.09.37-1024x669.jpeg 1024w, https:\/\/transcaribe.gov.co\/wp-content\/uploads\/2025\/10\/WhatsApp-Image-2025-10-14-at-10.09.37-768x502.jpeg 768w\" sizes=\"(max-width: 1074px) 100vw, 1074px\" \/><\/p>\n<p>La Alcald\u00eda de Cartagena, a trav\u00e9s de la Secretar\u00eda del Interior, con apoyo de la Polic\u00eda Metropolitana de Cartagena, denunci\u00f3 penalmente ante la Fiscal\u00eda General de la Naci\u00f3n a la barra \u201cRebeli\u00f3n Auriverde Norte\u201d, a sus l\u00edderes y a asistentes al Estadio de F\u00fatbol Jaime Mor\u00f3n, que vandalizaron infraestructura p\u00fablica y ocasionaron caos y perturbaciones en los alrededores del escenario, incluidos ataques vand\u00e1licos a TransCaribe.<\/p>\n<p>\u201cLos v\u00e1ndalos deben responder por los destrozos causados en el estadio y a buses de Transcaribe; as\u00ed como tambi\u00e9n por las lesiones a los pasajeros de Transcaribe. El f\u00fatbol es una fiesta donde debe prevalecer la paz, la convivencia y la armon\u00eda, sobre cualquier resultado adverso del equipo de la ciudad: Real Cartagena\u201d, expuso el alcalde Dumek Turbay.<\/p>\n<p>TransCaribe inform\u00f3 que, en medio de los actos vand\u00e1licos y delincuenciales, varios sujetos atacaron con piedras y elementos contundentes a la flota del sistema, lo que gener\u00f3 momentos de p\u00e1nico y afectaci\u00f3n de la integridad, en medio de amenazas la vida de los usuarios y los operadores que iban a bordo de los veh\u00edculos.<\/p>\n<p>Siete buses del SITM resultaron vandalizados, con vidrios y puertas rotas, tres adscritos al operador Transambiental y cuatro al operador Sotramac.<\/p>\n<p>Tambi\u00e9n cuatro personas resultaron heridas por los objetos contundentes lanzados a los buses y, poor los vidrios rotos, incluido un operador de uno de los veh\u00edculos. Los heridos fueron atendidos por param\u00e9dicos en el sitio, y trasladados a centros asistenciales. El herido de mayor gravedad sufri\u00f3 un traumatismo en la cabeza, y fue remitido al Hospital Universitario, donde est\u00e1 siendo atendido.<\/p>\n<p>TransCaribe interpondr\u00e1 ante las autoridades correspondientes las acciones legales a las que haya lugar contra las personas que provocaron da\u00f1os materiales y atentaron contra la integridad de los usuarios y los operadores.<\/p>\n<div class='cb-post-url-qr-code'><br><img src='https:\/\/api.qrserver.com\/v1\/create-qr-code\/?size=185x185&ecc=L&qzone=1&data=https%3A%2F%2Ftranscaribe.gov.co%2Findex.php%2Fnoticia%2F7-buses-de-transcaribe-vandalizados-y-4-personas-heridas-tras-disturbios-en-el-jaime-moron%2F' alt='7 buses de TransCaribe vandalizados y 4 personas heridas, tras disturbios en el Jaime Mor\u00f3n'\/><\/div>","protected":false},"excerpt":{"rendered":"<p>La Alcald\u00eda de Cartagena, a trav\u00e9s de la Secretar\u00eda del Interior, con apoyo de la Polic\u00eda Metropolitana de Cartagena, denunci\u00f3 penalmente ante la Fiscal\u00eda General de la Naci\u00f3n a la barra \u201cRebeli\u00f3n Auriverde Norte\u201d, a sus l\u00edderes y a asistentes al Estadio de F\u00fatbol Jaime Mor\u00f3n, que vandalizaron infraestructura p\u00fablica y ocasionaron caos y perturbaciones [&hellip;]<\/p>\n","protected":false},"author":3,"featured_media":7285,"menu_order":0,"comment_status":"open","ping_status":"open","template":"","format":"standard","meta":{"footnotes":""},"class_list":["post-7396","noticia","type-noticia","status-publish","format-standard","has-post-thumbnail","hentry"],"yoast_head":"<!-- This site is optimized with the Yoast SEO plugin v27.3 - https:\/\/yoast.com\/product\/yoast-seo-wordpress\/ -->\n<title>7 buses de TransCaribe vandalizados y 4 personas heridas, tras disturbios en el Jaime Mor\u00f3n -<\/title>\n<meta name=\"robots\" content=\"index, follow, max-snippet:-1, max-image-preview:large, max-video-preview:-1\" \/>\n<link rel=\"canonical\" href=\"https:\/\/transcaribe.gov.co\/index.php\/noticia\/7-buses-de-transcaribe-vandalizados-y-4-personas-heridas-tras-disturbios-en-el-jaime-moron\/\" \/>\n<meta property=\"og:locale\" content=\"es_ES\" \/>\n<meta property=\"og:type\" content=\"article\" \/>\n<meta property=\"og:title\" content=\"7 buses de TransCaribe vandalizados y 4 personas heridas, tras disturbios en el Jaime Mor\u00f3n -\" \/>\n<meta property=\"og:description\" content=\"La Alcald\u00eda de Cartagena, a trav\u00e9s de la Secretar\u00eda del Interior, con apoyo de la Polic\u00eda Metropolitana de Cartagena, denunci\u00f3 penalmente ante la Fiscal\u00eda General de la Naci\u00f3n a la barra \u201cRebeli\u00f3n Auriverde Norte\u201d, a sus l\u00edderes y a asistentes al Estadio de F\u00fatbol Jaime Mor\u00f3n, que vandalizaron infraestructura p\u00fablica y ocasionaron caos y perturbaciones [&hellip;]\" \/>\n<meta property=\"og:url\" content=\"https:\/\/transcaribe.gov.co\/index.php\/noticia\/7-buses-de-transcaribe-vandalizados-y-4-personas-heridas-tras-disturbios-en-el-jaime-moron\/\" \/>\n<meta property=\"article:publisher\" content=\"https:\/\/www.facebook.com\/TranscaribeCTG\" \/>\n<meta property=\"og:image\" content=\"https:\/\/transcaribe.gov.co\/wp-content\/uploads\/2025\/10\/WhatsApp-Image-2025-10-14-at-10.09.37.jpeg\" \/>\n\t<meta property=\"og:image:width\" content=\"1074\" \/>\n\t<meta property=\"og:image:height\" content=\"702\" \/>\n\t<meta property=\"og:image:type\" content=\"image\/jpeg\" \/>\n<meta name=\"twitter:card\" content=\"summary_large_image\" \/>\n<meta name=\"twitter:site\" content=\"@transcaribeSITM\" \/>\n<meta name=\"twitter:label1\" content=\"Tiempo de lectura\" \/>\n\t<meta name=\"twitter:data1\" content=\"2 minutos\" \/>\n<script type=\"application\/ld+json\" class=\"yoast-schema-graph\">{\"@context\":\"https:\\\/\\\/schema.org\",\"@graph\":[{\"@type\":\"WebPage\",\"@id\":\"https:\\\/\\\/transcaribe.gov.co\\\/index.php\\\/noticia\\\/7-buses-de-transcaribe-vandalizados-y-4-personas-heridas-tras-disturbios-en-el-jaime-moron\\\/\",\"url\":\"https:\\\/\\\/transcaribe.gov.co\\\/index.php\\\/noticia\\\/7-buses-de-transcaribe-vandalizados-y-4-personas-heridas-tras-disturbios-en-el-jaime-moron\\\/\",\"name\":\"7 buses de TransCaribe vandalizados y 4 personas heridas, tras disturbios en el Jaime Mor\u00f3n -\",\"isPartOf\":{\"@id\":\"https:\\\/\\\/transcaribe.gov.co\\\/#website\"},\"primaryImageOfPage\":{\"@id\":\"https:\\\/\\\/transcaribe.gov.co\\\/index.php\\\/noticia\\\/7-buses-de-transcaribe-vandalizados-y-4-personas-heridas-tras-disturbios-en-el-jaime-moron\\\/#primaryimage\"},\"image\":{\"@id\":\"https:\\\/\\\/transcaribe.gov.co\\\/index.php\\\/noticia\\\/7-buses-de-transcaribe-vandalizados-y-4-personas-heridas-tras-disturbios-en-el-jaime-moron\\\/#primaryimage\"},\"thumbnailUrl\":\"https:\\\/\\\/transcaribe.gov.co\\\/wp-content\\\/uploads\\\/2025\\\/10\\\/WhatsApp-Image-2025-10-14-at-10.09.37.jpeg\",\"datePublished\":\"2025-11-13T16:11:50+00:00\",\"breadcrumb\":{\"@id\":\"https:\\\/\\\/transcaribe.gov.co\\\/index.php\\\/noticia\\\/7-buses-de-transcaribe-vandalizados-y-4-personas-heridas-tras-disturbios-en-el-jaime-moron\\\/#breadcrumb\"},\"inLanguage\":\"es\",\"potentialAction\":[{\"@type\":\"ReadAction\",\"target\":[\"https:\\\/\\\/transcaribe.gov.co\\\/index.php\\\/noticia\\\/7-buses-de-transcaribe-vandalizados-y-4-personas-heridas-tras-disturbios-en-el-jaime-moron\\\/\"]}]},{\"@type\":\"ImageObject\",\"inLanguage\":\"es\",\"@id\":\"https:\\\/\\\/transcaribe.gov.co\\\/index.php\\\/noticia\\\/7-buses-de-transcaribe-vandalizados-y-4-personas-heridas-tras-disturbios-en-el-jaime-moron\\\/#primaryimage\",\"url\":\"https:\\\/\\\/transcaribe.gov.co\\\/wp-content\\\/uploads\\\/2025\\\/10\\\/WhatsApp-Image-2025-10-14-at-10.09.37.jpeg\",\"contentUrl\":\"https:\\\/\\\/transcaribe.gov.co\\\/wp-content\\\/uploads\\\/2025\\\/10\\\/WhatsApp-Image-2025-10-14-at-10.09.37.jpeg\",\"width\":1074,\"height\":702},{\"@type\":\"BreadcrumbList\",\"@id\":\"https:\\\/\\\/transcaribe.gov.co\\\/index.php\\\/noticia\\\/7-buses-de-transcaribe-vandalizados-y-4-personas-heridas-tras-disturbios-en-el-jaime-moron\\\/#breadcrumb\",\"itemListElement\":[{\"@type\":\"ListItem\",\"position\":1,\"name\":\"Portada\",\"item\":\"https:\\\/\\\/transcaribe.gov.co\\\/\"},{\"@type\":\"ListItem\",\"position\":2,\"name\":\"7 buses de TransCaribe vandalizados y 4 personas heridas, tras disturbios en el Jaime Mor\u00f3n\"}]},{\"@type\":\"WebSite\",\"@id\":\"https:\\\/\\\/transcaribe.gov.co\\\/#website\",\"url\":\"https:\\\/\\\/transcaribe.gov.co\\\/\",\"name\":\"TRANSCARIBE\",\"description\":\"\",\"publisher\":{\"@id\":\"https:\\\/\\\/transcaribe.gov.co\\\/#organization\"},\"potentialAction\":[{\"@type\":\"SearchAction\",\"target\":{\"@type\":\"EntryPoint\",\"urlTemplate\":\"https:\\\/\\\/transcaribe.gov.co\\\/?s={search_term_string}\"},\"query-input\":{\"@type\":\"PropertyValueSpecification\",\"valueRequired\":true,\"valueName\":\"search_term_string\"}}],\"inLanguage\":\"es\"},{\"@type\":\"Organization\",\"@id\":\"https:\\\/\\\/transcaribe.gov.co\\\/#organization\",\"name\":\"TRANSCARIBE S.A.\",\"url\":\"https:\\\/\\\/transcaribe.gov.co\\\/\",\"logo\":{\"@type\":\"ImageObject\",\"inLanguage\":\"es\",\"@id\":\"https:\\\/\\\/transcaribe.gov.co\\\/#\\\/schema\\\/logo\\\/image\\\/\",\"url\":\"https:\\\/\\\/transcaribe.gov.co\\\/wp-content\\\/uploads\\\/2023\\\/10\\\/cropped-Favicon_Transcaribe.png\",\"contentUrl\":\"https:\\\/\\\/transcaribe.gov.co\\\/wp-content\\\/uploads\\\/2023\\\/10\\\/cropped-Favicon_Transcaribe.png\",\"width\":512,\"height\":512,\"caption\":\"TRANSCARIBE S.A.\"},\"image\":{\"@id\":\"https:\\\/\\\/transcaribe.gov.co\\\/#\\\/schema\\\/logo\\\/image\\\/\"},\"sameAs\":[\"https:\\\/\\\/www.facebook.com\\\/TranscaribeCTG\",\"https:\\\/\\\/x.com\\\/transcaribeSITM\",\"https:\\\/\\\/www.instagram.com\\\/Transcaribecartagena\\\/\",\"https:\\\/\\\/www.youtube.com\\\/channel\\\/UCyM8-7H1Ux9hsYGlCkSkQaA\"]}]}<\/script>\n<!-- \/ Yoast SEO plugin. -->","yoast_head_json":{"title":"7 buses de TransCaribe vandalizados y 4 personas heridas, tras disturbios en el Jaime Mor\u00f3n -","robots":{"index":"index","follow":"follow","max-snippet":"max-snippet:-1","max-image-preview":"max-image-preview:large","max-video-preview":"max-video-preview:-1"},"canonical":"https:\/\/transcaribe.gov.co\/index.php\/noticia\/7-buses-de-transcaribe-vandalizados-y-4-personas-heridas-tras-disturbios-en-el-jaime-moron\/","og_locale":"es_ES","og_type":"article","og_title":"7 buses de TransCaribe vandalizados y 4 personas heridas, tras disturbios en el Jaime Mor\u00f3n -","og_description":"La Alcald\u00eda de Cartagena, a trav\u00e9s de la Secretar\u00eda del Interior, con apoyo de la Polic\u00eda Metropolitana de Cartagena, denunci\u00f3 penalmente ante la Fiscal\u00eda General de la Naci\u00f3n a la barra \u201cRebeli\u00f3n Auriverde Norte\u201d, a sus l\u00edderes y a asistentes al Estadio de F\u00fatbol Jaime Mor\u00f3n, que vandalizaron infraestructura p\u00fablica y ocasionaron caos y perturbaciones [&hellip;]","og_url":"https:\/\/transcaribe.gov.co\/index.php\/noticia\/7-buses-de-transcaribe-vandalizados-y-4-personas-heridas-tras-disturbios-en-el-jaime-moron\/","article_publisher":"https:\/\/www.facebook.com\/TranscaribeCTG","og_image":[{"width":1074,"height":702,"url":"https:\/\/transcaribe.gov.co\/wp-content\/uploads\/2025\/10\/WhatsApp-Image-2025-10-14-at-10.09.37.jpeg","type":"image\/jpeg"}],"twitter_card":"summary_large_image","twitter_site":"@transcaribeSITM","twitter_misc":{"Tiempo de lectura":"2 minutos"},"schema":{"@context":"https:\/\/schema.org","@graph":[{"@type":"WebPage","@id":"https:\/\/transcaribe.gov.co\/index.php\/noticia\/7-buses-de-transcaribe-vandalizados-y-4-personas-heridas-tras-disturbios-en-el-jaime-moron\/","url":"https:\/\/transcaribe.gov.co\/index.php\/noticia\/7-buses-de-transcaribe-vandalizados-y-4-personas-heridas-tras-disturbios-en-el-jaime-moron\/","name":"7 buses de TransCaribe vandalizados y 4 personas heridas, tras disturbios en el Jaime Mor\u00f3n -","isPartOf":{"@id":"https:\/\/transcaribe.gov.co\/#website"},"primaryImageOfPage":{"@id":"https:\/\/transcaribe.gov.co\/index.php\/noticia\/7-buses-de-transcaribe-vandalizados-y-4-personas-heridas-tras-disturbios-en-el-jaime-moron\/#primaryimage"},"image":{"@id":"https:\/\/transcaribe.gov.co\/index.php\/noticia\/7-buses-de-transcaribe-vandalizados-y-4-personas-heridas-tras-disturbios-en-el-jaime-moron\/#primaryimage"},"thumbnailUrl":"https:\/\/transcaribe.gov.co\/wp-content\/uploads\/2025\/10\/WhatsApp-Image-2025-10-14-at-10.09.37.jpeg","datePublished":"2025-11-13T16:11:50+00:00","breadcrumb":{"@id":"https:\/\/transcaribe.gov.co\/index.php\/noticia\/7-buses-de-transcaribe-vandalizados-y-4-personas-heridas-tras-disturbios-en-el-jaime-moron\/#breadcrumb"},"inLanguage":"es","potentialAction":[{"@type":"ReadAction","target":["https:\/\/transcaribe.gov.co\/index.php\/noticia\/7-buses-de-transcaribe-vandalizados-y-4-personas-heridas-tras-disturbios-en-el-jaime-moron\/"]}]},{"@type":"ImageObject","inLanguage":"es","@id":"https:\/\/transcaribe.gov.co\/index.php\/noticia\/7-buses-de-transcaribe-vandalizados-y-4-personas-heridas-tras-disturbios-en-el-jaime-moron\/#primaryimage","url":"https:\/\/transcaribe.gov.co\/wp-content\/uploads\/2025\/10\/WhatsApp-Image-2025-10-14-at-10.09.37.jpeg","contentUrl":"https:\/\/transcaribe.gov.co\/wp-content\/uploads\/2025\/10\/WhatsApp-Image-2025-10-14-at-10.09.37.jpeg","width":1074,"height":702},{"@type":"BreadcrumbList","@id":"https:\/\/transcaribe.gov.co\/index.php\/noticia\/7-buses-de-transcaribe-vandalizados-y-4-personas-heridas-tras-disturbios-en-el-jaime-moron\/#breadcrumb","itemListElement":[{"@type":"ListItem","position":1,"name":"Portada","item":"https:\/\/transcaribe.gov.co\/"},{"@type":"ListItem","position":2,"name":"7 buses de TransCaribe vandalizados y 4 personas heridas, tras disturbios en el Jaime Mor\u00f3n"}]},{"@type":"WebSite","@id":"https:\/\/transcaribe.gov.co\/#website","url":"https:\/\/transcaribe.gov.co\/","name":"TRANSCARIBE","description":"","publisher":{"@id":"https:\/\/transcaribe.gov.co\/#organization"},"potentialAction":[{"@type":"SearchAction","target":{"@type":"EntryPoint","urlTemplate":"https:\/\/transcaribe.gov.co\/?s={search_term_string}"},"query-input":{"@type":"PropertyValueSpecification","valueRequired":true,"valueName":"search_term_string"}}],"inLanguage":"es"},{"@type":"Organization","@id":"https:\/\/transcaribe.gov.co\/#organization","name":"TRANSCARIBE S.A.","url":"https:\/\/transcaribe.gov.co\/","logo":{"@type":"ImageObject","inLanguage":"es","@id":"https:\/\/transcaribe.gov.co\/#\/schema\/logo\/image\/","url":"https:\/\/transcaribe.gov.co\/wp-content\/uploads\/2023\/10\/cropped-Favicon_Transcaribe.png","contentUrl":"https:\/\/transcaribe.gov.co\/wp-content\/uploads\/2023\/10\/cropped-Favicon_Transcaribe.png","width":512,"height":512,"caption":"TRANSCARIBE S.A."},"image":{"@id":"https:\/\/transcaribe.gov.co\/#\/schema\/logo\/image\/"},"sameAs":["https:\/\/www.facebook.com\/TranscaribeCTG","https:\/\/x.com\/transcaribeSITM","https:\/\/www.instagram.com\/Transcaribecartagena\/","https:\/\/www.youtube.com\/channel\/UCyM8-7H1Ux9hsYGlCkSkQaA"]}]}},"_links":{"self":[{"href":"https:\/\/transcaribe.gov.co\/index.php\/wp-json\/wp\/v2\/noticia\/7396","targetHints":{"allow":["GET"]}}],"collection":[{"href":"https:\/\/transcaribe.gov.co\/index.php\/wp-json\/wp\/v2\/noticia"}],"about":[{"href":"https:\/\/transcaribe.gov.co\/index.php\/wp-json\/wp\/v2\/types\/noticia"}],"author":[{"embeddable":true,"href":"https:\/\/transcaribe.gov.co\/index.php\/wp-json\/wp\/v2\/users\/3"}],"replies":[{"embeddable":true,"href":"https:\/\/transcaribe.gov.co\/index.php\/wp-json\/wp\/v2\/comments?post=7396"}],"version-history":[{"count":1,"href":"https:\/\/transcaribe.gov.co\/index.php\/wp-json\/wp\/v2\/noticia\/7396\/revisions"}],"predecessor-version":[{"id":7397,"href":"https:\/\/transcaribe.gov.co\/index.php\/wp-json\/wp\/v2\/noticia\/7396\/revisions\/7397"}],"wp:featuredmedia":[{"embeddable":true,"href":"https:\/\/transcaribe.gov.co\/index.php\/wp-json\/wp\/v2\/media\/7285"}],"wp:attachment":[{"href":"https:\/\/transcaribe.gov.co\/index.php\/wp-json\/wp\/v2\/media?parent=7396"}],"curies":[{"name":"wp","href":"https:\/\/api.w.org\/{rel}","templated":true}]}}