{"id":6289,"date":"2024-11-26T10:25:41","date_gmt":"2024-11-26T15:25:41","guid":{"rendered":"https:\/\/transcaribe.gov.co\/?post_type=noticia&#038;p=6289"},"modified":"2024-11-26T10:25:41","modified_gmt":"2024-11-26T15:25:41","slug":"cerca-de-150-hojas-de-vida-se-recibieron-en-la-feria-de-empleabilidad-de-transcaribe","status":"publish","type":"noticia","link":"https:\/\/transcaribe.gov.co\/index.php\/noticia\/cerca-de-150-hojas-de-vida-se-recibieron-en-la-feria-de-empleabilidad-de-transcaribe\/","title":{"rendered":"Cerca de 150 hojas de vida se recibieron en la Feria de Empleabilidad de Transcaribe"},"content":{"rendered":"<p><em><strong>El sistema hace un llamado a las personas que quieran trabajar como operadores de los veh\u00edculos, pues todav\u00eda hay vacantes para esta labor.<\/strong><\/em><\/p>\n<p><img fetchpriority=\"high\" decoding=\"async\" class=\"alignnone size-full wp-image-6290\" src=\"https:\/\/transcaribe.gov.co\/wp-content\/uploads\/2024\/11\/MEDIDOR-2-1.jpg\" alt=\"\" width=\"1280\" height=\"720\" srcset=\"https:\/\/transcaribe.gov.co\/wp-content\/uploads\/2024\/11\/MEDIDOR-2-1.jpg 1280w, https:\/\/transcaribe.gov.co\/wp-content\/uploads\/2024\/11\/MEDIDOR-2-1-300x169.jpg 300w, https:\/\/transcaribe.gov.co\/wp-content\/uploads\/2024\/11\/MEDIDOR-2-1-1024x576.jpg 1024w, https:\/\/transcaribe.gov.co\/wp-content\/uploads\/2024\/11\/MEDIDOR-2-1-768x432.jpg 768w\" sizes=\"(max-width: 1280px) 100vw, 1280px\" \/><\/p>\n<p>Cerca de 150 hojas de vida se recibieron durante la primera Feria de Empleabilidad de Transcaribe, en la cual se ofertaron vacantes para distintos perfiles, en las tres empresas que se encargan de la operaci\u00f3n del sistema.<\/p>\n<p>Durante la feria realizada en el parqueadero del edificio administrativo de Transcaribe en la Urbanizaci\u00f3n Anita, se recibieron 149 hojas de vidas, distribuidas as\u00ed: 19 personas se presentaron para las vacantes de mantenimiento, 55 para las de almacenistas, 4 para gestor de flota, 4 para log\u00edstica, 23 para seguridad vial, 31 para mec\u00e1nicos, 9 para operadores del sistema, y 7 para otros perfiles.<\/p>\n<p>\u201cAgradecemos a la ciudadan\u00eda cartagenera por participar de este espacio. Estamos ya en la fase de evaluaci\u00f3n de los perfiles de los postulados, con las tres empresas que operan el sistema, para proceder a la selecci\u00f3n y vinculaci\u00f3n de los mismos\u201d, indic\u00f3 Ercilia Barrios Fl\u00f3rez, gerente del sistema.<\/p>\n<p>Sin embargo, la funcionaria reiter\u00f3 la invitaci\u00f3n para las personas que deseen vincularse como conductores del sistema, pues la necesidad de este perfil sigue siendo bastante alta.<\/p>\n<p>\u201cRecibimos muchas hojas de vida en la mayor\u00eda de los perfiles que requer\u00edamos. Sin embargo, se presentaron pocos candidatos para ser operadores o conductores de nuestros veh\u00edculos. Por esto, seguimos invitando a todas las personas que cumplan con los requisitos, para que traigan sus hojas de vida y hagan parte del equipo Transcaribe\u201d, expres\u00f3 Barrios Fl\u00f3rez.<\/p>\n<p>Los requisitos para ser operador de veh\u00edculo del sistema son: contar con licencia de conducci\u00f3n categor\u00eda C2 o C3, y experiencia m\u00ednima de un a\u00f1o en conducci\u00f3n de veh\u00edculos de carga o transporte p\u00fablico.<\/p>\n<p>Las hojas de vida se reciben en las oficinas de las empresas que manejan la operaci\u00f3n del sistema, Sotramac, Transambiental y CCSI, en los patios talleres del sistema.<\/p>\n<div class='cb-post-url-qr-code'><br><img src='https:\/\/api.qrserver.com\/v1\/create-qr-code\/?size=185x185&ecc=L&qzone=1&data=https%3A%2F%2Ftranscaribe.gov.co%2Findex.php%2Fnoticia%2Fcerca-de-150-hojas-de-vida-se-recibieron-en-la-feria-de-empleabilidad-de-transcaribe%2F' alt='Cerca de 150 hojas de vida se recibieron en la Feria de Empleabilidad de Transcaribe'\/><\/div>","protected":false},"excerpt":{"rendered":"<p>El sistema hace un llamado a las personas que quieran trabajar como operadores de los veh\u00edculos, pues todav\u00eda hay vacantes para esta labor. Cerca de 150 hojas de vida se recibieron durante la primera Feria de Empleabilidad de Transcaribe, en la cual se ofertaron vacantes para distintos perfiles, en las tres empresas que se encargan [&hellip;]<\/p>\n","protected":false},"author":3,"featured_media":6290,"menu_order":0,"comment_status":"open","ping_status":"open","template":"","format":"standard","meta":{"footnotes":""},"class_list":["post-6289","noticia","type-noticia","status-publish","format-standard","has-post-thumbnail","hentry"],"yoast_head":"<!-- This site is optimized with the Yoast SEO plugin v27.3 - https:\/\/yoast.com\/product\/yoast-seo-wordpress\/ -->\n<title>Cerca de 150 hojas de vida se recibieron en la Feria de Empleabilidad de Transcaribe -<\/title>\n<meta name=\"robots\" content=\"index, follow, max-snippet:-1, max-image-preview:large, max-video-preview:-1\" \/>\n<link rel=\"canonical\" href=\"https:\/\/transcaribe.gov.co\/index.php\/noticia\/cerca-de-150-hojas-de-vida-se-recibieron-en-la-feria-de-empleabilidad-de-transcaribe\/\" \/>\n<meta property=\"og:locale\" content=\"es_ES\" \/>\n<meta property=\"og:type\" content=\"article\" \/>\n<meta property=\"og:title\" content=\"Cerca de 150 hojas de vida se recibieron en la Feria de Empleabilidad de Transcaribe -\" \/>\n<meta property=\"og:description\" content=\"El sistema hace un llamado a las personas que quieran trabajar como operadores de los veh\u00edculos, pues todav\u00eda hay vacantes para esta labor. Cerca de 150 hojas de vida se recibieron durante la primera Feria de Empleabilidad de Transcaribe, en la cual se ofertaron vacantes para distintos perfiles, en las tres empresas que se encargan [&hellip;]\" \/>\n<meta property=\"og:url\" content=\"https:\/\/transcaribe.gov.co\/index.php\/noticia\/cerca-de-150-hojas-de-vida-se-recibieron-en-la-feria-de-empleabilidad-de-transcaribe\/\" \/>\n<meta property=\"article:publisher\" content=\"https:\/\/www.facebook.com\/TranscaribeCTG\" \/>\n<meta property=\"og:image\" content=\"https:\/\/transcaribe.gov.co\/wp-content\/uploads\/2024\/11\/MEDIDOR-2-1.jpg\" \/>\n\t<meta property=\"og:image:width\" content=\"1280\" \/>\n\t<meta property=\"og:image:height\" content=\"720\" \/>\n\t<meta property=\"og:image:type\" content=\"image\/jpeg\" \/>\n<meta name=\"twitter:card\" content=\"summary_large_image\" \/>\n<meta name=\"twitter:site\" content=\"@transcaribeSITM\" \/>\n<meta name=\"twitter:label1\" content=\"Tiempo de lectura\" \/>\n\t<meta name=\"twitter:data1\" content=\"2 minutos\" \/>\n<script type=\"application\/ld+json\" class=\"yoast-schema-graph\">{\"@context\":\"https:\\\/\\\/schema.org\",\"@graph\":[{\"@type\":\"WebPage\",\"@id\":\"https:\\\/\\\/transcaribe.gov.co\\\/index.php\\\/noticia\\\/cerca-de-150-hojas-de-vida-se-recibieron-en-la-feria-de-empleabilidad-de-transcaribe\\\/\",\"url\":\"https:\\\/\\\/transcaribe.gov.co\\\/index.php\\\/noticia\\\/cerca-de-150-hojas-de-vida-se-recibieron-en-la-feria-de-empleabilidad-de-transcaribe\\\/\",\"name\":\"Cerca de 150 hojas de vida se recibieron en la Feria de Empleabilidad de Transcaribe -\",\"isPartOf\":{\"@id\":\"https:\\\/\\\/transcaribe.gov.co\\\/#website\"},\"primaryImageOfPage\":{\"@id\":\"https:\\\/\\\/transcaribe.gov.co\\\/index.php\\\/noticia\\\/cerca-de-150-hojas-de-vida-se-recibieron-en-la-feria-de-empleabilidad-de-transcaribe\\\/#primaryimage\"},\"image\":{\"@id\":\"https:\\\/\\\/transcaribe.gov.co\\\/index.php\\\/noticia\\\/cerca-de-150-hojas-de-vida-se-recibieron-en-la-feria-de-empleabilidad-de-transcaribe\\\/#primaryimage\"},\"thumbnailUrl\":\"https:\\\/\\\/transcaribe.gov.co\\\/wp-content\\\/uploads\\\/2024\\\/11\\\/MEDIDOR-2-1.jpg\",\"datePublished\":\"2024-11-26T15:25:41+00:00\",\"breadcrumb\":{\"@id\":\"https:\\\/\\\/transcaribe.gov.co\\\/index.php\\\/noticia\\\/cerca-de-150-hojas-de-vida-se-recibieron-en-la-feria-de-empleabilidad-de-transcaribe\\\/#breadcrumb\"},\"inLanguage\":\"es\",\"potentialAction\":[{\"@type\":\"ReadAction\",\"target\":[\"https:\\\/\\\/transcaribe.gov.co\\\/index.php\\\/noticia\\\/cerca-de-150-hojas-de-vida-se-recibieron-en-la-feria-de-empleabilidad-de-transcaribe\\\/\"]}]},{\"@type\":\"ImageObject\",\"inLanguage\":\"es\",\"@id\":\"https:\\\/\\\/transcaribe.gov.co\\\/index.php\\\/noticia\\\/cerca-de-150-hojas-de-vida-se-recibieron-en-la-feria-de-empleabilidad-de-transcaribe\\\/#primaryimage\",\"url\":\"https:\\\/\\\/transcaribe.gov.co\\\/wp-content\\\/uploads\\\/2024\\\/11\\\/MEDIDOR-2-1.jpg\",\"contentUrl\":\"https:\\\/\\\/transcaribe.gov.co\\\/wp-content\\\/uploads\\\/2024\\\/11\\\/MEDIDOR-2-1.jpg\",\"width\":1280,\"height\":720},{\"@type\":\"BreadcrumbList\",\"@id\":\"https:\\\/\\\/transcaribe.gov.co\\\/index.php\\\/noticia\\\/cerca-de-150-hojas-de-vida-se-recibieron-en-la-feria-de-empleabilidad-de-transcaribe\\\/#breadcrumb\",\"itemListElement\":[{\"@type\":\"ListItem\",\"position\":1,\"name\":\"Portada\",\"item\":\"https:\\\/\\\/transcaribe.gov.co\\\/\"},{\"@type\":\"ListItem\",\"position\":2,\"name\":\"Cerca de 150 hojas de vida se recibieron en la Feria de Empleabilidad de Transcaribe\"}]},{\"@type\":\"WebSite\",\"@id\":\"https:\\\/\\\/transcaribe.gov.co\\\/#website\",\"url\":\"https:\\\/\\\/transcaribe.gov.co\\\/\",\"name\":\"TRANSCARIBE\",\"description\":\"\",\"publisher\":{\"@id\":\"https:\\\/\\\/transcaribe.gov.co\\\/#organization\"},\"potentialAction\":[{\"@type\":\"SearchAction\",\"target\":{\"@type\":\"EntryPoint\",\"urlTemplate\":\"https:\\\/\\\/transcaribe.gov.co\\\/?s={search_term_string}\"},\"query-input\":{\"@type\":\"PropertyValueSpecification\",\"valueRequired\":true,\"valueName\":\"search_term_string\"}}],\"inLanguage\":\"es\"},{\"@type\":\"Organization\",\"@id\":\"https:\\\/\\\/transcaribe.gov.co\\\/#organization\",\"name\":\"TRANSCARIBE S.A.\",\"url\":\"https:\\\/\\\/transcaribe.gov.co\\\/\",\"logo\":{\"@type\":\"ImageObject\",\"inLanguage\":\"es\",\"@id\":\"https:\\\/\\\/transcaribe.gov.co\\\/#\\\/schema\\\/logo\\\/image\\\/\",\"url\":\"https:\\\/\\\/transcaribe.gov.co\\\/wp-content\\\/uploads\\\/2023\\\/10\\\/cropped-Favicon_Transcaribe.png\",\"contentUrl\":\"https:\\\/\\\/transcaribe.gov.co\\\/wp-content\\\/uploads\\\/2023\\\/10\\\/cropped-Favicon_Transcaribe.png\",\"width\":512,\"height\":512,\"caption\":\"TRANSCARIBE S.A.\"},\"image\":{\"@id\":\"https:\\\/\\\/transcaribe.gov.co\\\/#\\\/schema\\\/logo\\\/image\\\/\"},\"sameAs\":[\"https:\\\/\\\/www.facebook.com\\\/TranscaribeCTG\",\"https:\\\/\\\/x.com\\\/transcaribeSITM\",\"https:\\\/\\\/www.instagram.com\\\/Transcaribecartagena\\\/\",\"https:\\\/\\\/www.youtube.com\\\/channel\\\/UCyM8-7H1Ux9hsYGlCkSkQaA\"]}]}<\/script>\n<!-- \/ Yoast SEO plugin. -->","yoast_head_json":{"title":"Cerca de 150 hojas de vida se recibieron en la Feria de Empleabilidad de Transcaribe -","robots":{"index":"index","follow":"follow","max-snippet":"max-snippet:-1","max-image-preview":"max-image-preview:large","max-video-preview":"max-video-preview:-1"},"canonical":"https:\/\/transcaribe.gov.co\/index.php\/noticia\/cerca-de-150-hojas-de-vida-se-recibieron-en-la-feria-de-empleabilidad-de-transcaribe\/","og_locale":"es_ES","og_type":"article","og_title":"Cerca de 150 hojas de vida se recibieron en la Feria de Empleabilidad de Transcaribe -","og_description":"El sistema hace un llamado a las personas que quieran trabajar como operadores de los veh\u00edculos, pues todav\u00eda hay vacantes para esta labor. Cerca de 150 hojas de vida se recibieron durante la primera Feria de Empleabilidad de Transcaribe, en la cual se ofertaron vacantes para distintos perfiles, en las tres empresas que se encargan [&hellip;]","og_url":"https:\/\/transcaribe.gov.co\/index.php\/noticia\/cerca-de-150-hojas-de-vida-se-recibieron-en-la-feria-de-empleabilidad-de-transcaribe\/","article_publisher":"https:\/\/www.facebook.com\/TranscaribeCTG","og_image":[{"width":1280,"height":720,"url":"https:\/\/transcaribe.gov.co\/wp-content\/uploads\/2024\/11\/MEDIDOR-2-1.jpg","type":"image\/jpeg"}],"twitter_card":"summary_large_image","twitter_site":"@transcaribeSITM","twitter_misc":{"Tiempo de lectura":"2 minutos"},"schema":{"@context":"https:\/\/schema.org","@graph":[{"@type":"WebPage","@id":"https:\/\/transcaribe.gov.co\/index.php\/noticia\/cerca-de-150-hojas-de-vida-se-recibieron-en-la-feria-de-empleabilidad-de-transcaribe\/","url":"https:\/\/transcaribe.gov.co\/index.php\/noticia\/cerca-de-150-hojas-de-vida-se-recibieron-en-la-feria-de-empleabilidad-de-transcaribe\/","name":"Cerca de 150 hojas de vida se recibieron en la Feria de Empleabilidad de Transcaribe -","isPartOf":{"@id":"https:\/\/transcaribe.gov.co\/#website"},"primaryImageOfPage":{"@id":"https:\/\/transcaribe.gov.co\/index.php\/noticia\/cerca-de-150-hojas-de-vida-se-recibieron-en-la-feria-de-empleabilidad-de-transcaribe\/#primaryimage"},"image":{"@id":"https:\/\/transcaribe.gov.co\/index.php\/noticia\/cerca-de-150-hojas-de-vida-se-recibieron-en-la-feria-de-empleabilidad-de-transcaribe\/#primaryimage"},"thumbnailUrl":"https:\/\/transcaribe.gov.co\/wp-content\/uploads\/2024\/11\/MEDIDOR-2-1.jpg","datePublished":"2024-11-26T15:25:41+00:00","breadcrumb":{"@id":"https:\/\/transcaribe.gov.co\/index.php\/noticia\/cerca-de-150-hojas-de-vida-se-recibieron-en-la-feria-de-empleabilidad-de-transcaribe\/#breadcrumb"},"inLanguage":"es","potentialAction":[{"@type":"ReadAction","target":["https:\/\/transcaribe.gov.co\/index.php\/noticia\/cerca-de-150-hojas-de-vida-se-recibieron-en-la-feria-de-empleabilidad-de-transcaribe\/"]}]},{"@type":"ImageObject","inLanguage":"es","@id":"https:\/\/transcaribe.gov.co\/index.php\/noticia\/cerca-de-150-hojas-de-vida-se-recibieron-en-la-feria-de-empleabilidad-de-transcaribe\/#primaryimage","url":"https:\/\/transcaribe.gov.co\/wp-content\/uploads\/2024\/11\/MEDIDOR-2-1.jpg","contentUrl":"https:\/\/transcaribe.gov.co\/wp-content\/uploads\/2024\/11\/MEDIDOR-2-1.jpg","width":1280,"height":720},{"@type":"BreadcrumbList","@id":"https:\/\/transcaribe.gov.co\/index.php\/noticia\/cerca-de-150-hojas-de-vida-se-recibieron-en-la-feria-de-empleabilidad-de-transcaribe\/#breadcrumb","itemListElement":[{"@type":"ListItem","position":1,"name":"Portada","item":"https:\/\/transcaribe.gov.co\/"},{"@type":"ListItem","position":2,"name":"Cerca de 150 hojas de vida se recibieron en la Feria de Empleabilidad de Transcaribe"}]},{"@type":"WebSite","@id":"https:\/\/transcaribe.gov.co\/#website","url":"https:\/\/transcaribe.gov.co\/","name":"TRANSCARIBE","description":"","publisher":{"@id":"https:\/\/transcaribe.gov.co\/#organization"},"potentialAction":[{"@type":"SearchAction","target":{"@type":"EntryPoint","urlTemplate":"https:\/\/transcaribe.gov.co\/?s={search_term_string}"},"query-input":{"@type":"PropertyValueSpecification","valueRequired":true,"valueName":"search_term_string"}}],"inLanguage":"es"},{"@type":"Organization","@id":"https:\/\/transcaribe.gov.co\/#organization","name":"TRANSCARIBE S.A.","url":"https:\/\/transcaribe.gov.co\/","logo":{"@type":"ImageObject","inLanguage":"es","@id":"https:\/\/transcaribe.gov.co\/#\/schema\/logo\/image\/","url":"https:\/\/transcaribe.gov.co\/wp-content\/uploads\/2023\/10\/cropped-Favicon_Transcaribe.png","contentUrl":"https:\/\/transcaribe.gov.co\/wp-content\/uploads\/2023\/10\/cropped-Favicon_Transcaribe.png","width":512,"height":512,"caption":"TRANSCARIBE S.A."},"image":{"@id":"https:\/\/transcaribe.gov.co\/#\/schema\/logo\/image\/"},"sameAs":["https:\/\/www.facebook.com\/TranscaribeCTG","https:\/\/x.com\/transcaribeSITM","https:\/\/www.instagram.com\/Transcaribecartagena\/","https:\/\/www.youtube.com\/channel\/UCyM8-7H1Ux9hsYGlCkSkQaA"]}]}},"_links":{"self":[{"href":"https:\/\/transcaribe.gov.co\/index.php\/wp-json\/wp\/v2\/noticia\/6289","targetHints":{"allow":["GET"]}}],"collection":[{"href":"https:\/\/transcaribe.gov.co\/index.php\/wp-json\/wp\/v2\/noticia"}],"about":[{"href":"https:\/\/transcaribe.gov.co\/index.php\/wp-json\/wp\/v2\/types\/noticia"}],"author":[{"embeddable":true,"href":"https:\/\/transcaribe.gov.co\/index.php\/wp-json\/wp\/v2\/users\/3"}],"replies":[{"embeddable":true,"href":"https:\/\/transcaribe.gov.co\/index.php\/wp-json\/wp\/v2\/comments?post=6289"}],"version-history":[{"count":1,"href":"https:\/\/transcaribe.gov.co\/index.php\/wp-json\/wp\/v2\/noticia\/6289\/revisions"}],"predecessor-version":[{"id":6291,"href":"https:\/\/transcaribe.gov.co\/index.php\/wp-json\/wp\/v2\/noticia\/6289\/revisions\/6291"}],"wp:featuredmedia":[{"embeddable":true,"href":"https:\/\/transcaribe.gov.co\/index.php\/wp-json\/wp\/v2\/media\/6290"}],"wp:attachment":[{"href":"https:\/\/transcaribe.gov.co\/index.php\/wp-json\/wp\/v2\/media?parent=6289"}],"curies":[{"name":"wp","href":"https:\/\/api.w.org\/{rel}","templated":true}]}}