{"id":6209,"date":"2024-10-11T13:56:44","date_gmt":"2024-10-11T18:56:44","guid":{"rendered":"https:\/\/transcaribe.gov.co\/?post_type=noticia&#038;p=6209"},"modified":"2024-10-11T13:56:44","modified_gmt":"2024-10-11T18:56:44","slug":"tu-sistema-sigue-avanzando-transcaribe-mejora-distribucion-de-paradas-y-cobertura-en-algunas-estaciones","status":"publish","type":"noticia","link":"https:\/\/transcaribe.gov.co\/index.php\/noticia\/tu-sistema-sigue-avanzando-transcaribe-mejora-distribucion-de-paradas-y-cobertura-en-algunas-estaciones\/","title":{"rendered":"Tu sistema sigue avanzando: Transcaribe mejora distribuci\u00f3n de paradas y cobertura en algunas estaciones"},"content":{"rendered":"<h3><em><strong>Tras la intervenci\u00f3n en la infraestructura que permiti\u00f3 renovar las estaciones, se pondr\u00e1n en servicio los segundos vagones de Las Delicias y Villa Ol\u00edmpica.<\/strong><\/em><\/h3>\n<p><img fetchpriority=\"high\" decoding=\"async\" class=\"alignnone size-full wp-image-6210\" src=\"https:\/\/transcaribe.gov.co\/wp-content\/uploads\/2024\/10\/IMG_4598-scaled.jpeg\" alt=\"\" width=\"2560\" height=\"1920\" srcset=\"https:\/\/transcaribe.gov.co\/wp-content\/uploads\/2024\/10\/IMG_4598-scaled.jpeg 2560w, https:\/\/transcaribe.gov.co\/wp-content\/uploads\/2024\/10\/IMG_4598-300x225.jpeg 300w, https:\/\/transcaribe.gov.co\/wp-content\/uploads\/2024\/10\/IMG_4598-1024x768.jpeg 1024w, https:\/\/transcaribe.gov.co\/wp-content\/uploads\/2024\/10\/IMG_4598-768x576.jpeg 768w, https:\/\/transcaribe.gov.co\/wp-content\/uploads\/2024\/10\/IMG_4598-1536x1152.jpeg 1536w, https:\/\/transcaribe.gov.co\/wp-content\/uploads\/2024\/10\/IMG_4598-2048x1536.jpeg 2048w\" sizes=\"(max-width: 2560px) 100vw, 2560px\" \/><\/p>\n<p>Desde este martes 15 de octubre, Transcaribe aplicar\u00e1 mejoras en las paradas de algunas de sus rutas. Por primera vez, se pondr\u00e1n en funcionamiento los segundos vagones de las estaciones Las Delicias y Villa Ol\u00edmpica, y se fortalecer\u00e1 la cobertura en la estaci\u00f3n Los \u00c1ngeles.<\/p>\n<p>Luego de la intervenci\u00f3n en su infraestructura, las renovadas estaciones de Las Delicias y Villa Ol\u00edmpica tendr\u00e1n en funcionamiento sus dos vagones. Con esta buena noticia, se mejorar\u00e1 la distribuci\u00f3n de paradas de las rutas en ambas estaciones.<\/p>\n<p>Ahora en el Vag\u00f3n A de Las Delicias, parar\u00e1n las rutas X102 y X105, mientras que, en el B, lo har\u00e1n las rutas X103 y X106.<\/p>\n<p>En la estaci\u00f3n Villa Ol\u00edmpica se adicionar\u00e1 una nueva ruta que har\u00e1 paradas all\u00ed. Desde el martes 15, la ruta T101 Portal \u2013 Centro tendr\u00e1 paradas en el Vag\u00f3n B de esta estaci\u00f3n, sum\u00e1ndose a las rutas X101 y T102, que paran en el Vag\u00f3n A.<\/p>\n<p>Entretanto, y tras escuchar las peticiones de nuestros usuarios, se ampliar\u00e1 la cobertura en la estaci\u00f3n Los \u00c1ngeles. A la ruta T102, que actualmente hace paradas all\u00ed, se le sumar\u00e1 desde el martes 15 la ruta T103 Portal \u2013 Bocagrande.<\/p>\n<p>\u201cSeguimos avanzando en mejorar nuestro servicio. La gran intervenci\u00f3n que hemos realizado en todas las estaciones nos permite tomar estas decisiones que, sin duda, mejorar\u00e1n la experiencia de nuestros usuarios. Adem\u00e1s, siguiendo el ejemplo de nuestro alcalde Dumek Turbay, escuchamos a la ciudadan\u00eda y tomamos decisiones pensando en ellos\u201d, indic\u00f3 Ercilia Barrios Fl\u00f3rez, gerente de Transcaribe.<\/p>\n<div class='cb-post-url-qr-code'><br><img src='https:\/\/api.qrserver.com\/v1\/create-qr-code\/?size=185x185&ecc=L&qzone=1&data=https%3A%2F%2Ftranscaribe.gov.co%2Findex.php%2Fnoticia%2Ftu-sistema-sigue-avanzando-transcaribe-mejora-distribucion-de-paradas-y-cobertura-en-algunas-estaciones%2F' alt='Tu sistema sigue avanzando: Transcaribe mejora distribuci\u00f3n de paradas y cobertura en algunas estaciones'\/><\/div>","protected":false},"excerpt":{"rendered":"<p>Tras la intervenci\u00f3n en la infraestructura que permiti\u00f3 renovar las estaciones, se pondr\u00e1n en servicio los segundos vagones de Las Delicias y Villa Ol\u00edmpica. Desde este martes 15 de octubre, Transcaribe aplicar\u00e1 mejoras en las paradas de algunas de sus rutas. Por primera vez, se pondr\u00e1n en funcionamiento los segundos vagones de las estaciones Las [&hellip;]<\/p>\n","protected":false},"author":3,"featured_media":6210,"menu_order":0,"comment_status":"open","ping_status":"open","template":"","format":"standard","meta":{"footnotes":""},"class_list":["post-6209","noticia","type-noticia","status-publish","format-standard","has-post-thumbnail","hentry"],"yoast_head":"<!-- This site is optimized with the Yoast SEO plugin v27.3 - https:\/\/yoast.com\/product\/yoast-seo-wordpress\/ -->\n<title>Tu sistema sigue avanzando: Transcaribe mejora distribuci\u00f3n de paradas y cobertura en algunas estaciones -<\/title>\n<meta name=\"robots\" content=\"index, follow, max-snippet:-1, max-image-preview:large, max-video-preview:-1\" \/>\n<link rel=\"canonical\" href=\"https:\/\/transcaribe.gov.co\/index.php\/noticia\/tu-sistema-sigue-avanzando-transcaribe-mejora-distribucion-de-paradas-y-cobertura-en-algunas-estaciones\/\" \/>\n<meta property=\"og:locale\" content=\"es_ES\" \/>\n<meta property=\"og:type\" content=\"article\" \/>\n<meta property=\"og:title\" content=\"Tu sistema sigue avanzando: Transcaribe mejora distribuci\u00f3n de paradas y cobertura en algunas estaciones -\" \/>\n<meta property=\"og:description\" content=\"Tras la intervenci\u00f3n en la infraestructura que permiti\u00f3 renovar las estaciones, se pondr\u00e1n en servicio los segundos vagones de Las Delicias y Villa Ol\u00edmpica. Desde este martes 15 de octubre, Transcaribe aplicar\u00e1 mejoras en las paradas de algunas de sus rutas. Por primera vez, se pondr\u00e1n en funcionamiento los segundos vagones de las estaciones Las [&hellip;]\" \/>\n<meta property=\"og:url\" content=\"https:\/\/transcaribe.gov.co\/index.php\/noticia\/tu-sistema-sigue-avanzando-transcaribe-mejora-distribucion-de-paradas-y-cobertura-en-algunas-estaciones\/\" \/>\n<meta property=\"article:publisher\" content=\"https:\/\/www.facebook.com\/TranscaribeCTG\" \/>\n<meta property=\"og:image\" content=\"https:\/\/transcaribe.gov.co\/wp-content\/uploads\/2024\/10\/IMG_4598-scaled.jpeg\" \/>\n\t<meta property=\"og:image:width\" content=\"2560\" \/>\n\t<meta property=\"og:image:height\" content=\"1920\" \/>\n\t<meta property=\"og:image:type\" content=\"image\/jpeg\" \/>\n<meta name=\"twitter:card\" content=\"summary_large_image\" \/>\n<meta name=\"twitter:site\" content=\"@transcaribeSITM\" \/>\n<meta name=\"twitter:label1\" content=\"Tiempo de lectura\" \/>\n\t<meta name=\"twitter:data1\" content=\"1 minuto\" \/>\n<script type=\"application\/ld+json\" class=\"yoast-schema-graph\">{\"@context\":\"https:\\\/\\\/schema.org\",\"@graph\":[{\"@type\":\"WebPage\",\"@id\":\"https:\\\/\\\/transcaribe.gov.co\\\/index.php\\\/noticia\\\/tu-sistema-sigue-avanzando-transcaribe-mejora-distribucion-de-paradas-y-cobertura-en-algunas-estaciones\\\/\",\"url\":\"https:\\\/\\\/transcaribe.gov.co\\\/index.php\\\/noticia\\\/tu-sistema-sigue-avanzando-transcaribe-mejora-distribucion-de-paradas-y-cobertura-en-algunas-estaciones\\\/\",\"name\":\"Tu sistema sigue avanzando: Transcaribe mejora distribuci\u00f3n de paradas y cobertura en algunas estaciones -\",\"isPartOf\":{\"@id\":\"https:\\\/\\\/transcaribe.gov.co\\\/#website\"},\"primaryImageOfPage\":{\"@id\":\"https:\\\/\\\/transcaribe.gov.co\\\/index.php\\\/noticia\\\/tu-sistema-sigue-avanzando-transcaribe-mejora-distribucion-de-paradas-y-cobertura-en-algunas-estaciones\\\/#primaryimage\"},\"image\":{\"@id\":\"https:\\\/\\\/transcaribe.gov.co\\\/index.php\\\/noticia\\\/tu-sistema-sigue-avanzando-transcaribe-mejora-distribucion-de-paradas-y-cobertura-en-algunas-estaciones\\\/#primaryimage\"},\"thumbnailUrl\":\"https:\\\/\\\/transcaribe.gov.co\\\/wp-content\\\/uploads\\\/2024\\\/10\\\/IMG_4598-scaled.jpeg\",\"datePublished\":\"2024-10-11T18:56:44+00:00\",\"breadcrumb\":{\"@id\":\"https:\\\/\\\/transcaribe.gov.co\\\/index.php\\\/noticia\\\/tu-sistema-sigue-avanzando-transcaribe-mejora-distribucion-de-paradas-y-cobertura-en-algunas-estaciones\\\/#breadcrumb\"},\"inLanguage\":\"es\",\"potentialAction\":[{\"@type\":\"ReadAction\",\"target\":[\"https:\\\/\\\/transcaribe.gov.co\\\/index.php\\\/noticia\\\/tu-sistema-sigue-avanzando-transcaribe-mejora-distribucion-de-paradas-y-cobertura-en-algunas-estaciones\\\/\"]}]},{\"@type\":\"ImageObject\",\"inLanguage\":\"es\",\"@id\":\"https:\\\/\\\/transcaribe.gov.co\\\/index.php\\\/noticia\\\/tu-sistema-sigue-avanzando-transcaribe-mejora-distribucion-de-paradas-y-cobertura-en-algunas-estaciones\\\/#primaryimage\",\"url\":\"https:\\\/\\\/transcaribe.gov.co\\\/wp-content\\\/uploads\\\/2024\\\/10\\\/IMG_4598-scaled.jpeg\",\"contentUrl\":\"https:\\\/\\\/transcaribe.gov.co\\\/wp-content\\\/uploads\\\/2024\\\/10\\\/IMG_4598-scaled.jpeg\",\"width\":2560,\"height\":1920},{\"@type\":\"BreadcrumbList\",\"@id\":\"https:\\\/\\\/transcaribe.gov.co\\\/index.php\\\/noticia\\\/tu-sistema-sigue-avanzando-transcaribe-mejora-distribucion-de-paradas-y-cobertura-en-algunas-estaciones\\\/#breadcrumb\",\"itemListElement\":[{\"@type\":\"ListItem\",\"position\":1,\"name\":\"Portada\",\"item\":\"https:\\\/\\\/transcaribe.gov.co\\\/\"},{\"@type\":\"ListItem\",\"position\":2,\"name\":\"Tu sistema sigue avanzando: Transcaribe mejora distribuci\u00f3n de paradas y cobertura en algunas estaciones\"}]},{\"@type\":\"WebSite\",\"@id\":\"https:\\\/\\\/transcaribe.gov.co\\\/#website\",\"url\":\"https:\\\/\\\/transcaribe.gov.co\\\/\",\"name\":\"TRANSCARIBE\",\"description\":\"\",\"publisher\":{\"@id\":\"https:\\\/\\\/transcaribe.gov.co\\\/#organization\"},\"potentialAction\":[{\"@type\":\"SearchAction\",\"target\":{\"@type\":\"EntryPoint\",\"urlTemplate\":\"https:\\\/\\\/transcaribe.gov.co\\\/?s={search_term_string}\"},\"query-input\":{\"@type\":\"PropertyValueSpecification\",\"valueRequired\":true,\"valueName\":\"search_term_string\"}}],\"inLanguage\":\"es\"},{\"@type\":\"Organization\",\"@id\":\"https:\\\/\\\/transcaribe.gov.co\\\/#organization\",\"name\":\"TRANSCARIBE S.A.\",\"url\":\"https:\\\/\\\/transcaribe.gov.co\\\/\",\"logo\":{\"@type\":\"ImageObject\",\"inLanguage\":\"es\",\"@id\":\"https:\\\/\\\/transcaribe.gov.co\\\/#\\\/schema\\\/logo\\\/image\\\/\",\"url\":\"https:\\\/\\\/transcaribe.gov.co\\\/wp-content\\\/uploads\\\/2023\\\/10\\\/cropped-Favicon_Transcaribe.png\",\"contentUrl\":\"https:\\\/\\\/transcaribe.gov.co\\\/wp-content\\\/uploads\\\/2023\\\/10\\\/cropped-Favicon_Transcaribe.png\",\"width\":512,\"height\":512,\"caption\":\"TRANSCARIBE S.A.\"},\"image\":{\"@id\":\"https:\\\/\\\/transcaribe.gov.co\\\/#\\\/schema\\\/logo\\\/image\\\/\"},\"sameAs\":[\"https:\\\/\\\/www.facebook.com\\\/TranscaribeCTG\",\"https:\\\/\\\/x.com\\\/transcaribeSITM\",\"https:\\\/\\\/www.instagram.com\\\/Transcaribecartagena\\\/\",\"https:\\\/\\\/www.youtube.com\\\/channel\\\/UCyM8-7H1Ux9hsYGlCkSkQaA\"]}]}<\/script>\n<!-- \/ Yoast SEO plugin. -->","yoast_head_json":{"title":"Tu sistema sigue avanzando: Transcaribe mejora distribuci\u00f3n de paradas y cobertura en algunas estaciones -","robots":{"index":"index","follow":"follow","max-snippet":"max-snippet:-1","max-image-preview":"max-image-preview:large","max-video-preview":"max-video-preview:-1"},"canonical":"https:\/\/transcaribe.gov.co\/index.php\/noticia\/tu-sistema-sigue-avanzando-transcaribe-mejora-distribucion-de-paradas-y-cobertura-en-algunas-estaciones\/","og_locale":"es_ES","og_type":"article","og_title":"Tu sistema sigue avanzando: Transcaribe mejora distribuci\u00f3n de paradas y cobertura en algunas estaciones -","og_description":"Tras la intervenci\u00f3n en la infraestructura que permiti\u00f3 renovar las estaciones, se pondr\u00e1n en servicio los segundos vagones de Las Delicias y Villa Ol\u00edmpica. Desde este martes 15 de octubre, Transcaribe aplicar\u00e1 mejoras en las paradas de algunas de sus rutas. Por primera vez, se pondr\u00e1n en funcionamiento los segundos vagones de las estaciones Las [&hellip;]","og_url":"https:\/\/transcaribe.gov.co\/index.php\/noticia\/tu-sistema-sigue-avanzando-transcaribe-mejora-distribucion-de-paradas-y-cobertura-en-algunas-estaciones\/","article_publisher":"https:\/\/www.facebook.com\/TranscaribeCTG","og_image":[{"width":2560,"height":1920,"url":"https:\/\/transcaribe.gov.co\/wp-content\/uploads\/2024\/10\/IMG_4598-scaled.jpeg","type":"image\/jpeg"}],"twitter_card":"summary_large_image","twitter_site":"@transcaribeSITM","twitter_misc":{"Tiempo de lectura":"1 minuto"},"schema":{"@context":"https:\/\/schema.org","@graph":[{"@type":"WebPage","@id":"https:\/\/transcaribe.gov.co\/index.php\/noticia\/tu-sistema-sigue-avanzando-transcaribe-mejora-distribucion-de-paradas-y-cobertura-en-algunas-estaciones\/","url":"https:\/\/transcaribe.gov.co\/index.php\/noticia\/tu-sistema-sigue-avanzando-transcaribe-mejora-distribucion-de-paradas-y-cobertura-en-algunas-estaciones\/","name":"Tu sistema sigue avanzando: Transcaribe mejora distribuci\u00f3n de paradas y cobertura en algunas estaciones -","isPartOf":{"@id":"https:\/\/transcaribe.gov.co\/#website"},"primaryImageOfPage":{"@id":"https:\/\/transcaribe.gov.co\/index.php\/noticia\/tu-sistema-sigue-avanzando-transcaribe-mejora-distribucion-de-paradas-y-cobertura-en-algunas-estaciones\/#primaryimage"},"image":{"@id":"https:\/\/transcaribe.gov.co\/index.php\/noticia\/tu-sistema-sigue-avanzando-transcaribe-mejora-distribucion-de-paradas-y-cobertura-en-algunas-estaciones\/#primaryimage"},"thumbnailUrl":"https:\/\/transcaribe.gov.co\/wp-content\/uploads\/2024\/10\/IMG_4598-scaled.jpeg","datePublished":"2024-10-11T18:56:44+00:00","breadcrumb":{"@id":"https:\/\/transcaribe.gov.co\/index.php\/noticia\/tu-sistema-sigue-avanzando-transcaribe-mejora-distribucion-de-paradas-y-cobertura-en-algunas-estaciones\/#breadcrumb"},"inLanguage":"es","potentialAction":[{"@type":"ReadAction","target":["https:\/\/transcaribe.gov.co\/index.php\/noticia\/tu-sistema-sigue-avanzando-transcaribe-mejora-distribucion-de-paradas-y-cobertura-en-algunas-estaciones\/"]}]},{"@type":"ImageObject","inLanguage":"es","@id":"https:\/\/transcaribe.gov.co\/index.php\/noticia\/tu-sistema-sigue-avanzando-transcaribe-mejora-distribucion-de-paradas-y-cobertura-en-algunas-estaciones\/#primaryimage","url":"https:\/\/transcaribe.gov.co\/wp-content\/uploads\/2024\/10\/IMG_4598-scaled.jpeg","contentUrl":"https:\/\/transcaribe.gov.co\/wp-content\/uploads\/2024\/10\/IMG_4598-scaled.jpeg","width":2560,"height":1920},{"@type":"BreadcrumbList","@id":"https:\/\/transcaribe.gov.co\/index.php\/noticia\/tu-sistema-sigue-avanzando-transcaribe-mejora-distribucion-de-paradas-y-cobertura-en-algunas-estaciones\/#breadcrumb","itemListElement":[{"@type":"ListItem","position":1,"name":"Portada","item":"https:\/\/transcaribe.gov.co\/"},{"@type":"ListItem","position":2,"name":"Tu sistema sigue avanzando: Transcaribe mejora distribuci\u00f3n de paradas y cobertura en algunas estaciones"}]},{"@type":"WebSite","@id":"https:\/\/transcaribe.gov.co\/#website","url":"https:\/\/transcaribe.gov.co\/","name":"TRANSCARIBE","description":"","publisher":{"@id":"https:\/\/transcaribe.gov.co\/#organization"},"potentialAction":[{"@type":"SearchAction","target":{"@type":"EntryPoint","urlTemplate":"https:\/\/transcaribe.gov.co\/?s={search_term_string}"},"query-input":{"@type":"PropertyValueSpecification","valueRequired":true,"valueName":"search_term_string"}}],"inLanguage":"es"},{"@type":"Organization","@id":"https:\/\/transcaribe.gov.co\/#organization","name":"TRANSCARIBE S.A.","url":"https:\/\/transcaribe.gov.co\/","logo":{"@type":"ImageObject","inLanguage":"es","@id":"https:\/\/transcaribe.gov.co\/#\/schema\/logo\/image\/","url":"https:\/\/transcaribe.gov.co\/wp-content\/uploads\/2023\/10\/cropped-Favicon_Transcaribe.png","contentUrl":"https:\/\/transcaribe.gov.co\/wp-content\/uploads\/2023\/10\/cropped-Favicon_Transcaribe.png","width":512,"height":512,"caption":"TRANSCARIBE S.A."},"image":{"@id":"https:\/\/transcaribe.gov.co\/#\/schema\/logo\/image\/"},"sameAs":["https:\/\/www.facebook.com\/TranscaribeCTG","https:\/\/x.com\/transcaribeSITM","https:\/\/www.instagram.com\/Transcaribecartagena\/","https:\/\/www.youtube.com\/channel\/UCyM8-7H1Ux9hsYGlCkSkQaA"]}]}},"_links":{"self":[{"href":"https:\/\/transcaribe.gov.co\/index.php\/wp-json\/wp\/v2\/noticia\/6209","targetHints":{"allow":["GET"]}}],"collection":[{"href":"https:\/\/transcaribe.gov.co\/index.php\/wp-json\/wp\/v2\/noticia"}],"about":[{"href":"https:\/\/transcaribe.gov.co\/index.php\/wp-json\/wp\/v2\/types\/noticia"}],"author":[{"embeddable":true,"href":"https:\/\/transcaribe.gov.co\/index.php\/wp-json\/wp\/v2\/users\/3"}],"replies":[{"embeddable":true,"href":"https:\/\/transcaribe.gov.co\/index.php\/wp-json\/wp\/v2\/comments?post=6209"}],"version-history":[{"count":1,"href":"https:\/\/transcaribe.gov.co\/index.php\/wp-json\/wp\/v2\/noticia\/6209\/revisions"}],"predecessor-version":[{"id":6211,"href":"https:\/\/transcaribe.gov.co\/index.php\/wp-json\/wp\/v2\/noticia\/6209\/revisions\/6211"}],"wp:featuredmedia":[{"embeddable":true,"href":"https:\/\/transcaribe.gov.co\/index.php\/wp-json\/wp\/v2\/media\/6210"}],"wp:attachment":[{"href":"https:\/\/transcaribe.gov.co\/index.php\/wp-json\/wp\/v2\/media?parent=6209"}],"curies":[{"name":"wp","href":"https:\/\/api.w.org\/{rel}","templated":true}]}}