{"id":6160,"date":"2024-09-14T10:21:41","date_gmt":"2024-09-14T15:21:41","guid":{"rendered":"https:\/\/transcaribe.gov.co\/?post_type=noticia&#038;p=6160"},"modified":"2024-09-14T10:21:41","modified_gmt":"2024-09-14T15:21:41","slug":"transcaribe-y-estudiantes-de-arquitectura-de-la-universidad-de-san-buenaventura-se-unen-para-cambiarle-la-cara-al-patio-portal","status":"publish","type":"noticia","link":"https:\/\/transcaribe.gov.co\/index.php\/noticia\/transcaribe-y-estudiantes-de-arquitectura-de-la-universidad-de-san-buenaventura-se-unen-para-cambiarle-la-cara-al-patio-portal\/","title":{"rendered":"Transcaribe y estudiantes de arquitectura de la Universidad de San Buenaventura, se unen para cambiarle la cara al Patio Portal"},"content":{"rendered":"<h3><em><strong>Junto a los estudiantes de la facultad de arquitectura, artes y dise\u00f1o, como proyecto de aula, se dise\u00f1ar\u00e1 y realizar\u00e1 una intervenci\u00f3n en el Patio Portal, coraz\u00f3n de la operaci\u00f3n del sistema.<\/strong><\/em><\/h3>\n<p><img fetchpriority=\"high\" decoding=\"async\" class=\"alignnone size-full wp-image-6161\" src=\"https:\/\/transcaribe.gov.co\/wp-content\/uploads\/2024\/09\/WhatsApp-Image-2024-09-14-at-10.17.45.jpeg\" alt=\"\" width=\"1600\" height=\"1066\" srcset=\"https:\/\/transcaribe.gov.co\/wp-content\/uploads\/2024\/09\/WhatsApp-Image-2024-09-14-at-10.17.45.jpeg 1600w, https:\/\/transcaribe.gov.co\/wp-content\/uploads\/2024\/09\/WhatsApp-Image-2024-09-14-at-10.17.45-300x200.jpeg 300w, https:\/\/transcaribe.gov.co\/wp-content\/uploads\/2024\/09\/WhatsApp-Image-2024-09-14-at-10.17.45-1024x682.jpeg 1024w, https:\/\/transcaribe.gov.co\/wp-content\/uploads\/2024\/09\/WhatsApp-Image-2024-09-14-at-10.17.45-768x512.jpeg 768w, https:\/\/transcaribe.gov.co\/wp-content\/uploads\/2024\/09\/WhatsApp-Image-2024-09-14-at-10.17.45-1536x1023.jpeg 1536w\" sizes=\"(max-width: 1600px) 100vw, 1600px\" \/><\/p>\n<p>Transcaribe, y los estudiantes de la facultad de arquitectura, artes y dise\u00f1os de la Universidad de San Buenaventura seccional Cartagena, unir\u00e1n esfuerzos para cambiarle la cara al Patio Portal, el punto de mayor tr\u00e1fico de usuarios del sistema y coraz\u00f3n de la operaci\u00f3n del mismo.<\/p>\n<p>La gerente de Transcaribe, Ercilia Barrios Fl\u00f3rez, visit\u00f3 las aulas donde reciben clases los estudiantes de sexto semestre de esta carrera, para conversar con ellos acerca de la intervenci\u00f3n que se realizar\u00e1 en el Patio Portal, y de la cual estos j\u00f3venes har\u00e1n parte activa.<\/p>\n<p>\u201cLos estudiantes participar\u00e1n del dise\u00f1o de una intervenci\u00f3n que mejorar\u00e1 los espacios del portal, para lograr hacerlo m\u00e1s amigable con el medio ambiente y con los usuarios del sistema, buscando bajar la temperatura de esa infraestructura y permitir que haya una mejora significativa en la colorimetr\u00eda y el ambiente\u201d, explic\u00f3 la gerente.<\/p>\n<p>La misma facultad eligi\u00f3 a los estudiantes de sexto semestre para que participen de esta intervenci\u00f3n, como parte de un taller de aula, en el que van a dise\u00f1ar c\u00f3mo ser\u00e1 la construcci\u00f3n, mantenimiento y reparaci\u00f3n de la infraestructura. La propuesta del grupo ganador ser\u00e1 ejecutada dentro del patio portal.<\/p>\n<blockquote class=\"instagram-media\" style=\"background: #FFF; border: 0; border-radius: 3px; box-shadow: 0 0 1px 0 rgba(0,0,0,0.5),0 1px 10px 0 rgba(0,0,0,0.15); margin: 1px; max-width: 540px; min-width: 326px; padding: 0; width: calc(100% - 2px);\" data-instgrm-captioned=\"\" data-instgrm-permalink=\"https:\/\/www.instagram.com\/reel\/C_4AwOUApjb\/?utm_source=ig_embed&amp;utm_campaign=loading\" data-instgrm-version=\"14\">\n<div style=\"padding: 16px;\">\n<p>&nbsp;<\/p>\n<div style=\"display: flex; flex-direction: row; align-items: center;\">\n<div style=\"background-color: #f4f4f4; border-radius: 50%; flex-grow: 0; height: 40px; margin-right: 14px; width: 40px;\"><\/div>\n<div style=\"display: flex; flex-direction: column; flex-grow: 1; justify-content: center;\">\n<div style=\"background-color: #f4f4f4; border-radius: 4px; flex-grow: 0; height: 14px; margin-bottom: 6px; width: 100px;\"><\/div>\n<div style=\"background-color: #f4f4f4; border-radius: 4px; flex-grow: 0; height: 14px; width: 60px;\"><\/div>\n<\/div>\n<\/div>\n<div style=\"padding: 19% 0;\"><\/div>\n<div style=\"display: block; height: 50px; margin: 0 auto 12px; width: 50px;\"><\/div>\n<div style=\"padding-top: 8px;\">\n<div style=\"color: #3897f0; font-family: Arial,sans-serif; font-size: 14px; font-style: normal; font-weight: 550; line-height: 18px;\">Ver esta publicaci\u00f3n en Instagram<\/div>\n<\/div>\n<div style=\"padding: 12.5% 0;\"><\/div>\n<div style=\"display: flex; flex-direction: row; margin-bottom: 14px; align-items: center;\">\n<div>\n<div style=\"background-color: #f4f4f4; border-radius: 50%; height: 12.5px; width: 12.5px; transform: translateX(0px) translateY(7px);\"><\/div>\n<div style=\"background-color: #f4f4f4; height: 12.5px; transform: rotate(-45deg) translateX(3px) translateY(1px); width: 12.5px; flex-grow: 0; margin-right: 14px; margin-left: 2px;\"><\/div>\n<div style=\"background-color: #f4f4f4; border-radius: 50%; height: 12.5px; width: 12.5px; transform: translateX(9px) translateY(-18px);\"><\/div>\n<\/div>\n<div style=\"margin-left: 8px;\">\n<div style=\"background-color: #f4f4f4; border-radius: 50%; flex-grow: 0; height: 20px; width: 20px;\"><\/div>\n<div style=\"width: 0; height: 0; border-top: 2px solid transparent; border-left: 6px solid #f4f4f4; border-bottom: 2px solid transparent; transform: translateX(16px) translateY(-4px) rotate(30deg);\"><\/div>\n<\/div>\n<div style=\"margin-left: auto;\">\n<div style=\"width: 0px; border-top: 8px solid #F4F4F4; border-right: 8px solid transparent; transform: translateY(16px);\"><\/div>\n<div style=\"background-color: #f4f4f4; flex-grow: 0; height: 12px; width: 16px; transform: translateY(-4px);\"><\/div>\n<div style=\"width: 0; height: 0; border-top: 8px solid #F4F4F4; border-left: 8px solid transparent; transform: translateY(-4px) translateX(8px);\"><\/div>\n<\/div>\n<\/div>\n<div style=\"display: flex; flex-direction: column; flex-grow: 1; justify-content: center; margin-bottom: 24px;\">\n<div style=\"background-color: #f4f4f4; border-radius: 4px; flex-grow: 0; height: 14px; margin-bottom: 6px; width: 224px;\"><\/div>\n<div style=\"background-color: #f4f4f4; border-radius: 4px; flex-grow: 0; height: 14px; width: 144px;\"><\/div>\n<\/div>\n<p>&nbsp;<\/p>\n<p style=\"color: #c9c8cd; font-family: Arial,sans-serif; font-size: 14px; line-height: 17px; margin-bottom: 0; margin-top: 8px; overflow: hidden; padding: 8px 0 7px; text-align: center; text-overflow: ellipsis; white-space: nowrap;\"><a style=\"color: #c9c8cd; font-family: Arial,sans-serif; font-size: 14px; font-style: normal; font-weight: normal; line-height: 17px; text-decoration: none;\" href=\"https:\/\/www.instagram.com\/reel\/C_4AwOUApjb\/?utm_source=ig_embed&amp;utm_campaign=loading\" target=\"_blank\" rel=\"noopener\">Una publicaci\u00f3n compartida por Transcaribe S.A. (@transcaribecartagena)<\/a><\/p>\n<\/div>\n<\/blockquote>\n<p><script async src=\"\/\/www.instagram.com\/embed.js\"><\/script><\/p>\n<p>\u201cEstoy agradecida porque Transcaribe nos escogi\u00f3 a nosotros para realizar no solo un dise\u00f1o paisaj\u00edstico sino tambi\u00e9n una intervenci\u00f3n urbana. Me parece importante que hayan escogido estudiantes, porque la mayor\u00eda somos usuarios y pensaremos en c\u00f3mo favorecer a los usuarios y a toda la comunidad\u201d, afirm\u00f3 la estudiante Alana Marim\u00f3n Felizzola.<\/p>\n<p>Su compa\u00f1ero Carlos Julio Garc\u00eda Rocha, resalt\u00f3 que \u201cgracias a esta iniciativa podemos potencializar los conocimientos que se nos est\u00e1n otorgando en la facultad, y c\u00f3mo podemos implementarlos en el \u00e1mbito social y contribuir a la comunidad. Es bastante interesante el reto, nos sentimos felices por haber sido seleccionados, porque nos sentimos en la capacidad de suplir estas capacidades\u201d.<\/p>\n<div class='cb-post-url-qr-code'><br><img src='https:\/\/api.qrserver.com\/v1\/create-qr-code\/?size=185x185&ecc=L&qzone=1&data=https%3A%2F%2Ftranscaribe.gov.co%2Findex.php%2Fnoticia%2Ftranscaribe-y-estudiantes-de-arquitectura-de-la-universidad-de-san-buenaventura-se-unen-para-cambiarle-la-cara-al-patio-portal%2F' alt='Transcaribe y estudiantes de arquitectura de la Universidad de San Buenaventura, se unen para cambiarle la cara al Patio Portal'\/><\/div>","protected":false},"excerpt":{"rendered":"<p>Junto a los estudiantes de la facultad de arquitectura, artes y dise\u00f1o, como proyecto de aula, se dise\u00f1ar\u00e1 y realizar\u00e1 una intervenci\u00f3n en el Patio Portal, coraz\u00f3n de la operaci\u00f3n del sistema. Transcaribe, y los estudiantes de la facultad de arquitectura, artes y dise\u00f1os de la Universidad de San Buenaventura seccional Cartagena, unir\u00e1n esfuerzos para [&hellip;]<\/p>\n","protected":false},"author":3,"featured_media":6161,"menu_order":0,"comment_status":"open","ping_status":"open","template":"","format":"standard","meta":{"footnotes":""},"class_list":["post-6160","noticia","type-noticia","status-publish","format-standard","has-post-thumbnail","hentry"],"yoast_head":"<!-- This site is optimized with the Yoast SEO plugin v27.3 - https:\/\/yoast.com\/product\/yoast-seo-wordpress\/ -->\n<title>Transcaribe y estudiantes de arquitectura de la Universidad de San Buenaventura, se unen para cambiarle la cara al Patio Portal -<\/title>\n<meta name=\"robots\" content=\"index, follow, max-snippet:-1, max-image-preview:large, max-video-preview:-1\" \/>\n<link rel=\"canonical\" href=\"https:\/\/transcaribe.gov.co\/index.php\/noticia\/transcaribe-y-estudiantes-de-arquitectura-de-la-universidad-de-san-buenaventura-se-unen-para-cambiarle-la-cara-al-patio-portal\/\" \/>\n<meta property=\"og:locale\" content=\"es_ES\" \/>\n<meta property=\"og:type\" content=\"article\" \/>\n<meta property=\"og:title\" content=\"Transcaribe y estudiantes de arquitectura de la Universidad de San Buenaventura, se unen para cambiarle la cara al Patio Portal -\" \/>\n<meta property=\"og:description\" content=\"Junto a los estudiantes de la facultad de arquitectura, artes y dise\u00f1o, como proyecto de aula, se dise\u00f1ar\u00e1 y realizar\u00e1 una intervenci\u00f3n en el Patio Portal, coraz\u00f3n de la operaci\u00f3n del sistema. Transcaribe, y los estudiantes de la facultad de arquitectura, artes y dise\u00f1os de la Universidad de San Buenaventura seccional Cartagena, unir\u00e1n esfuerzos para [&hellip;]\" \/>\n<meta property=\"og:url\" content=\"https:\/\/transcaribe.gov.co\/index.php\/noticia\/transcaribe-y-estudiantes-de-arquitectura-de-la-universidad-de-san-buenaventura-se-unen-para-cambiarle-la-cara-al-patio-portal\/\" \/>\n<meta property=\"article:publisher\" content=\"https:\/\/www.facebook.com\/TranscaribeCTG\" \/>\n<meta property=\"og:image\" content=\"https:\/\/transcaribe.gov.co\/wp-content\/uploads\/2024\/09\/WhatsApp-Image-2024-09-14-at-10.17.45.jpeg\" \/>\n\t<meta property=\"og:image:width\" content=\"1600\" \/>\n\t<meta property=\"og:image:height\" content=\"1066\" \/>\n\t<meta property=\"og:image:type\" content=\"image\/jpeg\" \/>\n<meta name=\"twitter:card\" content=\"summary_large_image\" \/>\n<meta name=\"twitter:site\" content=\"@transcaribeSITM\" \/>\n<meta name=\"twitter:label1\" content=\"Tiempo de lectura\" \/>\n\t<meta name=\"twitter:data1\" content=\"2 minutos\" \/>\n<script type=\"application\/ld+json\" class=\"yoast-schema-graph\">{\"@context\":\"https:\\\/\\\/schema.org\",\"@graph\":[{\"@type\":\"WebPage\",\"@id\":\"https:\\\/\\\/transcaribe.gov.co\\\/index.php\\\/noticia\\\/transcaribe-y-estudiantes-de-arquitectura-de-la-universidad-de-san-buenaventura-se-unen-para-cambiarle-la-cara-al-patio-portal\\\/\",\"url\":\"https:\\\/\\\/transcaribe.gov.co\\\/index.php\\\/noticia\\\/transcaribe-y-estudiantes-de-arquitectura-de-la-universidad-de-san-buenaventura-se-unen-para-cambiarle-la-cara-al-patio-portal\\\/\",\"name\":\"Transcaribe y estudiantes de arquitectura de la Universidad de San Buenaventura, se unen para cambiarle la cara al Patio Portal -\",\"isPartOf\":{\"@id\":\"https:\\\/\\\/transcaribe.gov.co\\\/#website\"},\"primaryImageOfPage\":{\"@id\":\"https:\\\/\\\/transcaribe.gov.co\\\/index.php\\\/noticia\\\/transcaribe-y-estudiantes-de-arquitectura-de-la-universidad-de-san-buenaventura-se-unen-para-cambiarle-la-cara-al-patio-portal\\\/#primaryimage\"},\"image\":{\"@id\":\"https:\\\/\\\/transcaribe.gov.co\\\/index.php\\\/noticia\\\/transcaribe-y-estudiantes-de-arquitectura-de-la-universidad-de-san-buenaventura-se-unen-para-cambiarle-la-cara-al-patio-portal\\\/#primaryimage\"},\"thumbnailUrl\":\"https:\\\/\\\/transcaribe.gov.co\\\/wp-content\\\/uploads\\\/2024\\\/09\\\/WhatsApp-Image-2024-09-14-at-10.17.45.jpeg\",\"datePublished\":\"2024-09-14T15:21:41+00:00\",\"breadcrumb\":{\"@id\":\"https:\\\/\\\/transcaribe.gov.co\\\/index.php\\\/noticia\\\/transcaribe-y-estudiantes-de-arquitectura-de-la-universidad-de-san-buenaventura-se-unen-para-cambiarle-la-cara-al-patio-portal\\\/#breadcrumb\"},\"inLanguage\":\"es\",\"potentialAction\":[{\"@type\":\"ReadAction\",\"target\":[\"https:\\\/\\\/transcaribe.gov.co\\\/index.php\\\/noticia\\\/transcaribe-y-estudiantes-de-arquitectura-de-la-universidad-de-san-buenaventura-se-unen-para-cambiarle-la-cara-al-patio-portal\\\/\"]}]},{\"@type\":\"ImageObject\",\"inLanguage\":\"es\",\"@id\":\"https:\\\/\\\/transcaribe.gov.co\\\/index.php\\\/noticia\\\/transcaribe-y-estudiantes-de-arquitectura-de-la-universidad-de-san-buenaventura-se-unen-para-cambiarle-la-cara-al-patio-portal\\\/#primaryimage\",\"url\":\"https:\\\/\\\/transcaribe.gov.co\\\/wp-content\\\/uploads\\\/2024\\\/09\\\/WhatsApp-Image-2024-09-14-at-10.17.45.jpeg\",\"contentUrl\":\"https:\\\/\\\/transcaribe.gov.co\\\/wp-content\\\/uploads\\\/2024\\\/09\\\/WhatsApp-Image-2024-09-14-at-10.17.45.jpeg\",\"width\":1600,\"height\":1066},{\"@type\":\"BreadcrumbList\",\"@id\":\"https:\\\/\\\/transcaribe.gov.co\\\/index.php\\\/noticia\\\/transcaribe-y-estudiantes-de-arquitectura-de-la-universidad-de-san-buenaventura-se-unen-para-cambiarle-la-cara-al-patio-portal\\\/#breadcrumb\",\"itemListElement\":[{\"@type\":\"ListItem\",\"position\":1,\"name\":\"Portada\",\"item\":\"https:\\\/\\\/transcaribe.gov.co\\\/\"},{\"@type\":\"ListItem\",\"position\":2,\"name\":\"Transcaribe y estudiantes de arquitectura de la Universidad de San Buenaventura, se unen para cambiarle la cara al Patio Portal\"}]},{\"@type\":\"WebSite\",\"@id\":\"https:\\\/\\\/transcaribe.gov.co\\\/#website\",\"url\":\"https:\\\/\\\/transcaribe.gov.co\\\/\",\"name\":\"TRANSCARIBE\",\"description\":\"\",\"publisher\":{\"@id\":\"https:\\\/\\\/transcaribe.gov.co\\\/#organization\"},\"potentialAction\":[{\"@type\":\"SearchAction\",\"target\":{\"@type\":\"EntryPoint\",\"urlTemplate\":\"https:\\\/\\\/transcaribe.gov.co\\\/?s={search_term_string}\"},\"query-input\":{\"@type\":\"PropertyValueSpecification\",\"valueRequired\":true,\"valueName\":\"search_term_string\"}}],\"inLanguage\":\"es\"},{\"@type\":\"Organization\",\"@id\":\"https:\\\/\\\/transcaribe.gov.co\\\/#organization\",\"name\":\"TRANSCARIBE S.A.\",\"url\":\"https:\\\/\\\/transcaribe.gov.co\\\/\",\"logo\":{\"@type\":\"ImageObject\",\"inLanguage\":\"es\",\"@id\":\"https:\\\/\\\/transcaribe.gov.co\\\/#\\\/schema\\\/logo\\\/image\\\/\",\"url\":\"https:\\\/\\\/transcaribe.gov.co\\\/wp-content\\\/uploads\\\/2023\\\/10\\\/cropped-Favicon_Transcaribe.png\",\"contentUrl\":\"https:\\\/\\\/transcaribe.gov.co\\\/wp-content\\\/uploads\\\/2023\\\/10\\\/cropped-Favicon_Transcaribe.png\",\"width\":512,\"height\":512,\"caption\":\"TRANSCARIBE S.A.\"},\"image\":{\"@id\":\"https:\\\/\\\/transcaribe.gov.co\\\/#\\\/schema\\\/logo\\\/image\\\/\"},\"sameAs\":[\"https:\\\/\\\/www.facebook.com\\\/TranscaribeCTG\",\"https:\\\/\\\/x.com\\\/transcaribeSITM\",\"https:\\\/\\\/www.instagram.com\\\/Transcaribecartagena\\\/\",\"https:\\\/\\\/www.youtube.com\\\/channel\\\/UCyM8-7H1Ux9hsYGlCkSkQaA\"]}]}<\/script>\n<!-- \/ Yoast SEO plugin. -->","yoast_head_json":{"title":"Transcaribe y estudiantes de arquitectura de la Universidad de San Buenaventura, se unen para cambiarle la cara al Patio Portal -","robots":{"index":"index","follow":"follow","max-snippet":"max-snippet:-1","max-image-preview":"max-image-preview:large","max-video-preview":"max-video-preview:-1"},"canonical":"https:\/\/transcaribe.gov.co\/index.php\/noticia\/transcaribe-y-estudiantes-de-arquitectura-de-la-universidad-de-san-buenaventura-se-unen-para-cambiarle-la-cara-al-patio-portal\/","og_locale":"es_ES","og_type":"article","og_title":"Transcaribe y estudiantes de arquitectura de la Universidad de San Buenaventura, se unen para cambiarle la cara al Patio Portal -","og_description":"Junto a los estudiantes de la facultad de arquitectura, artes y dise\u00f1o, como proyecto de aula, se dise\u00f1ar\u00e1 y realizar\u00e1 una intervenci\u00f3n en el Patio Portal, coraz\u00f3n de la operaci\u00f3n del sistema. Transcaribe, y los estudiantes de la facultad de arquitectura, artes y dise\u00f1os de la Universidad de San Buenaventura seccional Cartagena, unir\u00e1n esfuerzos para [&hellip;]","og_url":"https:\/\/transcaribe.gov.co\/index.php\/noticia\/transcaribe-y-estudiantes-de-arquitectura-de-la-universidad-de-san-buenaventura-se-unen-para-cambiarle-la-cara-al-patio-portal\/","article_publisher":"https:\/\/www.facebook.com\/TranscaribeCTG","og_image":[{"width":1600,"height":1066,"url":"https:\/\/transcaribe.gov.co\/wp-content\/uploads\/2024\/09\/WhatsApp-Image-2024-09-14-at-10.17.45.jpeg","type":"image\/jpeg"}],"twitter_card":"summary_large_image","twitter_site":"@transcaribeSITM","twitter_misc":{"Tiempo de lectura":"2 minutos"},"schema":{"@context":"https:\/\/schema.org","@graph":[{"@type":"WebPage","@id":"https:\/\/transcaribe.gov.co\/index.php\/noticia\/transcaribe-y-estudiantes-de-arquitectura-de-la-universidad-de-san-buenaventura-se-unen-para-cambiarle-la-cara-al-patio-portal\/","url":"https:\/\/transcaribe.gov.co\/index.php\/noticia\/transcaribe-y-estudiantes-de-arquitectura-de-la-universidad-de-san-buenaventura-se-unen-para-cambiarle-la-cara-al-patio-portal\/","name":"Transcaribe y estudiantes de arquitectura de la Universidad de San Buenaventura, se unen para cambiarle la cara al Patio Portal -","isPartOf":{"@id":"https:\/\/transcaribe.gov.co\/#website"},"primaryImageOfPage":{"@id":"https:\/\/transcaribe.gov.co\/index.php\/noticia\/transcaribe-y-estudiantes-de-arquitectura-de-la-universidad-de-san-buenaventura-se-unen-para-cambiarle-la-cara-al-patio-portal\/#primaryimage"},"image":{"@id":"https:\/\/transcaribe.gov.co\/index.php\/noticia\/transcaribe-y-estudiantes-de-arquitectura-de-la-universidad-de-san-buenaventura-se-unen-para-cambiarle-la-cara-al-patio-portal\/#primaryimage"},"thumbnailUrl":"https:\/\/transcaribe.gov.co\/wp-content\/uploads\/2024\/09\/WhatsApp-Image-2024-09-14-at-10.17.45.jpeg","datePublished":"2024-09-14T15:21:41+00:00","breadcrumb":{"@id":"https:\/\/transcaribe.gov.co\/index.php\/noticia\/transcaribe-y-estudiantes-de-arquitectura-de-la-universidad-de-san-buenaventura-se-unen-para-cambiarle-la-cara-al-patio-portal\/#breadcrumb"},"inLanguage":"es","potentialAction":[{"@type":"ReadAction","target":["https:\/\/transcaribe.gov.co\/index.php\/noticia\/transcaribe-y-estudiantes-de-arquitectura-de-la-universidad-de-san-buenaventura-se-unen-para-cambiarle-la-cara-al-patio-portal\/"]}]},{"@type":"ImageObject","inLanguage":"es","@id":"https:\/\/transcaribe.gov.co\/index.php\/noticia\/transcaribe-y-estudiantes-de-arquitectura-de-la-universidad-de-san-buenaventura-se-unen-para-cambiarle-la-cara-al-patio-portal\/#primaryimage","url":"https:\/\/transcaribe.gov.co\/wp-content\/uploads\/2024\/09\/WhatsApp-Image-2024-09-14-at-10.17.45.jpeg","contentUrl":"https:\/\/transcaribe.gov.co\/wp-content\/uploads\/2024\/09\/WhatsApp-Image-2024-09-14-at-10.17.45.jpeg","width":1600,"height":1066},{"@type":"BreadcrumbList","@id":"https:\/\/transcaribe.gov.co\/index.php\/noticia\/transcaribe-y-estudiantes-de-arquitectura-de-la-universidad-de-san-buenaventura-se-unen-para-cambiarle-la-cara-al-patio-portal\/#breadcrumb","itemListElement":[{"@type":"ListItem","position":1,"name":"Portada","item":"https:\/\/transcaribe.gov.co\/"},{"@type":"ListItem","position":2,"name":"Transcaribe y estudiantes de arquitectura de la Universidad de San Buenaventura, se unen para cambiarle la cara al Patio Portal"}]},{"@type":"WebSite","@id":"https:\/\/transcaribe.gov.co\/#website","url":"https:\/\/transcaribe.gov.co\/","name":"TRANSCARIBE","description":"","publisher":{"@id":"https:\/\/transcaribe.gov.co\/#organization"},"potentialAction":[{"@type":"SearchAction","target":{"@type":"EntryPoint","urlTemplate":"https:\/\/transcaribe.gov.co\/?s={search_term_string}"},"query-input":{"@type":"PropertyValueSpecification","valueRequired":true,"valueName":"search_term_string"}}],"inLanguage":"es"},{"@type":"Organization","@id":"https:\/\/transcaribe.gov.co\/#organization","name":"TRANSCARIBE S.A.","url":"https:\/\/transcaribe.gov.co\/","logo":{"@type":"ImageObject","inLanguage":"es","@id":"https:\/\/transcaribe.gov.co\/#\/schema\/logo\/image\/","url":"https:\/\/transcaribe.gov.co\/wp-content\/uploads\/2023\/10\/cropped-Favicon_Transcaribe.png","contentUrl":"https:\/\/transcaribe.gov.co\/wp-content\/uploads\/2023\/10\/cropped-Favicon_Transcaribe.png","width":512,"height":512,"caption":"TRANSCARIBE S.A."},"image":{"@id":"https:\/\/transcaribe.gov.co\/#\/schema\/logo\/image\/"},"sameAs":["https:\/\/www.facebook.com\/TranscaribeCTG","https:\/\/x.com\/transcaribeSITM","https:\/\/www.instagram.com\/Transcaribecartagena\/","https:\/\/www.youtube.com\/channel\/UCyM8-7H1Ux9hsYGlCkSkQaA"]}]}},"_links":{"self":[{"href":"https:\/\/transcaribe.gov.co\/index.php\/wp-json\/wp\/v2\/noticia\/6160","targetHints":{"allow":["GET"]}}],"collection":[{"href":"https:\/\/transcaribe.gov.co\/index.php\/wp-json\/wp\/v2\/noticia"}],"about":[{"href":"https:\/\/transcaribe.gov.co\/index.php\/wp-json\/wp\/v2\/types\/noticia"}],"author":[{"embeddable":true,"href":"https:\/\/transcaribe.gov.co\/index.php\/wp-json\/wp\/v2\/users\/3"}],"replies":[{"embeddable":true,"href":"https:\/\/transcaribe.gov.co\/index.php\/wp-json\/wp\/v2\/comments?post=6160"}],"version-history":[{"count":1,"href":"https:\/\/transcaribe.gov.co\/index.php\/wp-json\/wp\/v2\/noticia\/6160\/revisions"}],"predecessor-version":[{"id":6162,"href":"https:\/\/transcaribe.gov.co\/index.php\/wp-json\/wp\/v2\/noticia\/6160\/revisions\/6162"}],"wp:featuredmedia":[{"embeddable":true,"href":"https:\/\/transcaribe.gov.co\/index.php\/wp-json\/wp\/v2\/media\/6161"}],"wp:attachment":[{"href":"https:\/\/transcaribe.gov.co\/index.php\/wp-json\/wp\/v2\/media?parent=6160"}],"curies":[{"name":"wp","href":"https:\/\/api.w.org\/{rel}","templated":true}]}}