{"id":5704,"date":"2024-06-28T10:47:07","date_gmt":"2024-06-28T15:47:07","guid":{"rendered":"https:\/\/transcaribe.gov.co\/?post_type=noticia&#038;p=5704"},"modified":"2024-07-02T16:03:11","modified_gmt":"2024-07-02T21:03:11","slug":"transcaribe-te-conecta-a-los-mejores-eventos-de-tu-ciudad","status":"publish","type":"noticia","link":"https:\/\/transcaribe.gov.co\/index.php\/noticia\/transcaribe-te-conecta-a-los-mejores-eventos-de-tu-ciudad\/","title":{"rendered":"Transcaribe te conecta a los mejores eventos de tu ciudad"},"content":{"rendered":"<p><img fetchpriority=\"high\" decoding=\"async\" class=\"alignnone size-full wp-image-5705\" src=\"https:\/\/transcaribe.gov.co\/wp-content\/uploads\/2024\/07\/WhatsApp-Image-2024-07-02-at-3.58.07-PM.jpeg\" alt=\"\" width=\"1600\" height=\"1068\" srcset=\"https:\/\/transcaribe.gov.co\/wp-content\/uploads\/2024\/07\/WhatsApp-Image-2024-07-02-at-3.58.07-PM.jpeg 1600w, https:\/\/transcaribe.gov.co\/wp-content\/uploads\/2024\/07\/WhatsApp-Image-2024-07-02-at-3.58.07-PM-300x200.jpeg 300w, https:\/\/transcaribe.gov.co\/wp-content\/uploads\/2024\/07\/WhatsApp-Image-2024-07-02-at-3.58.07-PM-1024x684.jpeg 1024w, https:\/\/transcaribe.gov.co\/wp-content\/uploads\/2024\/07\/WhatsApp-Image-2024-07-02-at-3.58.07-PM-768x513.jpeg 768w, https:\/\/transcaribe.gov.co\/wp-content\/uploads\/2024\/07\/WhatsApp-Image-2024-07-02-at-3.58.07-PM-1536x1025.jpeg 1536w\" sizes=\"(max-width: 1600px) 100vw, 1600px\" \/><\/p>\n<p><em><strong>5 rutas de Transcaribe parar\u00e1n este pr\u00f3ximo s\u00e1bado y domingo en la estaci\u00f3n Villa Ol\u00edmpica para disfrutar de \u201cVive la Salsa Cartagena\u201d<\/strong><\/em><\/p>\n<p>Transcaribe es la mejor opci\u00f3n para llegar a los eventos m\u00e1s importantes de Cartagena. Por ello, este pr\u00f3ximo s\u00e1bado y domingo 29 y 30 de junio, los amantes de la salsa tendr\u00e1n la oportunidad de asistir al evento \u00abVive la Salsa Cartagena\u00bb. Para facilitar el acceso, Transcaribe dispondr\u00e1 de 5 rutas que realizar\u00e1n parada en la estaci\u00f3n Villa Ol\u00edmpica antes y despu\u00e9s del evento.<\/p>\n<p>\u201dS\u00fabete a la ruta de la salsa\u201d<\/p>\n<p>Bajo el lema \u201cS\u00fabete a la ruta de la salsa\u201d, Transcaribe reafirma su compromiso de conectar a los ciudadanos con la cultura y el entretenimiento, proporcionando un servicio de transporte seguro y eficiente. La Plaza de Toros, recientemente intervenida y ahora el epicentro de los grandes eventos en La Heroica, ser\u00e1 el escenario principal de \u201cVive la Salsa Cartagena\u201d.<\/p>\n<p><strong>Rutas habilitadas:<\/strong><\/p>\n<p>Para asegurar que llegues sin inconvenientes a la Plaza de Toros, hemos habilitado las siguientes rutas que har\u00e1n parada en la estaci\u00f3n Villa Ol\u00edmpica:<\/p>\n<ul>\n<li><strong>Ruta T101<\/strong><\/li>\n<li><strong>Ruta T102<\/strong><\/li>\n<li><strong>Ruta T103<\/strong><\/li>\n<li><strong>Ruta X101<\/strong><\/li>\n<li><strong>Ruta X106<\/strong><\/li>\n<\/ul>\n<p><strong>Horarios de servicio<\/strong><\/p>\n<p>Es importante destacar que las dem\u00e1s rutas de Transcaribe seguir\u00e1n realizando su recorrido habitual durante el evento.<\/p>\n<p><strong>S\u00e1bado 29 de junio:<\/strong><br \/>\n&#8211; Apertura: 5:30 am<br \/>\n&#8211; Cierre: 8:30 pm<\/p>\n<p><strong>Domingo 30 de junio:<\/strong><br \/>\n&#8211; Apertura: 6:00 am<br \/>\n&#8211; Cierre: 8:00 pm<\/p>\n<p>No te pierdas esta oportunidad de disfrutar de un evento \u00fanico en la ciudad con la comodidad y confianza de viajar en Transcaribe.<\/p>\n<p>Sobre \u00abVive la Salsa Cartagena\u00bb:<\/p>\n<p>\u00abVive la Salsa Cartagena\u00bb es un concierto que dar\u00e1 brillo y esplendor a la Plaza de Toros. El pr\u00f3ximo 29 y 30 de junio, la emblem\u00e1tica arena reabrir\u00e1 sus puertas al mundo entero con el Tour de este g\u00e9nero en Colombia.<\/p>\n<p>El escenario de \u00abVive la Salsa Cartagena\u00bb contar\u00e1 con m\u00e1s de 14 artistas que pondr\u00e1n a bailar, de principio a fin, a todo el p\u00fablico asistente.<\/p>\n<p><strong>S\u00e1bado 29 de junio:<\/strong><br \/>\n&#8211; Jerry Rivera<br \/>\n&#8211; Orquesta Arag\u00f3n<br \/>\n&#8211; Tito Nieves<br \/>\n&#8211; Tony Vega<br \/>\n&#8211; Guayac\u00e1n Orquesta<br \/>\n&#8211; Joseph Amado (Tributo a H\u00e9ctor Lavoe)<br \/>\n&#8211; Christian Alicea<br \/>\n&#8211; Daniela Darcourt<br \/>\n&#8211; Charanga Joven<\/p>\n<p><strong>Domingo 30 de junio:<\/strong><br \/>\n&#8211; M\u2019bilia Bel<br \/>\n&#8211; Juan Carlos Coronel<br \/>\n&#8211; Carlos Nu\u00f1o<br \/>\n&#8211; Luis Miguel Yanes<br \/>\n&#8211; Son San<br \/>\n&#8211; El Gran Lobo<br \/>\n&#8211; La Clave<\/p>\n<p>\u00a1Ahora s\u00ed, s\u00fabete a la ruta de la salsa y disfruta de un fin de semana lleno de m\u00fasica y alegr\u00eda en Cartagena!<\/p>\n<div class='cb-post-url-qr-code'><br><img src='https:\/\/api.qrserver.com\/v1\/create-qr-code\/?size=185x185&ecc=L&qzone=1&data=https%3A%2F%2Ftranscaribe.gov.co%2Findex.php%2Fnoticia%2Ftranscaribe-te-conecta-a-los-mejores-eventos-de-tu-ciudad%2F' alt='Transcaribe te conecta a los mejores eventos de tu ciudad'\/><\/div>","protected":false},"excerpt":{"rendered":"<p>5 rutas de Transcaribe parar\u00e1n este pr\u00f3ximo s\u00e1bado y domingo en la estaci\u00f3n Villa Ol\u00edmpica para disfrutar de \u201cVive la Salsa Cartagena\u201d Transcaribe es la mejor opci\u00f3n para llegar a los eventos m\u00e1s importantes de Cartagena. Por ello, este pr\u00f3ximo s\u00e1bado y domingo 29 y 30 de junio, los amantes de la salsa tendr\u00e1n la [&hellip;]<\/p>\n","protected":false},"author":3,"featured_media":5705,"menu_order":0,"comment_status":"open","ping_status":"open","template":"","format":"standard","meta":{"footnotes":""},"class_list":["post-5704","noticia","type-noticia","status-publish","format-standard","has-post-thumbnail","hentry"],"yoast_head":"<!-- This site is optimized with the Yoast SEO plugin v27.3 - https:\/\/yoast.com\/product\/yoast-seo-wordpress\/ -->\n<title>Transcaribe te conecta a los mejores eventos de tu ciudad -<\/title>\n<meta name=\"robots\" content=\"index, follow, max-snippet:-1, max-image-preview:large, max-video-preview:-1\" \/>\n<link rel=\"canonical\" href=\"https:\/\/transcaribe.gov.co\/index.php\/noticia\/transcaribe-te-conecta-a-los-mejores-eventos-de-tu-ciudad\/\" \/>\n<meta property=\"og:locale\" content=\"es_ES\" \/>\n<meta property=\"og:type\" content=\"article\" \/>\n<meta property=\"og:title\" content=\"Transcaribe te conecta a los mejores eventos de tu ciudad -\" \/>\n<meta property=\"og:description\" content=\"5 rutas de Transcaribe parar\u00e1n este pr\u00f3ximo s\u00e1bado y domingo en la estaci\u00f3n Villa Ol\u00edmpica para disfrutar de \u201cVive la Salsa Cartagena\u201d Transcaribe es la mejor opci\u00f3n para llegar a los eventos m\u00e1s importantes de Cartagena. Por ello, este pr\u00f3ximo s\u00e1bado y domingo 29 y 30 de junio, los amantes de la salsa tendr\u00e1n la [&hellip;]\" \/>\n<meta property=\"og:url\" content=\"https:\/\/transcaribe.gov.co\/index.php\/noticia\/transcaribe-te-conecta-a-los-mejores-eventos-de-tu-ciudad\/\" \/>\n<meta property=\"article:publisher\" content=\"https:\/\/www.facebook.com\/TranscaribeCTG\" \/>\n<meta property=\"article:modified_time\" content=\"2024-07-02T21:03:11+00:00\" \/>\n<meta property=\"og:image\" content=\"https:\/\/transcaribe.gov.co\/wp-content\/uploads\/2024\/07\/WhatsApp-Image-2024-07-02-at-3.58.07-PM.jpeg\" \/>\n\t<meta property=\"og:image:width\" content=\"1600\" \/>\n\t<meta property=\"og:image:height\" content=\"1068\" \/>\n\t<meta property=\"og:image:type\" content=\"image\/jpeg\" \/>\n<meta name=\"twitter:card\" content=\"summary_large_image\" \/>\n<meta name=\"twitter:site\" content=\"@transcaribeSITM\" \/>\n<meta name=\"twitter:label1\" content=\"Tiempo de lectura\" \/>\n\t<meta name=\"twitter:data1\" content=\"2 minutos\" \/>\n<script type=\"application\/ld+json\" class=\"yoast-schema-graph\">{\"@context\":\"https:\\\/\\\/schema.org\",\"@graph\":[{\"@type\":\"WebPage\",\"@id\":\"https:\\\/\\\/transcaribe.gov.co\\\/index.php\\\/noticia\\\/transcaribe-te-conecta-a-los-mejores-eventos-de-tu-ciudad\\\/\",\"url\":\"https:\\\/\\\/transcaribe.gov.co\\\/index.php\\\/noticia\\\/transcaribe-te-conecta-a-los-mejores-eventos-de-tu-ciudad\\\/\",\"name\":\"Transcaribe te conecta a los mejores eventos de tu ciudad -\",\"isPartOf\":{\"@id\":\"https:\\\/\\\/transcaribe.gov.co\\\/#website\"},\"primaryImageOfPage\":{\"@id\":\"https:\\\/\\\/transcaribe.gov.co\\\/index.php\\\/noticia\\\/transcaribe-te-conecta-a-los-mejores-eventos-de-tu-ciudad\\\/#primaryimage\"},\"image\":{\"@id\":\"https:\\\/\\\/transcaribe.gov.co\\\/index.php\\\/noticia\\\/transcaribe-te-conecta-a-los-mejores-eventos-de-tu-ciudad\\\/#primaryimage\"},\"thumbnailUrl\":\"https:\\\/\\\/transcaribe.gov.co\\\/wp-content\\\/uploads\\\/2024\\\/07\\\/WhatsApp-Image-2024-07-02-at-3.58.07-PM.jpeg\",\"datePublished\":\"2024-06-28T15:47:07+00:00\",\"dateModified\":\"2024-07-02T21:03:11+00:00\",\"breadcrumb\":{\"@id\":\"https:\\\/\\\/transcaribe.gov.co\\\/index.php\\\/noticia\\\/transcaribe-te-conecta-a-los-mejores-eventos-de-tu-ciudad\\\/#breadcrumb\"},\"inLanguage\":\"es\",\"potentialAction\":[{\"@type\":\"ReadAction\",\"target\":[\"https:\\\/\\\/transcaribe.gov.co\\\/index.php\\\/noticia\\\/transcaribe-te-conecta-a-los-mejores-eventos-de-tu-ciudad\\\/\"]}]},{\"@type\":\"ImageObject\",\"inLanguage\":\"es\",\"@id\":\"https:\\\/\\\/transcaribe.gov.co\\\/index.php\\\/noticia\\\/transcaribe-te-conecta-a-los-mejores-eventos-de-tu-ciudad\\\/#primaryimage\",\"url\":\"https:\\\/\\\/transcaribe.gov.co\\\/wp-content\\\/uploads\\\/2024\\\/07\\\/WhatsApp-Image-2024-07-02-at-3.58.07-PM.jpeg\",\"contentUrl\":\"https:\\\/\\\/transcaribe.gov.co\\\/wp-content\\\/uploads\\\/2024\\\/07\\\/WhatsApp-Image-2024-07-02-at-3.58.07-PM.jpeg\",\"width\":1600,\"height\":1068},{\"@type\":\"BreadcrumbList\",\"@id\":\"https:\\\/\\\/transcaribe.gov.co\\\/index.php\\\/noticia\\\/transcaribe-te-conecta-a-los-mejores-eventos-de-tu-ciudad\\\/#breadcrumb\",\"itemListElement\":[{\"@type\":\"ListItem\",\"position\":1,\"name\":\"Portada\",\"item\":\"https:\\\/\\\/transcaribe.gov.co\\\/\"},{\"@type\":\"ListItem\",\"position\":2,\"name\":\"Transcaribe te conecta a los mejores eventos de tu ciudad\"}]},{\"@type\":\"WebSite\",\"@id\":\"https:\\\/\\\/transcaribe.gov.co\\\/#website\",\"url\":\"https:\\\/\\\/transcaribe.gov.co\\\/\",\"name\":\"TRANSCARIBE\",\"description\":\"\",\"publisher\":{\"@id\":\"https:\\\/\\\/transcaribe.gov.co\\\/#organization\"},\"potentialAction\":[{\"@type\":\"SearchAction\",\"target\":{\"@type\":\"EntryPoint\",\"urlTemplate\":\"https:\\\/\\\/transcaribe.gov.co\\\/?s={search_term_string}\"},\"query-input\":{\"@type\":\"PropertyValueSpecification\",\"valueRequired\":true,\"valueName\":\"search_term_string\"}}],\"inLanguage\":\"es\"},{\"@type\":\"Organization\",\"@id\":\"https:\\\/\\\/transcaribe.gov.co\\\/#organization\",\"name\":\"TRANSCARIBE S.A.\",\"url\":\"https:\\\/\\\/transcaribe.gov.co\\\/\",\"logo\":{\"@type\":\"ImageObject\",\"inLanguage\":\"es\",\"@id\":\"https:\\\/\\\/transcaribe.gov.co\\\/#\\\/schema\\\/logo\\\/image\\\/\",\"url\":\"https:\\\/\\\/transcaribe.gov.co\\\/wp-content\\\/uploads\\\/2023\\\/10\\\/cropped-Favicon_Transcaribe.png\",\"contentUrl\":\"https:\\\/\\\/transcaribe.gov.co\\\/wp-content\\\/uploads\\\/2023\\\/10\\\/cropped-Favicon_Transcaribe.png\",\"width\":512,\"height\":512,\"caption\":\"TRANSCARIBE S.A.\"},\"image\":{\"@id\":\"https:\\\/\\\/transcaribe.gov.co\\\/#\\\/schema\\\/logo\\\/image\\\/\"},\"sameAs\":[\"https:\\\/\\\/www.facebook.com\\\/TranscaribeCTG\",\"https:\\\/\\\/x.com\\\/transcaribeSITM\",\"https:\\\/\\\/www.instagram.com\\\/Transcaribecartagena\\\/\",\"https:\\\/\\\/www.youtube.com\\\/channel\\\/UCyM8-7H1Ux9hsYGlCkSkQaA\"]}]}<\/script>\n<!-- \/ Yoast SEO plugin. -->","yoast_head_json":{"title":"Transcaribe te conecta a los mejores eventos de tu ciudad -","robots":{"index":"index","follow":"follow","max-snippet":"max-snippet:-1","max-image-preview":"max-image-preview:large","max-video-preview":"max-video-preview:-1"},"canonical":"https:\/\/transcaribe.gov.co\/index.php\/noticia\/transcaribe-te-conecta-a-los-mejores-eventos-de-tu-ciudad\/","og_locale":"es_ES","og_type":"article","og_title":"Transcaribe te conecta a los mejores eventos de tu ciudad -","og_description":"5 rutas de Transcaribe parar\u00e1n este pr\u00f3ximo s\u00e1bado y domingo en la estaci\u00f3n Villa Ol\u00edmpica para disfrutar de \u201cVive la Salsa Cartagena\u201d Transcaribe es la mejor opci\u00f3n para llegar a los eventos m\u00e1s importantes de Cartagena. Por ello, este pr\u00f3ximo s\u00e1bado y domingo 29 y 30 de junio, los amantes de la salsa tendr\u00e1n la [&hellip;]","og_url":"https:\/\/transcaribe.gov.co\/index.php\/noticia\/transcaribe-te-conecta-a-los-mejores-eventos-de-tu-ciudad\/","article_publisher":"https:\/\/www.facebook.com\/TranscaribeCTG","article_modified_time":"2024-07-02T21:03:11+00:00","og_image":[{"width":1600,"height":1068,"url":"https:\/\/transcaribe.gov.co\/wp-content\/uploads\/2024\/07\/WhatsApp-Image-2024-07-02-at-3.58.07-PM.jpeg","type":"image\/jpeg"}],"twitter_card":"summary_large_image","twitter_site":"@transcaribeSITM","twitter_misc":{"Tiempo de lectura":"2 minutos"},"schema":{"@context":"https:\/\/schema.org","@graph":[{"@type":"WebPage","@id":"https:\/\/transcaribe.gov.co\/index.php\/noticia\/transcaribe-te-conecta-a-los-mejores-eventos-de-tu-ciudad\/","url":"https:\/\/transcaribe.gov.co\/index.php\/noticia\/transcaribe-te-conecta-a-los-mejores-eventos-de-tu-ciudad\/","name":"Transcaribe te conecta a los mejores eventos de tu ciudad -","isPartOf":{"@id":"https:\/\/transcaribe.gov.co\/#website"},"primaryImageOfPage":{"@id":"https:\/\/transcaribe.gov.co\/index.php\/noticia\/transcaribe-te-conecta-a-los-mejores-eventos-de-tu-ciudad\/#primaryimage"},"image":{"@id":"https:\/\/transcaribe.gov.co\/index.php\/noticia\/transcaribe-te-conecta-a-los-mejores-eventos-de-tu-ciudad\/#primaryimage"},"thumbnailUrl":"https:\/\/transcaribe.gov.co\/wp-content\/uploads\/2024\/07\/WhatsApp-Image-2024-07-02-at-3.58.07-PM.jpeg","datePublished":"2024-06-28T15:47:07+00:00","dateModified":"2024-07-02T21:03:11+00:00","breadcrumb":{"@id":"https:\/\/transcaribe.gov.co\/index.php\/noticia\/transcaribe-te-conecta-a-los-mejores-eventos-de-tu-ciudad\/#breadcrumb"},"inLanguage":"es","potentialAction":[{"@type":"ReadAction","target":["https:\/\/transcaribe.gov.co\/index.php\/noticia\/transcaribe-te-conecta-a-los-mejores-eventos-de-tu-ciudad\/"]}]},{"@type":"ImageObject","inLanguage":"es","@id":"https:\/\/transcaribe.gov.co\/index.php\/noticia\/transcaribe-te-conecta-a-los-mejores-eventos-de-tu-ciudad\/#primaryimage","url":"https:\/\/transcaribe.gov.co\/wp-content\/uploads\/2024\/07\/WhatsApp-Image-2024-07-02-at-3.58.07-PM.jpeg","contentUrl":"https:\/\/transcaribe.gov.co\/wp-content\/uploads\/2024\/07\/WhatsApp-Image-2024-07-02-at-3.58.07-PM.jpeg","width":1600,"height":1068},{"@type":"BreadcrumbList","@id":"https:\/\/transcaribe.gov.co\/index.php\/noticia\/transcaribe-te-conecta-a-los-mejores-eventos-de-tu-ciudad\/#breadcrumb","itemListElement":[{"@type":"ListItem","position":1,"name":"Portada","item":"https:\/\/transcaribe.gov.co\/"},{"@type":"ListItem","position":2,"name":"Transcaribe te conecta a los mejores eventos de tu ciudad"}]},{"@type":"WebSite","@id":"https:\/\/transcaribe.gov.co\/#website","url":"https:\/\/transcaribe.gov.co\/","name":"TRANSCARIBE","description":"","publisher":{"@id":"https:\/\/transcaribe.gov.co\/#organization"},"potentialAction":[{"@type":"SearchAction","target":{"@type":"EntryPoint","urlTemplate":"https:\/\/transcaribe.gov.co\/?s={search_term_string}"},"query-input":{"@type":"PropertyValueSpecification","valueRequired":true,"valueName":"search_term_string"}}],"inLanguage":"es"},{"@type":"Organization","@id":"https:\/\/transcaribe.gov.co\/#organization","name":"TRANSCARIBE S.A.","url":"https:\/\/transcaribe.gov.co\/","logo":{"@type":"ImageObject","inLanguage":"es","@id":"https:\/\/transcaribe.gov.co\/#\/schema\/logo\/image\/","url":"https:\/\/transcaribe.gov.co\/wp-content\/uploads\/2023\/10\/cropped-Favicon_Transcaribe.png","contentUrl":"https:\/\/transcaribe.gov.co\/wp-content\/uploads\/2023\/10\/cropped-Favicon_Transcaribe.png","width":512,"height":512,"caption":"TRANSCARIBE S.A."},"image":{"@id":"https:\/\/transcaribe.gov.co\/#\/schema\/logo\/image\/"},"sameAs":["https:\/\/www.facebook.com\/TranscaribeCTG","https:\/\/x.com\/transcaribeSITM","https:\/\/www.instagram.com\/Transcaribecartagena\/","https:\/\/www.youtube.com\/channel\/UCyM8-7H1Ux9hsYGlCkSkQaA"]}]}},"_links":{"self":[{"href":"https:\/\/transcaribe.gov.co\/index.php\/wp-json\/wp\/v2\/noticia\/5704","targetHints":{"allow":["GET"]}}],"collection":[{"href":"https:\/\/transcaribe.gov.co\/index.php\/wp-json\/wp\/v2\/noticia"}],"about":[{"href":"https:\/\/transcaribe.gov.co\/index.php\/wp-json\/wp\/v2\/types\/noticia"}],"author":[{"embeddable":true,"href":"https:\/\/transcaribe.gov.co\/index.php\/wp-json\/wp\/v2\/users\/3"}],"replies":[{"embeddable":true,"href":"https:\/\/transcaribe.gov.co\/index.php\/wp-json\/wp\/v2\/comments?post=5704"}],"version-history":[{"count":1,"href":"https:\/\/transcaribe.gov.co\/index.php\/wp-json\/wp\/v2\/noticia\/5704\/revisions"}],"predecessor-version":[{"id":5706,"href":"https:\/\/transcaribe.gov.co\/index.php\/wp-json\/wp\/v2\/noticia\/5704\/revisions\/5706"}],"wp:featuredmedia":[{"embeddable":true,"href":"https:\/\/transcaribe.gov.co\/index.php\/wp-json\/wp\/v2\/media\/5705"}],"wp:attachment":[{"href":"https:\/\/transcaribe.gov.co\/index.php\/wp-json\/wp\/v2\/media?parent=5704"}],"curies":[{"name":"wp","href":"https:\/\/api.w.org\/{rel}","templated":true}]}}