{"id":5701,"date":"2024-06-26T09:32:37","date_gmt":"2024-06-26T14:32:37","guid":{"rendered":"https:\/\/transcaribe.gov.co\/?post_type=noticia&#038;p=5701"},"modified":"2024-07-02T15:55:28","modified_gmt":"2024-07-02T20:55:28","slug":"transcaribe-anuncia-70-vacantes-para-conductores","status":"publish","type":"noticia","link":"https:\/\/transcaribe.gov.co\/index.php\/noticia\/transcaribe-anuncia-70-vacantes-para-conductores\/","title":{"rendered":"Transcaribe anuncia 70 vacantes para conductores"},"content":{"rendered":"<p><img fetchpriority=\"high\" decoding=\"async\" class=\"alignnone size-full wp-image-5702\" src=\"https:\/\/transcaribe.gov.co\/wp-content\/uploads\/2024\/07\/WhatsApp-Image-2024-07-02-at-3.54.26-PM.jpeg\" alt=\"\" width=\"1600\" height=\"1066\" srcset=\"https:\/\/transcaribe.gov.co\/wp-content\/uploads\/2024\/07\/WhatsApp-Image-2024-07-02-at-3.54.26-PM.jpeg 1600w, https:\/\/transcaribe.gov.co\/wp-content\/uploads\/2024\/07\/WhatsApp-Image-2024-07-02-at-3.54.26-PM-300x200.jpeg 300w, https:\/\/transcaribe.gov.co\/wp-content\/uploads\/2024\/07\/WhatsApp-Image-2024-07-02-at-3.54.26-PM-1024x682.jpeg 1024w, https:\/\/transcaribe.gov.co\/wp-content\/uploads\/2024\/07\/WhatsApp-Image-2024-07-02-at-3.54.26-PM-768x512.jpeg 768w, https:\/\/transcaribe.gov.co\/wp-content\/uploads\/2024\/07\/WhatsApp-Image-2024-07-02-at-3.54.26-PM-1536x1023.jpeg 1536w\" sizes=\"(max-width: 1600px) 100vw, 1600px\" \/><\/p>\n<p><em><strong>Los interesados deben tener licencia de conducci\u00f3n en categor\u00eda C2 y contar con dos a\u00f1os de experiencia.<\/strong><\/em><\/p>\n<p>El Sistema de transporte p\u00fablico Transcaribe ha lanzado una nueva convocatoria laboral dirigida a conductores y conductoras interesados en formar parte de los operadores de buses de los concesionarios del Sistema.<\/p>\n<p>Bajo el lema \u00abTrabajo s\u00ed hay\u00bb, Transcaribe abre 70 vacantes para operadores con licencia C2. Esta convocatoria tiene como objetivo mejorar la frecuencia y tiempos de los buses en el sistema, proporcionando un mejor servicio a los usuarios. La empresa que contratar\u00e1 ser\u00e1 Cartagena Complementaria y Social De Indias.<\/p>\n<p>*\u00bfC\u00f3mo aplicar?*<br \/>\nLos interesados pueden presentar su hoja de vida en el Centro de Atenci\u00f3n de Empleabilidad de Transcaribe, ubicado en el patio portal y estaci\u00f3n centro. La recepci\u00f3n de documentos se realizar\u00e1 de lunes a viernes a partir del 26 de junio, en el horario de 10:00 a.m. a 1:00 p.m. Adem\u00e1s, pueden enviar su hoja de vida al correo: talentohumanoccsisas@gmail.com.<\/p>\n<p>*Requisitos:*<br \/>\n&#8211; Licencia C2 activa<br \/>\n&#8211; Formaci\u00f3n acad\u00e9mica en bachillerato, t\u00e9cnica o tecn\u00f3logo<br \/>\n&#8211; 2 a\u00f1os de experiencia en conducci\u00f3n y transporte personal<\/p>\n<p>*Horarios de Recepci\u00f3n de Hojas de Vida:*<br \/>\n&#8211; *Fecha de inicio:* 26 de junio<br \/>\n&#8211; *D\u00edas:* Lunes a viernes<br \/>\n&#8211; *Horario:* 10:00 a.m. a 1:00 p.m.<br \/>\n&#8211; *Ubicaci\u00f3n:* Patio portal y estaci\u00f3n centro<\/p>\n<p>\u201cEl CAU de la empleabilidad es una estrategia que busca promover y poner a disposici\u00f3n del p\u00fablico de Cartagena la posibilidad de que lleguen sus hojas de vida en esta gran convocatoria que existe para Cartagena Complementaria y Social. Uno de los requisitos para poder poner a disposici\u00f3n de todos los usuarios la flota recuperada es tener el personal para operarlo.<\/p>\n<p>Con el CAU m\u00f3vil, lo que buscamos es tener esa cercan\u00eda para atender su hoja de vida y al mismo tiempo ofrecer los servicios de orientaci\u00f3n sobre el sistema\u201d: Mencion\u00f3 Amalia Toro, Coordinadora de Gesti\u00f3n Social de Transcaribe<\/p>\n<p>Esta es una gran oportunidad para unirte a Transcaribe y contribuir al mejoramiento del transporte p\u00fablico en nuestra ciudad. \u00a1An\u00edmate a ser parte del equipo Transcaribe!<\/p>\n<div class='cb-post-url-qr-code'><br><img src='https:\/\/api.qrserver.com\/v1\/create-qr-code\/?size=185x185&ecc=L&qzone=1&data=https%3A%2F%2Ftranscaribe.gov.co%2Findex.php%2Fnoticia%2Ftranscaribe-anuncia-70-vacantes-para-conductores%2F' alt='Transcaribe anuncia 70 vacantes para conductores'\/><\/div>","protected":false},"excerpt":{"rendered":"<p>Los interesados deben tener licencia de conducci\u00f3n en categor\u00eda C2 y contar con dos a\u00f1os de experiencia. El Sistema de transporte p\u00fablico Transcaribe ha lanzado una nueva convocatoria laboral dirigida a conductores y conductoras interesados en formar parte de los operadores de buses de los concesionarios del Sistema. Bajo el lema \u00abTrabajo s\u00ed hay\u00bb, Transcaribe [&hellip;]<\/p>\n","protected":false},"author":3,"featured_media":5702,"menu_order":0,"comment_status":"open","ping_status":"open","template":"","format":"standard","meta":{"footnotes":""},"class_list":["post-5701","noticia","type-noticia","status-publish","format-standard","has-post-thumbnail","hentry"],"yoast_head":"<!-- This site is optimized with the Yoast SEO plugin v27.3 - https:\/\/yoast.com\/product\/yoast-seo-wordpress\/ -->\n<title>Transcaribe anuncia 70 vacantes para conductores -<\/title>\n<meta name=\"robots\" content=\"index, follow, max-snippet:-1, max-image-preview:large, max-video-preview:-1\" \/>\n<link rel=\"canonical\" href=\"https:\/\/transcaribe.gov.co\/index.php\/noticia\/transcaribe-anuncia-70-vacantes-para-conductores\/\" \/>\n<meta property=\"og:locale\" content=\"es_ES\" \/>\n<meta property=\"og:type\" content=\"article\" \/>\n<meta property=\"og:title\" content=\"Transcaribe anuncia 70 vacantes para conductores -\" \/>\n<meta property=\"og:description\" content=\"Los interesados deben tener licencia de conducci\u00f3n en categor\u00eda C2 y contar con dos a\u00f1os de experiencia. El Sistema de transporte p\u00fablico Transcaribe ha lanzado una nueva convocatoria laboral dirigida a conductores y conductoras interesados en formar parte de los operadores de buses de los concesionarios del Sistema. Bajo el lema \u00abTrabajo s\u00ed hay\u00bb, Transcaribe [&hellip;]\" \/>\n<meta property=\"og:url\" content=\"https:\/\/transcaribe.gov.co\/index.php\/noticia\/transcaribe-anuncia-70-vacantes-para-conductores\/\" \/>\n<meta property=\"article:publisher\" content=\"https:\/\/www.facebook.com\/TranscaribeCTG\" \/>\n<meta property=\"article:modified_time\" content=\"2024-07-02T20:55:28+00:00\" \/>\n<meta property=\"og:image\" content=\"https:\/\/transcaribe.gov.co\/wp-content\/uploads\/2024\/07\/WhatsApp-Image-2024-07-02-at-3.54.26-PM.jpeg\" \/>\n\t<meta property=\"og:image:width\" content=\"1600\" \/>\n\t<meta property=\"og:image:height\" content=\"1066\" \/>\n\t<meta property=\"og:image:type\" content=\"image\/jpeg\" \/>\n<meta name=\"twitter:card\" content=\"summary_large_image\" \/>\n<meta name=\"twitter:site\" content=\"@transcaribeSITM\" \/>\n<meta name=\"twitter:label1\" content=\"Tiempo de lectura\" \/>\n\t<meta name=\"twitter:data1\" content=\"2 minutos\" \/>\n<script type=\"application\/ld+json\" class=\"yoast-schema-graph\">{\"@context\":\"https:\\\/\\\/schema.org\",\"@graph\":[{\"@type\":\"WebPage\",\"@id\":\"https:\\\/\\\/transcaribe.gov.co\\\/index.php\\\/noticia\\\/transcaribe-anuncia-70-vacantes-para-conductores\\\/\",\"url\":\"https:\\\/\\\/transcaribe.gov.co\\\/index.php\\\/noticia\\\/transcaribe-anuncia-70-vacantes-para-conductores\\\/\",\"name\":\"Transcaribe anuncia 70 vacantes para conductores -\",\"isPartOf\":{\"@id\":\"https:\\\/\\\/transcaribe.gov.co\\\/#website\"},\"primaryImageOfPage\":{\"@id\":\"https:\\\/\\\/transcaribe.gov.co\\\/index.php\\\/noticia\\\/transcaribe-anuncia-70-vacantes-para-conductores\\\/#primaryimage\"},\"image\":{\"@id\":\"https:\\\/\\\/transcaribe.gov.co\\\/index.php\\\/noticia\\\/transcaribe-anuncia-70-vacantes-para-conductores\\\/#primaryimage\"},\"thumbnailUrl\":\"https:\\\/\\\/transcaribe.gov.co\\\/wp-content\\\/uploads\\\/2024\\\/07\\\/WhatsApp-Image-2024-07-02-at-3.54.26-PM.jpeg\",\"datePublished\":\"2024-06-26T14:32:37+00:00\",\"dateModified\":\"2024-07-02T20:55:28+00:00\",\"breadcrumb\":{\"@id\":\"https:\\\/\\\/transcaribe.gov.co\\\/index.php\\\/noticia\\\/transcaribe-anuncia-70-vacantes-para-conductores\\\/#breadcrumb\"},\"inLanguage\":\"es\",\"potentialAction\":[{\"@type\":\"ReadAction\",\"target\":[\"https:\\\/\\\/transcaribe.gov.co\\\/index.php\\\/noticia\\\/transcaribe-anuncia-70-vacantes-para-conductores\\\/\"]}]},{\"@type\":\"ImageObject\",\"inLanguage\":\"es\",\"@id\":\"https:\\\/\\\/transcaribe.gov.co\\\/index.php\\\/noticia\\\/transcaribe-anuncia-70-vacantes-para-conductores\\\/#primaryimage\",\"url\":\"https:\\\/\\\/transcaribe.gov.co\\\/wp-content\\\/uploads\\\/2024\\\/07\\\/WhatsApp-Image-2024-07-02-at-3.54.26-PM.jpeg\",\"contentUrl\":\"https:\\\/\\\/transcaribe.gov.co\\\/wp-content\\\/uploads\\\/2024\\\/07\\\/WhatsApp-Image-2024-07-02-at-3.54.26-PM.jpeg\",\"width\":1600,\"height\":1066},{\"@type\":\"BreadcrumbList\",\"@id\":\"https:\\\/\\\/transcaribe.gov.co\\\/index.php\\\/noticia\\\/transcaribe-anuncia-70-vacantes-para-conductores\\\/#breadcrumb\",\"itemListElement\":[{\"@type\":\"ListItem\",\"position\":1,\"name\":\"Portada\",\"item\":\"https:\\\/\\\/transcaribe.gov.co\\\/\"},{\"@type\":\"ListItem\",\"position\":2,\"name\":\"Transcaribe anuncia 70 vacantes para conductores\"}]},{\"@type\":\"WebSite\",\"@id\":\"https:\\\/\\\/transcaribe.gov.co\\\/#website\",\"url\":\"https:\\\/\\\/transcaribe.gov.co\\\/\",\"name\":\"TRANSCARIBE\",\"description\":\"\",\"publisher\":{\"@id\":\"https:\\\/\\\/transcaribe.gov.co\\\/#organization\"},\"potentialAction\":[{\"@type\":\"SearchAction\",\"target\":{\"@type\":\"EntryPoint\",\"urlTemplate\":\"https:\\\/\\\/transcaribe.gov.co\\\/?s={search_term_string}\"},\"query-input\":{\"@type\":\"PropertyValueSpecification\",\"valueRequired\":true,\"valueName\":\"search_term_string\"}}],\"inLanguage\":\"es\"},{\"@type\":\"Organization\",\"@id\":\"https:\\\/\\\/transcaribe.gov.co\\\/#organization\",\"name\":\"TRANSCARIBE S.A.\",\"url\":\"https:\\\/\\\/transcaribe.gov.co\\\/\",\"logo\":{\"@type\":\"ImageObject\",\"inLanguage\":\"es\",\"@id\":\"https:\\\/\\\/transcaribe.gov.co\\\/#\\\/schema\\\/logo\\\/image\\\/\",\"url\":\"https:\\\/\\\/transcaribe.gov.co\\\/wp-content\\\/uploads\\\/2023\\\/10\\\/cropped-Favicon_Transcaribe.png\",\"contentUrl\":\"https:\\\/\\\/transcaribe.gov.co\\\/wp-content\\\/uploads\\\/2023\\\/10\\\/cropped-Favicon_Transcaribe.png\",\"width\":512,\"height\":512,\"caption\":\"TRANSCARIBE S.A.\"},\"image\":{\"@id\":\"https:\\\/\\\/transcaribe.gov.co\\\/#\\\/schema\\\/logo\\\/image\\\/\"},\"sameAs\":[\"https:\\\/\\\/www.facebook.com\\\/TranscaribeCTG\",\"https:\\\/\\\/x.com\\\/transcaribeSITM\",\"https:\\\/\\\/www.instagram.com\\\/Transcaribecartagena\\\/\",\"https:\\\/\\\/www.youtube.com\\\/channel\\\/UCyM8-7H1Ux9hsYGlCkSkQaA\"]}]}<\/script>\n<!-- \/ Yoast SEO plugin. -->","yoast_head_json":{"title":"Transcaribe anuncia 70 vacantes para conductores -","robots":{"index":"index","follow":"follow","max-snippet":"max-snippet:-1","max-image-preview":"max-image-preview:large","max-video-preview":"max-video-preview:-1"},"canonical":"https:\/\/transcaribe.gov.co\/index.php\/noticia\/transcaribe-anuncia-70-vacantes-para-conductores\/","og_locale":"es_ES","og_type":"article","og_title":"Transcaribe anuncia 70 vacantes para conductores -","og_description":"Los interesados deben tener licencia de conducci\u00f3n en categor\u00eda C2 y contar con dos a\u00f1os de experiencia. El Sistema de transporte p\u00fablico Transcaribe ha lanzado una nueva convocatoria laboral dirigida a conductores y conductoras interesados en formar parte de los operadores de buses de los concesionarios del Sistema. Bajo el lema \u00abTrabajo s\u00ed hay\u00bb, Transcaribe [&hellip;]","og_url":"https:\/\/transcaribe.gov.co\/index.php\/noticia\/transcaribe-anuncia-70-vacantes-para-conductores\/","article_publisher":"https:\/\/www.facebook.com\/TranscaribeCTG","article_modified_time":"2024-07-02T20:55:28+00:00","og_image":[{"width":1600,"height":1066,"url":"https:\/\/transcaribe.gov.co\/wp-content\/uploads\/2024\/07\/WhatsApp-Image-2024-07-02-at-3.54.26-PM.jpeg","type":"image\/jpeg"}],"twitter_card":"summary_large_image","twitter_site":"@transcaribeSITM","twitter_misc":{"Tiempo de lectura":"2 minutos"},"schema":{"@context":"https:\/\/schema.org","@graph":[{"@type":"WebPage","@id":"https:\/\/transcaribe.gov.co\/index.php\/noticia\/transcaribe-anuncia-70-vacantes-para-conductores\/","url":"https:\/\/transcaribe.gov.co\/index.php\/noticia\/transcaribe-anuncia-70-vacantes-para-conductores\/","name":"Transcaribe anuncia 70 vacantes para conductores -","isPartOf":{"@id":"https:\/\/transcaribe.gov.co\/#website"},"primaryImageOfPage":{"@id":"https:\/\/transcaribe.gov.co\/index.php\/noticia\/transcaribe-anuncia-70-vacantes-para-conductores\/#primaryimage"},"image":{"@id":"https:\/\/transcaribe.gov.co\/index.php\/noticia\/transcaribe-anuncia-70-vacantes-para-conductores\/#primaryimage"},"thumbnailUrl":"https:\/\/transcaribe.gov.co\/wp-content\/uploads\/2024\/07\/WhatsApp-Image-2024-07-02-at-3.54.26-PM.jpeg","datePublished":"2024-06-26T14:32:37+00:00","dateModified":"2024-07-02T20:55:28+00:00","breadcrumb":{"@id":"https:\/\/transcaribe.gov.co\/index.php\/noticia\/transcaribe-anuncia-70-vacantes-para-conductores\/#breadcrumb"},"inLanguage":"es","potentialAction":[{"@type":"ReadAction","target":["https:\/\/transcaribe.gov.co\/index.php\/noticia\/transcaribe-anuncia-70-vacantes-para-conductores\/"]}]},{"@type":"ImageObject","inLanguage":"es","@id":"https:\/\/transcaribe.gov.co\/index.php\/noticia\/transcaribe-anuncia-70-vacantes-para-conductores\/#primaryimage","url":"https:\/\/transcaribe.gov.co\/wp-content\/uploads\/2024\/07\/WhatsApp-Image-2024-07-02-at-3.54.26-PM.jpeg","contentUrl":"https:\/\/transcaribe.gov.co\/wp-content\/uploads\/2024\/07\/WhatsApp-Image-2024-07-02-at-3.54.26-PM.jpeg","width":1600,"height":1066},{"@type":"BreadcrumbList","@id":"https:\/\/transcaribe.gov.co\/index.php\/noticia\/transcaribe-anuncia-70-vacantes-para-conductores\/#breadcrumb","itemListElement":[{"@type":"ListItem","position":1,"name":"Portada","item":"https:\/\/transcaribe.gov.co\/"},{"@type":"ListItem","position":2,"name":"Transcaribe anuncia 70 vacantes para conductores"}]},{"@type":"WebSite","@id":"https:\/\/transcaribe.gov.co\/#website","url":"https:\/\/transcaribe.gov.co\/","name":"TRANSCARIBE","description":"","publisher":{"@id":"https:\/\/transcaribe.gov.co\/#organization"},"potentialAction":[{"@type":"SearchAction","target":{"@type":"EntryPoint","urlTemplate":"https:\/\/transcaribe.gov.co\/?s={search_term_string}"},"query-input":{"@type":"PropertyValueSpecification","valueRequired":true,"valueName":"search_term_string"}}],"inLanguage":"es"},{"@type":"Organization","@id":"https:\/\/transcaribe.gov.co\/#organization","name":"TRANSCARIBE S.A.","url":"https:\/\/transcaribe.gov.co\/","logo":{"@type":"ImageObject","inLanguage":"es","@id":"https:\/\/transcaribe.gov.co\/#\/schema\/logo\/image\/","url":"https:\/\/transcaribe.gov.co\/wp-content\/uploads\/2023\/10\/cropped-Favicon_Transcaribe.png","contentUrl":"https:\/\/transcaribe.gov.co\/wp-content\/uploads\/2023\/10\/cropped-Favicon_Transcaribe.png","width":512,"height":512,"caption":"TRANSCARIBE S.A."},"image":{"@id":"https:\/\/transcaribe.gov.co\/#\/schema\/logo\/image\/"},"sameAs":["https:\/\/www.facebook.com\/TranscaribeCTG","https:\/\/x.com\/transcaribeSITM","https:\/\/www.instagram.com\/Transcaribecartagena\/","https:\/\/www.youtube.com\/channel\/UCyM8-7H1Ux9hsYGlCkSkQaA"]}]}},"_links":{"self":[{"href":"https:\/\/transcaribe.gov.co\/index.php\/wp-json\/wp\/v2\/noticia\/5701","targetHints":{"allow":["GET"]}}],"collection":[{"href":"https:\/\/transcaribe.gov.co\/index.php\/wp-json\/wp\/v2\/noticia"}],"about":[{"href":"https:\/\/transcaribe.gov.co\/index.php\/wp-json\/wp\/v2\/types\/noticia"}],"author":[{"embeddable":true,"href":"https:\/\/transcaribe.gov.co\/index.php\/wp-json\/wp\/v2\/users\/3"}],"replies":[{"embeddable":true,"href":"https:\/\/transcaribe.gov.co\/index.php\/wp-json\/wp\/v2\/comments?post=5701"}],"version-history":[{"count":1,"href":"https:\/\/transcaribe.gov.co\/index.php\/wp-json\/wp\/v2\/noticia\/5701\/revisions"}],"predecessor-version":[{"id":5703,"href":"https:\/\/transcaribe.gov.co\/index.php\/wp-json\/wp\/v2\/noticia\/5701\/revisions\/5703"}],"wp:featuredmedia":[{"embeddable":true,"href":"https:\/\/transcaribe.gov.co\/index.php\/wp-json\/wp\/v2\/media\/5702"}],"wp:attachment":[{"href":"https:\/\/transcaribe.gov.co\/index.php\/wp-json\/wp\/v2\/media?parent=5701"}],"curies":[{"name":"wp","href":"https:\/\/api.w.org\/{rel}","templated":true}]}}