{"id":4505,"date":"2023-11-29T13:56:51","date_gmt":"2023-11-29T18:56:51","guid":{"rendered":"https:\/\/transcaribe.gov.co\/?post_type=noticia&#038;p=4505"},"modified":"2023-11-29T13:56:51","modified_gmt":"2023-11-29T18:56:51","slug":"transcaribe-activa-desvio-en-la-ruta-a108-a-la-altura-de-el-campestre","status":"publish","type":"noticia","link":"https:\/\/transcaribe.gov.co\/index.php\/noticia\/transcaribe-activa-desvio-en-la-ruta-a108-a-la-altura-de-el-campestre\/","title":{"rendered":"Transcaribe activa desv\u00edo en la Ruta A108, a la altura de El Campestre"},"content":{"rendered":"<h3><em><strong>Debido a obras de reparaci\u00f3n vial en la Calle 12 de dicho barrio, que se extender\u00e1n hasta el 20 de diciembre.<\/strong><\/em><\/h3>\n<p><img fetchpriority=\"high\" decoding=\"async\" class=\"alignnone size-full wp-image-4506\" src=\"https:\/\/transcaribe.gov.co\/wp-content\/uploads\/2023\/11\/MEDIDOR-12.jpg\" alt=\"\" width=\"1280\" height=\"720\" srcset=\"https:\/\/transcaribe.gov.co\/wp-content\/uploads\/2023\/11\/MEDIDOR-12.jpg 1280w, https:\/\/transcaribe.gov.co\/wp-content\/uploads\/2023\/11\/MEDIDOR-12-300x169.jpg 300w, https:\/\/transcaribe.gov.co\/wp-content\/uploads\/2023\/11\/MEDIDOR-12-1024x576.jpg 1024w, https:\/\/transcaribe.gov.co\/wp-content\/uploads\/2023\/11\/MEDIDOR-12-768x432.jpg 768w\" sizes=\"(max-width: 1280px) 100vw, 1280px\" \/><\/p>\n<p>Debido a obras de reparaci\u00f3n vial en la calle 12 del barrio El Campestre, Transcaribe activ\u00f3 un desv\u00edo en su ruta A108, en sentido El Campestre \u2013 Santa Luc\u00eda.<\/p>\n<p>A la altura de Bong\u00e1s, los buses girar\u00e1n a la derecha para incorporarse a la Diagonal 28, hasta Indupollo. Luego seguir\u00e1n por la Carrera 57D hacia la I.E. Bertha Gede\u00f3n, donde retomar\u00e1n su recorrido habitual.<\/p>\n<p>Se dejar\u00e1n de cubrir los paraderos Hotel La Estancia, Nuevo Campestre Manzana G Lote 2 y Colegio Bertha Gede\u00f3n.<\/p>\n<p>Mientras se extienda el desv\u00edo, se habilitar\u00e1n paradas provisionales frente a la Ol\u00edmpica, frente a Indupollo y frente al Colegio Bertha Gede\u00f3n.<\/p>\n<p>Este desv\u00edo se extender\u00e1 hasta que concluyan las obras, programadas hasta el 20 de diciembre de 2023.<\/p>\n<div class='cb-post-url-qr-code'><br><img src='https:\/\/api.qrserver.com\/v1\/create-qr-code\/?size=185x185&ecc=L&qzone=1&data=https%3A%2F%2Ftranscaribe.gov.co%2Findex.php%2Fnoticia%2Ftranscaribe-activa-desvio-en-la-ruta-a108-a-la-altura-de-el-campestre%2F' alt='Transcaribe activa desv\u00edo en la Ruta A108, a la altura de El Campestre'\/><\/div>","protected":false},"excerpt":{"rendered":"<p>Debido a obras de reparaci\u00f3n vial en la Calle 12 de dicho barrio, que se extender\u00e1n hasta el 20 de diciembre. Debido a obras de reparaci\u00f3n vial en la calle 12 del barrio El Campestre, Transcaribe activ\u00f3 un desv\u00edo en su ruta A108, en sentido El Campestre \u2013 Santa Luc\u00eda. A la altura de Bong\u00e1s, [&hellip;]<\/p>\n","protected":false},"author":3,"featured_media":4506,"menu_order":0,"comment_status":"open","ping_status":"open","template":"","format":"standard","meta":{"footnotes":""},"class_list":["post-4505","noticia","type-noticia","status-publish","format-standard","has-post-thumbnail","hentry"],"yoast_head":"<!-- This site is optimized with the Yoast SEO plugin v27.3 - https:\/\/yoast.com\/product\/yoast-seo-wordpress\/ -->\n<title>Transcaribe activa desv\u00edo en la Ruta A108, a la altura de El Campestre -<\/title>\n<meta name=\"description\" content=\"Debido a obras de reparaci\u00f3n vial en la Calle 12 de dicho barrio, que se extender\u00e1n hasta el 20 de diciembre.\" \/>\n<meta name=\"robots\" content=\"index, follow, max-snippet:-1, max-image-preview:large, max-video-preview:-1\" \/>\n<link rel=\"canonical\" href=\"https:\/\/transcaribe.gov.co\/index.php\/noticia\/transcaribe-activa-desvio-en-la-ruta-a108-a-la-altura-de-el-campestre\/\" \/>\n<meta property=\"og:locale\" content=\"es_ES\" \/>\n<meta property=\"og:type\" content=\"article\" \/>\n<meta property=\"og:title\" content=\"Transcaribe activa desv\u00edo en la Ruta A108, a la altura de El Campestre -\" \/>\n<meta property=\"og:description\" content=\"Debido a obras de reparaci\u00f3n vial en la Calle 12 de dicho barrio, que se extender\u00e1n hasta el 20 de diciembre.\" \/>\n<meta property=\"og:url\" content=\"https:\/\/transcaribe.gov.co\/index.php\/noticia\/transcaribe-activa-desvio-en-la-ruta-a108-a-la-altura-de-el-campestre\/\" \/>\n<meta property=\"article:publisher\" content=\"https:\/\/www.facebook.com\/TranscaribeCTG\" \/>\n<meta property=\"og:image\" content=\"https:\/\/transcaribe.gov.co\/wp-content\/uploads\/2023\/11\/MEDIDOR-12.jpg\" \/>\n\t<meta property=\"og:image:width\" content=\"1280\" \/>\n\t<meta property=\"og:image:height\" content=\"720\" \/>\n\t<meta property=\"og:image:type\" content=\"image\/jpeg\" \/>\n<meta name=\"twitter:card\" content=\"summary_large_image\" \/>\n<meta name=\"twitter:site\" content=\"@transcaribeSITM\" \/>\n<meta name=\"twitter:label1\" content=\"Tiempo de lectura\" \/>\n\t<meta name=\"twitter:data1\" content=\"1 minuto\" \/>\n<script type=\"application\/ld+json\" class=\"yoast-schema-graph\">{\"@context\":\"https:\\\/\\\/schema.org\",\"@graph\":[{\"@type\":\"WebPage\",\"@id\":\"https:\\\/\\\/transcaribe.gov.co\\\/index.php\\\/noticia\\\/transcaribe-activa-desvio-en-la-ruta-a108-a-la-altura-de-el-campestre\\\/\",\"url\":\"https:\\\/\\\/transcaribe.gov.co\\\/index.php\\\/noticia\\\/transcaribe-activa-desvio-en-la-ruta-a108-a-la-altura-de-el-campestre\\\/\",\"name\":\"Transcaribe activa desv\u00edo en la Ruta A108, a la altura de El Campestre -\",\"isPartOf\":{\"@id\":\"https:\\\/\\\/transcaribe.gov.co\\\/#website\"},\"primaryImageOfPage\":{\"@id\":\"https:\\\/\\\/transcaribe.gov.co\\\/index.php\\\/noticia\\\/transcaribe-activa-desvio-en-la-ruta-a108-a-la-altura-de-el-campestre\\\/#primaryimage\"},\"image\":{\"@id\":\"https:\\\/\\\/transcaribe.gov.co\\\/index.php\\\/noticia\\\/transcaribe-activa-desvio-en-la-ruta-a108-a-la-altura-de-el-campestre\\\/#primaryimage\"},\"thumbnailUrl\":\"https:\\\/\\\/transcaribe.gov.co\\\/wp-content\\\/uploads\\\/2023\\\/11\\\/MEDIDOR-12.jpg\",\"datePublished\":\"2023-11-29T18:56:51+00:00\",\"description\":\"Debido a obras de reparaci\u00f3n vial en la Calle 12 de dicho barrio, que se extender\u00e1n hasta el 20 de diciembre.\",\"breadcrumb\":{\"@id\":\"https:\\\/\\\/transcaribe.gov.co\\\/index.php\\\/noticia\\\/transcaribe-activa-desvio-en-la-ruta-a108-a-la-altura-de-el-campestre\\\/#breadcrumb\"},\"inLanguage\":\"es\",\"potentialAction\":[{\"@type\":\"ReadAction\",\"target\":[\"https:\\\/\\\/transcaribe.gov.co\\\/index.php\\\/noticia\\\/transcaribe-activa-desvio-en-la-ruta-a108-a-la-altura-de-el-campestre\\\/\"]}]},{\"@type\":\"ImageObject\",\"inLanguage\":\"es\",\"@id\":\"https:\\\/\\\/transcaribe.gov.co\\\/index.php\\\/noticia\\\/transcaribe-activa-desvio-en-la-ruta-a108-a-la-altura-de-el-campestre\\\/#primaryimage\",\"url\":\"https:\\\/\\\/transcaribe.gov.co\\\/wp-content\\\/uploads\\\/2023\\\/11\\\/MEDIDOR-12.jpg\",\"contentUrl\":\"https:\\\/\\\/transcaribe.gov.co\\\/wp-content\\\/uploads\\\/2023\\\/11\\\/MEDIDOR-12.jpg\",\"width\":1280,\"height\":720},{\"@type\":\"BreadcrumbList\",\"@id\":\"https:\\\/\\\/transcaribe.gov.co\\\/index.php\\\/noticia\\\/transcaribe-activa-desvio-en-la-ruta-a108-a-la-altura-de-el-campestre\\\/#breadcrumb\",\"itemListElement\":[{\"@type\":\"ListItem\",\"position\":1,\"name\":\"Portada\",\"item\":\"https:\\\/\\\/transcaribe.gov.co\\\/\"},{\"@type\":\"ListItem\",\"position\":2,\"name\":\"Transcaribe activa desv\u00edo en la Ruta A108, a la altura de El Campestre\"}]},{\"@type\":\"WebSite\",\"@id\":\"https:\\\/\\\/transcaribe.gov.co\\\/#website\",\"url\":\"https:\\\/\\\/transcaribe.gov.co\\\/\",\"name\":\"TRANSCARIBE\",\"description\":\"\",\"publisher\":{\"@id\":\"https:\\\/\\\/transcaribe.gov.co\\\/#organization\"},\"potentialAction\":[{\"@type\":\"SearchAction\",\"target\":{\"@type\":\"EntryPoint\",\"urlTemplate\":\"https:\\\/\\\/transcaribe.gov.co\\\/?s={search_term_string}\"},\"query-input\":{\"@type\":\"PropertyValueSpecification\",\"valueRequired\":true,\"valueName\":\"search_term_string\"}}],\"inLanguage\":\"es\"},{\"@type\":\"Organization\",\"@id\":\"https:\\\/\\\/transcaribe.gov.co\\\/#organization\",\"name\":\"TRANSCARIBE S.A.\",\"url\":\"https:\\\/\\\/transcaribe.gov.co\\\/\",\"logo\":{\"@type\":\"ImageObject\",\"inLanguage\":\"es\",\"@id\":\"https:\\\/\\\/transcaribe.gov.co\\\/#\\\/schema\\\/logo\\\/image\\\/\",\"url\":\"https:\\\/\\\/transcaribe.gov.co\\\/wp-content\\\/uploads\\\/2023\\\/10\\\/cropped-Favicon_Transcaribe.png\",\"contentUrl\":\"https:\\\/\\\/transcaribe.gov.co\\\/wp-content\\\/uploads\\\/2023\\\/10\\\/cropped-Favicon_Transcaribe.png\",\"width\":512,\"height\":512,\"caption\":\"TRANSCARIBE S.A.\"},\"image\":{\"@id\":\"https:\\\/\\\/transcaribe.gov.co\\\/#\\\/schema\\\/logo\\\/image\\\/\"},\"sameAs\":[\"https:\\\/\\\/www.facebook.com\\\/TranscaribeCTG\",\"https:\\\/\\\/x.com\\\/transcaribeSITM\",\"https:\\\/\\\/www.instagram.com\\\/Transcaribecartagena\\\/\",\"https:\\\/\\\/www.youtube.com\\\/channel\\\/UCyM8-7H1Ux9hsYGlCkSkQaA\"]}]}<\/script>\n<!-- \/ Yoast SEO plugin. -->","yoast_head_json":{"title":"Transcaribe activa desv\u00edo en la Ruta A108, a la altura de El Campestre -","description":"Debido a obras de reparaci\u00f3n vial en la Calle 12 de dicho barrio, que se extender\u00e1n hasta el 20 de diciembre.","robots":{"index":"index","follow":"follow","max-snippet":"max-snippet:-1","max-image-preview":"max-image-preview:large","max-video-preview":"max-video-preview:-1"},"canonical":"https:\/\/transcaribe.gov.co\/index.php\/noticia\/transcaribe-activa-desvio-en-la-ruta-a108-a-la-altura-de-el-campestre\/","og_locale":"es_ES","og_type":"article","og_title":"Transcaribe activa desv\u00edo en la Ruta A108, a la altura de El Campestre -","og_description":"Debido a obras de reparaci\u00f3n vial en la Calle 12 de dicho barrio, que se extender\u00e1n hasta el 20 de diciembre.","og_url":"https:\/\/transcaribe.gov.co\/index.php\/noticia\/transcaribe-activa-desvio-en-la-ruta-a108-a-la-altura-de-el-campestre\/","article_publisher":"https:\/\/www.facebook.com\/TranscaribeCTG","og_image":[{"width":1280,"height":720,"url":"https:\/\/transcaribe.gov.co\/wp-content\/uploads\/2023\/11\/MEDIDOR-12.jpg","type":"image\/jpeg"}],"twitter_card":"summary_large_image","twitter_site":"@transcaribeSITM","twitter_misc":{"Tiempo de lectura":"1 minuto"},"schema":{"@context":"https:\/\/schema.org","@graph":[{"@type":"WebPage","@id":"https:\/\/transcaribe.gov.co\/index.php\/noticia\/transcaribe-activa-desvio-en-la-ruta-a108-a-la-altura-de-el-campestre\/","url":"https:\/\/transcaribe.gov.co\/index.php\/noticia\/transcaribe-activa-desvio-en-la-ruta-a108-a-la-altura-de-el-campestre\/","name":"Transcaribe activa desv\u00edo en la Ruta A108, a la altura de El Campestre -","isPartOf":{"@id":"https:\/\/transcaribe.gov.co\/#website"},"primaryImageOfPage":{"@id":"https:\/\/transcaribe.gov.co\/index.php\/noticia\/transcaribe-activa-desvio-en-la-ruta-a108-a-la-altura-de-el-campestre\/#primaryimage"},"image":{"@id":"https:\/\/transcaribe.gov.co\/index.php\/noticia\/transcaribe-activa-desvio-en-la-ruta-a108-a-la-altura-de-el-campestre\/#primaryimage"},"thumbnailUrl":"https:\/\/transcaribe.gov.co\/wp-content\/uploads\/2023\/11\/MEDIDOR-12.jpg","datePublished":"2023-11-29T18:56:51+00:00","description":"Debido a obras de reparaci\u00f3n vial en la Calle 12 de dicho barrio, que se extender\u00e1n hasta el 20 de diciembre.","breadcrumb":{"@id":"https:\/\/transcaribe.gov.co\/index.php\/noticia\/transcaribe-activa-desvio-en-la-ruta-a108-a-la-altura-de-el-campestre\/#breadcrumb"},"inLanguage":"es","potentialAction":[{"@type":"ReadAction","target":["https:\/\/transcaribe.gov.co\/index.php\/noticia\/transcaribe-activa-desvio-en-la-ruta-a108-a-la-altura-de-el-campestre\/"]}]},{"@type":"ImageObject","inLanguage":"es","@id":"https:\/\/transcaribe.gov.co\/index.php\/noticia\/transcaribe-activa-desvio-en-la-ruta-a108-a-la-altura-de-el-campestre\/#primaryimage","url":"https:\/\/transcaribe.gov.co\/wp-content\/uploads\/2023\/11\/MEDIDOR-12.jpg","contentUrl":"https:\/\/transcaribe.gov.co\/wp-content\/uploads\/2023\/11\/MEDIDOR-12.jpg","width":1280,"height":720},{"@type":"BreadcrumbList","@id":"https:\/\/transcaribe.gov.co\/index.php\/noticia\/transcaribe-activa-desvio-en-la-ruta-a108-a-la-altura-de-el-campestre\/#breadcrumb","itemListElement":[{"@type":"ListItem","position":1,"name":"Portada","item":"https:\/\/transcaribe.gov.co\/"},{"@type":"ListItem","position":2,"name":"Transcaribe activa desv\u00edo en la Ruta A108, a la altura de El Campestre"}]},{"@type":"WebSite","@id":"https:\/\/transcaribe.gov.co\/#website","url":"https:\/\/transcaribe.gov.co\/","name":"TRANSCARIBE","description":"","publisher":{"@id":"https:\/\/transcaribe.gov.co\/#organization"},"potentialAction":[{"@type":"SearchAction","target":{"@type":"EntryPoint","urlTemplate":"https:\/\/transcaribe.gov.co\/?s={search_term_string}"},"query-input":{"@type":"PropertyValueSpecification","valueRequired":true,"valueName":"search_term_string"}}],"inLanguage":"es"},{"@type":"Organization","@id":"https:\/\/transcaribe.gov.co\/#organization","name":"TRANSCARIBE S.A.","url":"https:\/\/transcaribe.gov.co\/","logo":{"@type":"ImageObject","inLanguage":"es","@id":"https:\/\/transcaribe.gov.co\/#\/schema\/logo\/image\/","url":"https:\/\/transcaribe.gov.co\/wp-content\/uploads\/2023\/10\/cropped-Favicon_Transcaribe.png","contentUrl":"https:\/\/transcaribe.gov.co\/wp-content\/uploads\/2023\/10\/cropped-Favicon_Transcaribe.png","width":512,"height":512,"caption":"TRANSCARIBE S.A."},"image":{"@id":"https:\/\/transcaribe.gov.co\/#\/schema\/logo\/image\/"},"sameAs":["https:\/\/www.facebook.com\/TranscaribeCTG","https:\/\/x.com\/transcaribeSITM","https:\/\/www.instagram.com\/Transcaribecartagena\/","https:\/\/www.youtube.com\/channel\/UCyM8-7H1Ux9hsYGlCkSkQaA"]}]}},"_links":{"self":[{"href":"https:\/\/transcaribe.gov.co\/index.php\/wp-json\/wp\/v2\/noticia\/4505","targetHints":{"allow":["GET"]}}],"collection":[{"href":"https:\/\/transcaribe.gov.co\/index.php\/wp-json\/wp\/v2\/noticia"}],"about":[{"href":"https:\/\/transcaribe.gov.co\/index.php\/wp-json\/wp\/v2\/types\/noticia"}],"author":[{"embeddable":true,"href":"https:\/\/transcaribe.gov.co\/index.php\/wp-json\/wp\/v2\/users\/3"}],"replies":[{"embeddable":true,"href":"https:\/\/transcaribe.gov.co\/index.php\/wp-json\/wp\/v2\/comments?post=4505"}],"version-history":[{"count":1,"href":"https:\/\/transcaribe.gov.co\/index.php\/wp-json\/wp\/v2\/noticia\/4505\/revisions"}],"predecessor-version":[{"id":4507,"href":"https:\/\/transcaribe.gov.co\/index.php\/wp-json\/wp\/v2\/noticia\/4505\/revisions\/4507"}],"wp:featuredmedia":[{"embeddable":true,"href":"https:\/\/transcaribe.gov.co\/index.php\/wp-json\/wp\/v2\/media\/4506"}],"wp:attachment":[{"href":"https:\/\/transcaribe.gov.co\/index.php\/wp-json\/wp\/v2\/media?parent=4505"}],"curies":[{"name":"wp","href":"https:\/\/api.w.org\/{rel}","templated":true}]}}