{"id":3161,"date":"2022-02-07T09:01:55","date_gmt":"2022-02-07T09:01:55","guid":{"rendered":"http:\/\/transcaribe.gov.co\/?post_type=noticia&#038;p=3161"},"modified":"2022-02-07T15:30:13","modified_gmt":"2022-02-07T15:30:13","slug":"cambios-en-el-recorrido-de-las-rutas-x101-a101-y-a102-de-transcaribe","status":"publish","type":"noticia","link":"https:\/\/transcaribe.gov.co\/index.php\/noticia\/cambios-en-el-recorrido-de-las-rutas-x101-a101-y-a102-de-transcaribe\/","title":{"rendered":"Cambios en el recorrido de las Rutas X101, A101 y A102 de Transcaribe"},"content":{"rendered":"<p><img fetchpriority=\"high\" decoding=\"async\" class=\"alignnone size-full wp-image-3163\" src=\"https:\/\/transcaribe.gov.co\/wp-content\/uploads\/2022\/02\/DSC8163-scaled-e1643994078423.jpg\" alt=\"\" width=\"1280\" height=\"854\" \/><\/p>\n<p><em><strong>Para minimizar los tiempos de espera de nuestros usuarios, ante los retrasos causados por obras de rehabilitaci\u00f3n de la malla vial en la antigua v\u00eda de Ternera.<\/strong><\/em><\/p>\n<p>Ante el impacto en la operaci\u00f3n de la intervenci\u00f3n en la malla vial a la altura de la Universidad de San Buenaventura, y buscando minimizar los tiempos de espera de nuestros usuarios, Transcaribe activa los siguientes cambios en el recorrido de las Rutas X101, A101 y A102.<\/p>\n<p>La Ruta X101 vuelve a su recorrido habitual en sentido Centro \u2013 San Jos\u00e9 de Los Campanos. En sentido contrario, San Jos\u00e9 de Los Campanos \u2013 Centro, los buses de esta ruta seguir\u00e1n por la Troncal de Occidente e ingresar\u00e1n a la antigua v\u00eda de Ternera por la calle del FIRE.<\/p>\n<p>Las Rutas A101 y A102 tambi\u00e9n activan este mismo desv\u00edo: sus buses ingresar\u00e1n en sentido vuelta a la antigua v\u00eda de Ternera a trav\u00e9s de la calle del FIRE.<\/p>\n<p>Con estos desv\u00edo, las tres rutas dejan de cubrir 4 paraderos: Droguer\u00eda Calidad y M\u00fasica RS, Iglesia de Ternera, Universidad de San Buenaventura y Marval, todas en sentido vuelta.<\/p>\n<div class='cb-post-url-qr-code'><br><img src='https:\/\/api.qrserver.com\/v1\/create-qr-code\/?size=185x185&ecc=L&qzone=1&data=https%3A%2F%2Ftranscaribe.gov.co%2Findex.php%2Fnoticia%2Fcambios-en-el-recorrido-de-las-rutas-x101-a101-y-a102-de-transcaribe%2F' alt='Cambios en el recorrido de las Rutas X101, A101 y A102 de Transcaribe'\/><\/div>","protected":false},"excerpt":{"rendered":"<p>Para minimizar los tiempos de espera de nuestros usuarios, ante los retrasos causados por obras de rehabilitaci\u00f3n de la malla vial en la antigua v\u00eda de Ternera. Ante el impacto en la operaci\u00f3n de la intervenci\u00f3n en la malla vial a la altura de la Universidad de San Buenaventura, y buscando minimizar los tiempos de [&hellip;]<\/p>\n","protected":false},"author":1,"featured_media":3163,"menu_order":0,"comment_status":"open","ping_status":"open","template":"","format":"standard","meta":{"footnotes":""},"class_list":["post-3161","noticia","type-noticia","status-publish","format-standard","has-post-thumbnail","hentry"],"yoast_head":"<!-- This site is optimized with the Yoast SEO plugin v27.3 - https:\/\/yoast.com\/product\/yoast-seo-wordpress\/ -->\n<title>Cambios en el recorrido de las Rutas X101, A101 y A102 de Transcaribe -<\/title>\n<meta name=\"description\" content=\"Para minimizar los tiempos de espera de nuestros usuarios, ante los retrasos causados por obras de rehabilitaci\u00f3n de la malla vial en la antigua v\u00eda de Ternera.\" \/>\n<meta name=\"robots\" content=\"index, follow, max-snippet:-1, max-image-preview:large, max-video-preview:-1\" \/>\n<link rel=\"canonical\" href=\"https:\/\/transcaribe.gov.co\/index.php\/noticia\/cambios-en-el-recorrido-de-las-rutas-x101-a101-y-a102-de-transcaribe\/\" \/>\n<meta property=\"og:locale\" content=\"es_ES\" \/>\n<meta property=\"og:type\" content=\"article\" \/>\n<meta property=\"og:title\" content=\"Cambios en el recorrido de las Rutas X101, A101 y A102 de Transcaribe -\" \/>\n<meta property=\"og:description\" content=\"Para minimizar los tiempos de espera de nuestros usuarios, ante los retrasos causados por obras de rehabilitaci\u00f3n de la malla vial en la antigua v\u00eda de Ternera.\" \/>\n<meta property=\"og:url\" content=\"https:\/\/transcaribe.gov.co\/index.php\/noticia\/cambios-en-el-recorrido-de-las-rutas-x101-a101-y-a102-de-transcaribe\/\" \/>\n<meta property=\"article:publisher\" content=\"https:\/\/www.facebook.com\/TranscaribeCTG\" \/>\n<meta property=\"article:modified_time\" content=\"2022-02-07T15:30:13+00:00\" \/>\n<meta property=\"og:image\" content=\"https:\/\/transcaribe.gov.co\/wp-content\/uploads\/2022\/02\/DSC8163-scaled-e1643994078423.jpg\" \/>\n\t<meta property=\"og:image:width\" content=\"1280\" \/>\n\t<meta property=\"og:image:height\" content=\"854\" \/>\n\t<meta property=\"og:image:type\" content=\"image\/jpeg\" \/>\n<meta name=\"twitter:card\" content=\"summary_large_image\" \/>\n<meta name=\"twitter:site\" content=\"@transcaribeSITM\" \/>\n<meta name=\"twitter:label1\" content=\"Tiempo de lectura\" \/>\n\t<meta name=\"twitter:data1\" content=\"1 minuto\" \/>\n<script type=\"application\/ld+json\" class=\"yoast-schema-graph\">{\"@context\":\"https:\\\/\\\/schema.org\",\"@graph\":[{\"@type\":\"WebPage\",\"@id\":\"https:\\\/\\\/transcaribe.gov.co\\\/index.php\\\/noticia\\\/cambios-en-el-recorrido-de-las-rutas-x101-a101-y-a102-de-transcaribe\\\/\",\"url\":\"https:\\\/\\\/transcaribe.gov.co\\\/index.php\\\/noticia\\\/cambios-en-el-recorrido-de-las-rutas-x101-a101-y-a102-de-transcaribe\\\/\",\"name\":\"Cambios en el recorrido de las Rutas X101, A101 y A102 de Transcaribe -\",\"isPartOf\":{\"@id\":\"https:\\\/\\\/transcaribe.gov.co\\\/#website\"},\"primaryImageOfPage\":{\"@id\":\"https:\\\/\\\/transcaribe.gov.co\\\/index.php\\\/noticia\\\/cambios-en-el-recorrido-de-las-rutas-x101-a101-y-a102-de-transcaribe\\\/#primaryimage\"},\"image\":{\"@id\":\"https:\\\/\\\/transcaribe.gov.co\\\/index.php\\\/noticia\\\/cambios-en-el-recorrido-de-las-rutas-x101-a101-y-a102-de-transcaribe\\\/#primaryimage\"},\"thumbnailUrl\":\"https:\\\/\\\/transcaribe.gov.co\\\/wp-content\\\/uploads\\\/2022\\\/02\\\/DSC8163-scaled-e1643994078423.jpg\",\"datePublished\":\"2022-02-07T09:01:55+00:00\",\"dateModified\":\"2022-02-07T15:30:13+00:00\",\"description\":\"Para minimizar los tiempos de espera de nuestros usuarios, ante los retrasos causados por obras de rehabilitaci\u00f3n de la malla vial en la antigua v\u00eda de Ternera.\",\"breadcrumb\":{\"@id\":\"https:\\\/\\\/transcaribe.gov.co\\\/index.php\\\/noticia\\\/cambios-en-el-recorrido-de-las-rutas-x101-a101-y-a102-de-transcaribe\\\/#breadcrumb\"},\"inLanguage\":\"es\",\"potentialAction\":[{\"@type\":\"ReadAction\",\"target\":[\"https:\\\/\\\/transcaribe.gov.co\\\/index.php\\\/noticia\\\/cambios-en-el-recorrido-de-las-rutas-x101-a101-y-a102-de-transcaribe\\\/\"]}]},{\"@type\":\"ImageObject\",\"inLanguage\":\"es\",\"@id\":\"https:\\\/\\\/transcaribe.gov.co\\\/index.php\\\/noticia\\\/cambios-en-el-recorrido-de-las-rutas-x101-a101-y-a102-de-transcaribe\\\/#primaryimage\",\"url\":\"https:\\\/\\\/transcaribe.gov.co\\\/wp-content\\\/uploads\\\/2022\\\/02\\\/DSC8163-scaled-e1643994078423.jpg\",\"contentUrl\":\"https:\\\/\\\/transcaribe.gov.co\\\/wp-content\\\/uploads\\\/2022\\\/02\\\/DSC8163-scaled-e1643994078423.jpg\",\"width\":1280,\"height\":854},{\"@type\":\"BreadcrumbList\",\"@id\":\"https:\\\/\\\/transcaribe.gov.co\\\/index.php\\\/noticia\\\/cambios-en-el-recorrido-de-las-rutas-x101-a101-y-a102-de-transcaribe\\\/#breadcrumb\",\"itemListElement\":[{\"@type\":\"ListItem\",\"position\":1,\"name\":\"Portada\",\"item\":\"https:\\\/\\\/transcaribe.gov.co\\\/\"},{\"@type\":\"ListItem\",\"position\":2,\"name\":\"Cambios en el recorrido de las Rutas X101, A101 y A102 de Transcaribe\"}]},{\"@type\":\"WebSite\",\"@id\":\"https:\\\/\\\/transcaribe.gov.co\\\/#website\",\"url\":\"https:\\\/\\\/transcaribe.gov.co\\\/\",\"name\":\"TRANSCARIBE\",\"description\":\"\",\"publisher\":{\"@id\":\"https:\\\/\\\/transcaribe.gov.co\\\/#organization\"},\"potentialAction\":[{\"@type\":\"SearchAction\",\"target\":{\"@type\":\"EntryPoint\",\"urlTemplate\":\"https:\\\/\\\/transcaribe.gov.co\\\/?s={search_term_string}\"},\"query-input\":{\"@type\":\"PropertyValueSpecification\",\"valueRequired\":true,\"valueName\":\"search_term_string\"}}],\"inLanguage\":\"es\"},{\"@type\":\"Organization\",\"@id\":\"https:\\\/\\\/transcaribe.gov.co\\\/#organization\",\"name\":\"TRANSCARIBE S.A.\",\"url\":\"https:\\\/\\\/transcaribe.gov.co\\\/\",\"logo\":{\"@type\":\"ImageObject\",\"inLanguage\":\"es\",\"@id\":\"https:\\\/\\\/transcaribe.gov.co\\\/#\\\/schema\\\/logo\\\/image\\\/\",\"url\":\"https:\\\/\\\/transcaribe.gov.co\\\/wp-content\\\/uploads\\\/2023\\\/10\\\/cropped-Favicon_Transcaribe.png\",\"contentUrl\":\"https:\\\/\\\/transcaribe.gov.co\\\/wp-content\\\/uploads\\\/2023\\\/10\\\/cropped-Favicon_Transcaribe.png\",\"width\":512,\"height\":512,\"caption\":\"TRANSCARIBE S.A.\"},\"image\":{\"@id\":\"https:\\\/\\\/transcaribe.gov.co\\\/#\\\/schema\\\/logo\\\/image\\\/\"},\"sameAs\":[\"https:\\\/\\\/www.facebook.com\\\/TranscaribeCTG\",\"https:\\\/\\\/x.com\\\/transcaribeSITM\",\"https:\\\/\\\/www.instagram.com\\\/Transcaribecartagena\\\/\",\"https:\\\/\\\/www.youtube.com\\\/channel\\\/UCyM8-7H1Ux9hsYGlCkSkQaA\"]}]}<\/script>\n<!-- \/ Yoast SEO plugin. -->","yoast_head_json":{"title":"Cambios en el recorrido de las Rutas X101, A101 y A102 de Transcaribe -","description":"Para minimizar los tiempos de espera de nuestros usuarios, ante los retrasos causados por obras de rehabilitaci\u00f3n de la malla vial en la antigua v\u00eda de Ternera.","robots":{"index":"index","follow":"follow","max-snippet":"max-snippet:-1","max-image-preview":"max-image-preview:large","max-video-preview":"max-video-preview:-1"},"canonical":"https:\/\/transcaribe.gov.co\/index.php\/noticia\/cambios-en-el-recorrido-de-las-rutas-x101-a101-y-a102-de-transcaribe\/","og_locale":"es_ES","og_type":"article","og_title":"Cambios en el recorrido de las Rutas X101, A101 y A102 de Transcaribe -","og_description":"Para minimizar los tiempos de espera de nuestros usuarios, ante los retrasos causados por obras de rehabilitaci\u00f3n de la malla vial en la antigua v\u00eda de Ternera.","og_url":"https:\/\/transcaribe.gov.co\/index.php\/noticia\/cambios-en-el-recorrido-de-las-rutas-x101-a101-y-a102-de-transcaribe\/","article_publisher":"https:\/\/www.facebook.com\/TranscaribeCTG","article_modified_time":"2022-02-07T15:30:13+00:00","og_image":[{"width":1280,"height":854,"url":"https:\/\/transcaribe.gov.co\/wp-content\/uploads\/2022\/02\/DSC8163-scaled-e1643994078423.jpg","type":"image\/jpeg"}],"twitter_card":"summary_large_image","twitter_site":"@transcaribeSITM","twitter_misc":{"Tiempo de lectura":"1 minuto"},"schema":{"@context":"https:\/\/schema.org","@graph":[{"@type":"WebPage","@id":"https:\/\/transcaribe.gov.co\/index.php\/noticia\/cambios-en-el-recorrido-de-las-rutas-x101-a101-y-a102-de-transcaribe\/","url":"https:\/\/transcaribe.gov.co\/index.php\/noticia\/cambios-en-el-recorrido-de-las-rutas-x101-a101-y-a102-de-transcaribe\/","name":"Cambios en el recorrido de las Rutas X101, A101 y A102 de Transcaribe -","isPartOf":{"@id":"https:\/\/transcaribe.gov.co\/#website"},"primaryImageOfPage":{"@id":"https:\/\/transcaribe.gov.co\/index.php\/noticia\/cambios-en-el-recorrido-de-las-rutas-x101-a101-y-a102-de-transcaribe\/#primaryimage"},"image":{"@id":"https:\/\/transcaribe.gov.co\/index.php\/noticia\/cambios-en-el-recorrido-de-las-rutas-x101-a101-y-a102-de-transcaribe\/#primaryimage"},"thumbnailUrl":"https:\/\/transcaribe.gov.co\/wp-content\/uploads\/2022\/02\/DSC8163-scaled-e1643994078423.jpg","datePublished":"2022-02-07T09:01:55+00:00","dateModified":"2022-02-07T15:30:13+00:00","description":"Para minimizar los tiempos de espera de nuestros usuarios, ante los retrasos causados por obras de rehabilitaci\u00f3n de la malla vial en la antigua v\u00eda de Ternera.","breadcrumb":{"@id":"https:\/\/transcaribe.gov.co\/index.php\/noticia\/cambios-en-el-recorrido-de-las-rutas-x101-a101-y-a102-de-transcaribe\/#breadcrumb"},"inLanguage":"es","potentialAction":[{"@type":"ReadAction","target":["https:\/\/transcaribe.gov.co\/index.php\/noticia\/cambios-en-el-recorrido-de-las-rutas-x101-a101-y-a102-de-transcaribe\/"]}]},{"@type":"ImageObject","inLanguage":"es","@id":"https:\/\/transcaribe.gov.co\/index.php\/noticia\/cambios-en-el-recorrido-de-las-rutas-x101-a101-y-a102-de-transcaribe\/#primaryimage","url":"https:\/\/transcaribe.gov.co\/wp-content\/uploads\/2022\/02\/DSC8163-scaled-e1643994078423.jpg","contentUrl":"https:\/\/transcaribe.gov.co\/wp-content\/uploads\/2022\/02\/DSC8163-scaled-e1643994078423.jpg","width":1280,"height":854},{"@type":"BreadcrumbList","@id":"https:\/\/transcaribe.gov.co\/index.php\/noticia\/cambios-en-el-recorrido-de-las-rutas-x101-a101-y-a102-de-transcaribe\/#breadcrumb","itemListElement":[{"@type":"ListItem","position":1,"name":"Portada","item":"https:\/\/transcaribe.gov.co\/"},{"@type":"ListItem","position":2,"name":"Cambios en el recorrido de las Rutas X101, A101 y A102 de Transcaribe"}]},{"@type":"WebSite","@id":"https:\/\/transcaribe.gov.co\/#website","url":"https:\/\/transcaribe.gov.co\/","name":"TRANSCARIBE","description":"","publisher":{"@id":"https:\/\/transcaribe.gov.co\/#organization"},"potentialAction":[{"@type":"SearchAction","target":{"@type":"EntryPoint","urlTemplate":"https:\/\/transcaribe.gov.co\/?s={search_term_string}"},"query-input":{"@type":"PropertyValueSpecification","valueRequired":true,"valueName":"search_term_string"}}],"inLanguage":"es"},{"@type":"Organization","@id":"https:\/\/transcaribe.gov.co\/#organization","name":"TRANSCARIBE S.A.","url":"https:\/\/transcaribe.gov.co\/","logo":{"@type":"ImageObject","inLanguage":"es","@id":"https:\/\/transcaribe.gov.co\/#\/schema\/logo\/image\/","url":"https:\/\/transcaribe.gov.co\/wp-content\/uploads\/2023\/10\/cropped-Favicon_Transcaribe.png","contentUrl":"https:\/\/transcaribe.gov.co\/wp-content\/uploads\/2023\/10\/cropped-Favicon_Transcaribe.png","width":512,"height":512,"caption":"TRANSCARIBE S.A."},"image":{"@id":"https:\/\/transcaribe.gov.co\/#\/schema\/logo\/image\/"},"sameAs":["https:\/\/www.facebook.com\/TranscaribeCTG","https:\/\/x.com\/transcaribeSITM","https:\/\/www.instagram.com\/Transcaribecartagena\/","https:\/\/www.youtube.com\/channel\/UCyM8-7H1Ux9hsYGlCkSkQaA"]}]}},"_links":{"self":[{"href":"https:\/\/transcaribe.gov.co\/index.php\/wp-json\/wp\/v2\/noticia\/3161","targetHints":{"allow":["GET"]}}],"collection":[{"href":"https:\/\/transcaribe.gov.co\/index.php\/wp-json\/wp\/v2\/noticia"}],"about":[{"href":"https:\/\/transcaribe.gov.co\/index.php\/wp-json\/wp\/v2\/types\/noticia"}],"author":[{"embeddable":true,"href":"https:\/\/transcaribe.gov.co\/index.php\/wp-json\/wp\/v2\/users\/1"}],"replies":[{"embeddable":true,"href":"https:\/\/transcaribe.gov.co\/index.php\/wp-json\/wp\/v2\/comments?post=3161"}],"version-history":[{"count":6,"href":"https:\/\/transcaribe.gov.co\/index.php\/wp-json\/wp\/v2\/noticia\/3161\/revisions"}],"predecessor-version":[{"id":3170,"href":"https:\/\/transcaribe.gov.co\/index.php\/wp-json\/wp\/v2\/noticia\/3161\/revisions\/3170"}],"wp:featuredmedia":[{"embeddable":true,"href":"https:\/\/transcaribe.gov.co\/index.php\/wp-json\/wp\/v2\/media\/3163"}],"wp:attachment":[{"href":"https:\/\/transcaribe.gov.co\/index.php\/wp-json\/wp\/v2\/media?parent=3161"}],"curies":[{"name":"wp","href":"https:\/\/api.w.org\/{rel}","templated":true}]}}