{"id":2927,"date":"2021-11-12T00:46:40","date_gmt":"2021-11-12T00:46:40","guid":{"rendered":"http:\/\/transcaribe.gov.co\/?post_type=noticia&#038;p=2927"},"modified":"2021-11-25T00:48:48","modified_gmt":"2021-11-25T00:48:48","slug":"transcaribe-implementa-mejoras-en-la-operacion-de-los-sabados","status":"publish","type":"noticia","link":"https:\/\/transcaribe.gov.co\/index.php\/noticia\/transcaribe-implementa-mejoras-en-la-operacion-de-los-sabados\/","title":{"rendered":"Transcaribe implementa mejoras en la operaci\u00f3n de los s\u00e1bados"},"content":{"rendered":"<h3><em><strong>Las mejoras se implementar\u00e1n desde este s\u00e1bado 13 de noviembre de 2021.<\/strong><\/em><\/h3>\n<p><img fetchpriority=\"high\" decoding=\"async\" class=\"alignnone size-full wp-image-2928\" src=\"https:\/\/transcaribe.gov.co\/wp-content\/uploads\/2021\/11\/WhatsApp-Image-2021-11-12-at-09.06.37-1.jpeg\" alt=\"\" width=\"1600\" height=\"1066\" srcset=\"https:\/\/transcaribe.gov.co\/wp-content\/uploads\/2021\/11\/WhatsApp-Image-2021-11-12-at-09.06.37-1.jpeg 1600w, https:\/\/transcaribe.gov.co\/wp-content\/uploads\/2021\/11\/WhatsApp-Image-2021-11-12-at-09.06.37-1-300x200.jpeg 300w, https:\/\/transcaribe.gov.co\/wp-content\/uploads\/2021\/11\/WhatsApp-Image-2021-11-12-at-09.06.37-1-1024x682.jpeg 1024w, https:\/\/transcaribe.gov.co\/wp-content\/uploads\/2021\/11\/WhatsApp-Image-2021-11-12-at-09.06.37-1-768x512.jpeg 768w, https:\/\/transcaribe.gov.co\/wp-content\/uploads\/2021\/11\/WhatsApp-Image-2021-11-12-at-09.06.37-1-1536x1023.jpeg 1536w\" sizes=\"(max-width: 1600px) 100vw, 1600px\" \/><\/p>\n<p>El sistema de todos los cartageneros contin\u00faa escuchando y atendiendo las observaciones de sus usuarios con respecto a la operaci\u00f3n. Por eso, desde este 13 de noviembre, se implementar\u00e1n nuevas mejoras que optimizar\u00e1n la operaci\u00f3n los s\u00e1bados.<\/p>\n<p>A partir de este s\u00e1bado, se mejorar\u00e1n las frecuencias y se disminuir\u00e1n los tiempos de espera en las rutas alimentadoras A101, A107, A114 y A117. Estas mejoras tambi\u00e9n se aplicar\u00e1n a las rutas pretroncales X102, X105 y X106, y a las rutas troncales T102 y T103.<\/p>\n<p>Adem\u00e1s, y de acuerdo con las mejoras aplicadas en la operaci\u00f3n de d\u00eda h\u00e1bil desde septiembre pasado, la ruta T103 Portal \u2013 Bocagrande tambi\u00e9n pasa a operar con buses articulados duales en d\u00edas s\u00e1bados.<\/p>\n<p>\u201cLos s\u00e1bados, la demanda corresponde a un 70% de la del d\u00eda h\u00e1bil, y la oferta se programa de acuerdo con las necesidades de demanda de los usuarios. Estamos escuchado a la ciudadan\u00eda, y de acuerdo con el an\u00e1lisis realizado por nuestro equipo t\u00e9cnico de operaciones, implementamos estas mejoras en el servicio y los niveles de satisfacci\u00f3n. En la medida que los cartageneros sigan subi\u00e9ndose a Transca, podremos seguir atendiendo sus necesidades\u201d, expres\u00f3 Mar\u00eda Claudia Pe\u00f1as Arana, gerente general de Transcaribe.<\/p>\n<p>Otra buena noticia para los usuarios de Transca es que, a partir del martes 16 de noviembre, se aumentar\u00e1 el n\u00famero de buses en operaci\u00f3n en la hora pico de la ma\u00f1ana para la ruta X106 en d\u00edas h\u00e1biles, mejorando adem\u00e1s la frecuencia y disminuyendo los tiempos de espera durante todo el d\u00eda.<\/p>\n<p>Actualmente, el sistema de todos los cartageneros moviliza en promedio 70 mil usuarios en d\u00eda h\u00e1bil, y en el m\u00e1s reciente d\u00eda sin moto, el pasado 29 de octubre, cerca de 87 mil usuarios se movilizaron en Transca.<\/p>\n<div class='cb-post-url-qr-code'><br><img src='https:\/\/api.qrserver.com\/v1\/create-qr-code\/?size=185x185&ecc=L&qzone=1&data=https%3A%2F%2Ftranscaribe.gov.co%2Findex.php%2Fnoticia%2Ftranscaribe-implementa-mejoras-en-la-operacion-de-los-sabados%2F' alt='Transcaribe implementa mejoras en la operaci\u00f3n de los s\u00e1bados'\/><\/div>","protected":false},"excerpt":{"rendered":"<p>Las mejoras se implementar\u00e1n desde este s\u00e1bado 13 de noviembre de 2021. El sistema de todos los cartageneros contin\u00faa escuchando y atendiendo las observaciones de sus usuarios con respecto a la operaci\u00f3n. Por eso, desde este 13 de noviembre, se implementar\u00e1n nuevas mejoras que optimizar\u00e1n la operaci\u00f3n los s\u00e1bados. A partir de este s\u00e1bado, se [&hellip;]<\/p>\n","protected":false},"author":1,"featured_media":2928,"menu_order":0,"comment_status":"open","ping_status":"open","template":"","format":"standard","meta":{"footnotes":""},"class_list":["post-2927","noticia","type-noticia","status-publish","format-standard","has-post-thumbnail","hentry"],"yoast_head":"<!-- This site is optimized with the Yoast SEO plugin v27.3 - https:\/\/yoast.com\/product\/yoast-seo-wordpress\/ -->\n<title>Transcaribe implementa mejoras en la operaci\u00f3n de los s\u00e1bados -<\/title>\n<meta name=\"description\" content=\"Las mejoras se implementar\u00e1n desde este s\u00e1bado 13 de noviembre de 2021.\" \/>\n<meta name=\"robots\" content=\"index, follow, max-snippet:-1, max-image-preview:large, max-video-preview:-1\" \/>\n<link rel=\"canonical\" href=\"https:\/\/transcaribe.gov.co\/index.php\/noticia\/transcaribe-implementa-mejoras-en-la-operacion-de-los-sabados\/\" \/>\n<meta property=\"og:locale\" content=\"es_ES\" \/>\n<meta property=\"og:type\" content=\"article\" \/>\n<meta property=\"og:title\" content=\"Transcaribe implementa mejoras en la operaci\u00f3n de los s\u00e1bados -\" \/>\n<meta property=\"og:description\" content=\"Las mejoras se implementar\u00e1n desde este s\u00e1bado 13 de noviembre de 2021.\" \/>\n<meta property=\"og:url\" content=\"https:\/\/transcaribe.gov.co\/index.php\/noticia\/transcaribe-implementa-mejoras-en-la-operacion-de-los-sabados\/\" \/>\n<meta property=\"article:publisher\" content=\"https:\/\/www.facebook.com\/TranscaribeCTG\" \/>\n<meta property=\"article:modified_time\" content=\"2021-11-25T00:48:48+00:00\" \/>\n<meta property=\"og:image\" content=\"https:\/\/transcaribe.gov.co\/wp-content\/uploads\/2021\/11\/WhatsApp-Image-2021-11-12-at-09.06.37-1.jpeg\" \/>\n\t<meta property=\"og:image:width\" content=\"1600\" \/>\n\t<meta property=\"og:image:height\" content=\"1066\" \/>\n\t<meta property=\"og:image:type\" content=\"image\/jpeg\" \/>\n<meta name=\"twitter:card\" content=\"summary_large_image\" \/>\n<meta name=\"twitter:site\" content=\"@transcaribeSITM\" \/>\n<meta name=\"twitter:label1\" content=\"Tiempo de lectura\" \/>\n\t<meta name=\"twitter:data1\" content=\"2 minutos\" \/>\n<script type=\"application\/ld+json\" class=\"yoast-schema-graph\">{\"@context\":\"https:\\\/\\\/schema.org\",\"@graph\":[{\"@type\":\"WebPage\",\"@id\":\"https:\\\/\\\/transcaribe.gov.co\\\/index.php\\\/noticia\\\/transcaribe-implementa-mejoras-en-la-operacion-de-los-sabados\\\/\",\"url\":\"https:\\\/\\\/transcaribe.gov.co\\\/index.php\\\/noticia\\\/transcaribe-implementa-mejoras-en-la-operacion-de-los-sabados\\\/\",\"name\":\"Transcaribe implementa mejoras en la operaci\u00f3n de los s\u00e1bados -\",\"isPartOf\":{\"@id\":\"https:\\\/\\\/transcaribe.gov.co\\\/#website\"},\"primaryImageOfPage\":{\"@id\":\"https:\\\/\\\/transcaribe.gov.co\\\/index.php\\\/noticia\\\/transcaribe-implementa-mejoras-en-la-operacion-de-los-sabados\\\/#primaryimage\"},\"image\":{\"@id\":\"https:\\\/\\\/transcaribe.gov.co\\\/index.php\\\/noticia\\\/transcaribe-implementa-mejoras-en-la-operacion-de-los-sabados\\\/#primaryimage\"},\"thumbnailUrl\":\"https:\\\/\\\/transcaribe.gov.co\\\/wp-content\\\/uploads\\\/2021\\\/11\\\/WhatsApp-Image-2021-11-12-at-09.06.37-1.jpeg\",\"datePublished\":\"2021-11-12T00:46:40+00:00\",\"dateModified\":\"2021-11-25T00:48:48+00:00\",\"description\":\"Las mejoras se implementar\u00e1n desde este s\u00e1bado 13 de noviembre de 2021.\",\"breadcrumb\":{\"@id\":\"https:\\\/\\\/transcaribe.gov.co\\\/index.php\\\/noticia\\\/transcaribe-implementa-mejoras-en-la-operacion-de-los-sabados\\\/#breadcrumb\"},\"inLanguage\":\"es\",\"potentialAction\":[{\"@type\":\"ReadAction\",\"target\":[\"https:\\\/\\\/transcaribe.gov.co\\\/index.php\\\/noticia\\\/transcaribe-implementa-mejoras-en-la-operacion-de-los-sabados\\\/\"]}]},{\"@type\":\"ImageObject\",\"inLanguage\":\"es\",\"@id\":\"https:\\\/\\\/transcaribe.gov.co\\\/index.php\\\/noticia\\\/transcaribe-implementa-mejoras-en-la-operacion-de-los-sabados\\\/#primaryimage\",\"url\":\"https:\\\/\\\/transcaribe.gov.co\\\/wp-content\\\/uploads\\\/2021\\\/11\\\/WhatsApp-Image-2021-11-12-at-09.06.37-1.jpeg\",\"contentUrl\":\"https:\\\/\\\/transcaribe.gov.co\\\/wp-content\\\/uploads\\\/2021\\\/11\\\/WhatsApp-Image-2021-11-12-at-09.06.37-1.jpeg\",\"width\":1600,\"height\":1066},{\"@type\":\"BreadcrumbList\",\"@id\":\"https:\\\/\\\/transcaribe.gov.co\\\/index.php\\\/noticia\\\/transcaribe-implementa-mejoras-en-la-operacion-de-los-sabados\\\/#breadcrumb\",\"itemListElement\":[{\"@type\":\"ListItem\",\"position\":1,\"name\":\"Portada\",\"item\":\"https:\\\/\\\/transcaribe.gov.co\\\/\"},{\"@type\":\"ListItem\",\"position\":2,\"name\":\"Transcaribe implementa mejoras en la operaci\u00f3n de los s\u00e1bados\"}]},{\"@type\":\"WebSite\",\"@id\":\"https:\\\/\\\/transcaribe.gov.co\\\/#website\",\"url\":\"https:\\\/\\\/transcaribe.gov.co\\\/\",\"name\":\"TRANSCARIBE\",\"description\":\"\",\"publisher\":{\"@id\":\"https:\\\/\\\/transcaribe.gov.co\\\/#organization\"},\"potentialAction\":[{\"@type\":\"SearchAction\",\"target\":{\"@type\":\"EntryPoint\",\"urlTemplate\":\"https:\\\/\\\/transcaribe.gov.co\\\/?s={search_term_string}\"},\"query-input\":{\"@type\":\"PropertyValueSpecification\",\"valueRequired\":true,\"valueName\":\"search_term_string\"}}],\"inLanguage\":\"es\"},{\"@type\":\"Organization\",\"@id\":\"https:\\\/\\\/transcaribe.gov.co\\\/#organization\",\"name\":\"TRANSCARIBE S.A.\",\"url\":\"https:\\\/\\\/transcaribe.gov.co\\\/\",\"logo\":{\"@type\":\"ImageObject\",\"inLanguage\":\"es\",\"@id\":\"https:\\\/\\\/transcaribe.gov.co\\\/#\\\/schema\\\/logo\\\/image\\\/\",\"url\":\"https:\\\/\\\/transcaribe.gov.co\\\/wp-content\\\/uploads\\\/2023\\\/10\\\/cropped-Favicon_Transcaribe.png\",\"contentUrl\":\"https:\\\/\\\/transcaribe.gov.co\\\/wp-content\\\/uploads\\\/2023\\\/10\\\/cropped-Favicon_Transcaribe.png\",\"width\":512,\"height\":512,\"caption\":\"TRANSCARIBE S.A.\"},\"image\":{\"@id\":\"https:\\\/\\\/transcaribe.gov.co\\\/#\\\/schema\\\/logo\\\/image\\\/\"},\"sameAs\":[\"https:\\\/\\\/www.facebook.com\\\/TranscaribeCTG\",\"https:\\\/\\\/x.com\\\/transcaribeSITM\",\"https:\\\/\\\/www.instagram.com\\\/Transcaribecartagena\\\/\",\"https:\\\/\\\/www.youtube.com\\\/channel\\\/UCyM8-7H1Ux9hsYGlCkSkQaA\"]}]}<\/script>\n<!-- \/ Yoast SEO plugin. -->","yoast_head_json":{"title":"Transcaribe implementa mejoras en la operaci\u00f3n de los s\u00e1bados -","description":"Las mejoras se implementar\u00e1n desde este s\u00e1bado 13 de noviembre de 2021.","robots":{"index":"index","follow":"follow","max-snippet":"max-snippet:-1","max-image-preview":"max-image-preview:large","max-video-preview":"max-video-preview:-1"},"canonical":"https:\/\/transcaribe.gov.co\/index.php\/noticia\/transcaribe-implementa-mejoras-en-la-operacion-de-los-sabados\/","og_locale":"es_ES","og_type":"article","og_title":"Transcaribe implementa mejoras en la operaci\u00f3n de los s\u00e1bados -","og_description":"Las mejoras se implementar\u00e1n desde este s\u00e1bado 13 de noviembre de 2021.","og_url":"https:\/\/transcaribe.gov.co\/index.php\/noticia\/transcaribe-implementa-mejoras-en-la-operacion-de-los-sabados\/","article_publisher":"https:\/\/www.facebook.com\/TranscaribeCTG","article_modified_time":"2021-11-25T00:48:48+00:00","og_image":[{"width":1600,"height":1066,"url":"https:\/\/transcaribe.gov.co\/wp-content\/uploads\/2021\/11\/WhatsApp-Image-2021-11-12-at-09.06.37-1.jpeg","type":"image\/jpeg"}],"twitter_card":"summary_large_image","twitter_site":"@transcaribeSITM","twitter_misc":{"Tiempo de lectura":"2 minutos"},"schema":{"@context":"https:\/\/schema.org","@graph":[{"@type":"WebPage","@id":"https:\/\/transcaribe.gov.co\/index.php\/noticia\/transcaribe-implementa-mejoras-en-la-operacion-de-los-sabados\/","url":"https:\/\/transcaribe.gov.co\/index.php\/noticia\/transcaribe-implementa-mejoras-en-la-operacion-de-los-sabados\/","name":"Transcaribe implementa mejoras en la operaci\u00f3n de los s\u00e1bados -","isPartOf":{"@id":"https:\/\/transcaribe.gov.co\/#website"},"primaryImageOfPage":{"@id":"https:\/\/transcaribe.gov.co\/index.php\/noticia\/transcaribe-implementa-mejoras-en-la-operacion-de-los-sabados\/#primaryimage"},"image":{"@id":"https:\/\/transcaribe.gov.co\/index.php\/noticia\/transcaribe-implementa-mejoras-en-la-operacion-de-los-sabados\/#primaryimage"},"thumbnailUrl":"https:\/\/transcaribe.gov.co\/wp-content\/uploads\/2021\/11\/WhatsApp-Image-2021-11-12-at-09.06.37-1.jpeg","datePublished":"2021-11-12T00:46:40+00:00","dateModified":"2021-11-25T00:48:48+00:00","description":"Las mejoras se implementar\u00e1n desde este s\u00e1bado 13 de noviembre de 2021.","breadcrumb":{"@id":"https:\/\/transcaribe.gov.co\/index.php\/noticia\/transcaribe-implementa-mejoras-en-la-operacion-de-los-sabados\/#breadcrumb"},"inLanguage":"es","potentialAction":[{"@type":"ReadAction","target":["https:\/\/transcaribe.gov.co\/index.php\/noticia\/transcaribe-implementa-mejoras-en-la-operacion-de-los-sabados\/"]}]},{"@type":"ImageObject","inLanguage":"es","@id":"https:\/\/transcaribe.gov.co\/index.php\/noticia\/transcaribe-implementa-mejoras-en-la-operacion-de-los-sabados\/#primaryimage","url":"https:\/\/transcaribe.gov.co\/wp-content\/uploads\/2021\/11\/WhatsApp-Image-2021-11-12-at-09.06.37-1.jpeg","contentUrl":"https:\/\/transcaribe.gov.co\/wp-content\/uploads\/2021\/11\/WhatsApp-Image-2021-11-12-at-09.06.37-1.jpeg","width":1600,"height":1066},{"@type":"BreadcrumbList","@id":"https:\/\/transcaribe.gov.co\/index.php\/noticia\/transcaribe-implementa-mejoras-en-la-operacion-de-los-sabados\/#breadcrumb","itemListElement":[{"@type":"ListItem","position":1,"name":"Portada","item":"https:\/\/transcaribe.gov.co\/"},{"@type":"ListItem","position":2,"name":"Transcaribe implementa mejoras en la operaci\u00f3n de los s\u00e1bados"}]},{"@type":"WebSite","@id":"https:\/\/transcaribe.gov.co\/#website","url":"https:\/\/transcaribe.gov.co\/","name":"TRANSCARIBE","description":"","publisher":{"@id":"https:\/\/transcaribe.gov.co\/#organization"},"potentialAction":[{"@type":"SearchAction","target":{"@type":"EntryPoint","urlTemplate":"https:\/\/transcaribe.gov.co\/?s={search_term_string}"},"query-input":{"@type":"PropertyValueSpecification","valueRequired":true,"valueName":"search_term_string"}}],"inLanguage":"es"},{"@type":"Organization","@id":"https:\/\/transcaribe.gov.co\/#organization","name":"TRANSCARIBE S.A.","url":"https:\/\/transcaribe.gov.co\/","logo":{"@type":"ImageObject","inLanguage":"es","@id":"https:\/\/transcaribe.gov.co\/#\/schema\/logo\/image\/","url":"https:\/\/transcaribe.gov.co\/wp-content\/uploads\/2023\/10\/cropped-Favicon_Transcaribe.png","contentUrl":"https:\/\/transcaribe.gov.co\/wp-content\/uploads\/2023\/10\/cropped-Favicon_Transcaribe.png","width":512,"height":512,"caption":"TRANSCARIBE S.A."},"image":{"@id":"https:\/\/transcaribe.gov.co\/#\/schema\/logo\/image\/"},"sameAs":["https:\/\/www.facebook.com\/TranscaribeCTG","https:\/\/x.com\/transcaribeSITM","https:\/\/www.instagram.com\/Transcaribecartagena\/","https:\/\/www.youtube.com\/channel\/UCyM8-7H1Ux9hsYGlCkSkQaA"]}]}},"_links":{"self":[{"href":"https:\/\/transcaribe.gov.co\/index.php\/wp-json\/wp\/v2\/noticia\/2927","targetHints":{"allow":["GET"]}}],"collection":[{"href":"https:\/\/transcaribe.gov.co\/index.php\/wp-json\/wp\/v2\/noticia"}],"about":[{"href":"https:\/\/transcaribe.gov.co\/index.php\/wp-json\/wp\/v2\/types\/noticia"}],"author":[{"embeddable":true,"href":"https:\/\/transcaribe.gov.co\/index.php\/wp-json\/wp\/v2\/users\/1"}],"replies":[{"embeddable":true,"href":"https:\/\/transcaribe.gov.co\/index.php\/wp-json\/wp\/v2\/comments?post=2927"}],"version-history":[{"count":2,"href":"https:\/\/transcaribe.gov.co\/index.php\/wp-json\/wp\/v2\/noticia\/2927\/revisions"}],"predecessor-version":[{"id":2930,"href":"https:\/\/transcaribe.gov.co\/index.php\/wp-json\/wp\/v2\/noticia\/2927\/revisions\/2930"}],"wp:featuredmedia":[{"embeddable":true,"href":"https:\/\/transcaribe.gov.co\/index.php\/wp-json\/wp\/v2\/media\/2928"}],"wp:attachment":[{"href":"https:\/\/transcaribe.gov.co\/index.php\/wp-json\/wp\/v2\/media?parent=2927"}],"curies":[{"name":"wp","href":"https:\/\/api.w.org\/{rel}","templated":true}]}}