{"id":1108,"date":"2020-03-30T10:29:00","date_gmt":"2020-03-30T15:29:00","guid":{"rendered":"http:\/\/transcaribe.gov.co\/?post_type=noticia&#38;p=1108"},"modified":"2020-03-30T10:29:00","modified_gmt":"2020-03-30T15:29:00","slug":"transcaribe-refuerza-medidas-operacionales-para-cumplir-con-capacidad-de-ocupacion","status":"publish","type":"noticia","link":"https:\/\/transcaribe.gov.co\/index.php\/noticia\/transcaribe-refuerza-medidas-operacionales-para-cumplir-con-capacidad-de-ocupacion\/","title":{"rendered":"Transcaribe refuerza medidas operacionales para cumplir con capacidad de ocupaci\u00f3n"},"content":{"rendered":"<p><em>\u2022 El \u00e1rea de operaciones contin\u00faa trabajando para brindar el servicio al personal que debe trabajar en esta emergencia sanitaria.<\/em><br \/>\n<em>\u2022 Para las rutas con mayor n\u00famero de pasajeros, como la T103, se aumentan las frecuencias en hora pico para evitar aglomeraciones en Patio Portal y estaciones.<\/em><br \/>\n<em>\u2022 La Polic\u00eda ha brindado apoyo en algunas estaciones para que los usuarios no se suban a los veh\u00edculos que ya tienen su capacidad.<\/em><\/p>\n<p>&nbsp;<\/p>\n<p>Transcaribe contin\u00faa movilizando a sus usuarios exceptuados en la medida del aislamiento obligatorio preventivo en todo el territorio nacional y tomando las medidas de prevenci\u00f3n en toda la flota y estaciones para prevenir la propagaci\u00f3n del coronavirus (Covid-19).<\/p>\n<p>En horas pico, principalmente de 6 a 8 a. m., el SITM Transcaribe reforz\u00f3 sus acciones para cumplir con la capacidad de ocupaci\u00f3n de los veh\u00edculos. Entre esas medidas est\u00e1 que el personal en campo realiza un conteo de usuarios antes de ingresar y al subir al veh\u00edculo para cumplir con el n\u00famero correspondiente. Si contin\u00faan usuarios en fila para la ruta, se env\u00eda un veh\u00edculo adicional para movilizarlos a todos.<\/p>\n<p>\u201cAdicional a esto se realiza un sondeo del destino final de los usuarios, es decir, para el caso de la T103 Portal \u2013 Bocagrande que opera como paradora, si los usuarios se dirigen hacia Bocagrande y el veh\u00edculo ya tiene el cupo permitido, se env\u00eda directo hacia el destino final sin hacer parada en estaciones para evitar que m\u00e1s usuarios ingresen. Entonces, se env\u00eda otro veh\u00edculo para realizar un barrido en las estaciones\u201d, explic\u00f3 el gerente de Transcaribe S.A., Humberto Ripoll Durango.<\/p>\n<p>Este viernes se evidenci\u00f3 un mayor n\u00famero de usuarios en la ruta T103 Portal \u2013 Bocagrande, por lo que los servicios se enviaron cada media hora; y hubo alto flujo de usuarios en la estaci\u00f3n Centro, los cuales fueron movilizados con distintas rutas.<\/p>\n<p>El Centro de Control de Operaciones de Transcaribe y cada uno de los operadores contin\u00faan brindando este servicio para quienes necesitan movilizarse en esta contingencia, igualmente se redoblan esfuerzos en medidas de protecci\u00f3n como el lavado de buses y estaciones todos los d\u00edas, antes de salir a operaci\u00f3n.<\/p>\n<p>La Polic\u00eda Metropolitana de Cartagena apoya al SITM en estaciones para verificar el cumplimiento del decreto y evitar que los usuarios se suban a los veh\u00edculos que ya cumplen con la capacidad m\u00e1xima.<\/p>\n<p>La demanda de Transcaribe en estos \u00faltimos tres d\u00edas fue de 6.236 movilizaciones para el mi\u00e9rcoles 25 de enero, 5.500 para el jueves 26 de marzo; y 5.374 para ayer viernes 27 de marzo.<\/p>\n<p><em>Comunicado 020<\/em><\/p>\n<div class='cb-post-url-qr-code'><br><img src='https:\/\/api.qrserver.com\/v1\/create-qr-code\/?size=185x185&ecc=L&qzone=1&data=https%3A%2F%2Ftranscaribe.gov.co%2Findex.php%2Fnoticia%2Ftranscaribe-refuerza-medidas-operacionales-para-cumplir-con-capacidad-de-ocupacion%2F' alt='Transcaribe refuerza medidas operacionales para cumplir con capacidad de ocupaci\u00f3n'\/><\/div>","protected":false},"excerpt":{"rendered":"<p>\u2022 El \u00e1rea de operaciones contin\u00faa trabajando para brindar el servicio al personal que debe trabajar en esta emergencia sanitaria. \u2022 Para las rutas con mayor n\u00famero de pasajeros, como la T103, se aumentan las frecuencias en hora pico para evitar aglomeraciones en Patio Portal y estaciones. \u2022 La Polic\u00eda ha brindado apoyo en algunas [&hellip;]<\/p>\n","protected":false},"author":4,"featured_media":4475,"menu_order":0,"comment_status":"open","ping_status":"open","template":"","format":"standard","meta":{"footnotes":""},"class_list":["post-1108","noticia","type-noticia","status-publish","format-standard","has-post-thumbnail","hentry"],"yoast_head":"<!-- This site is optimized with the Yoast SEO plugin v27.3 - https:\/\/yoast.com\/product\/yoast-seo-wordpress\/ -->\n<title>Transcaribe refuerza medidas operacionales para cumplir con capacidad de ocupaci\u00f3n -<\/title>\n<meta name=\"robots\" content=\"index, follow, max-snippet:-1, max-image-preview:large, max-video-preview:-1\" \/>\n<link rel=\"canonical\" href=\"https:\/\/transcaribe.gov.co\/index.php\/noticia\/transcaribe-refuerza-medidas-operacionales-para-cumplir-con-capacidad-de-ocupacion\/\" \/>\n<meta property=\"og:locale\" content=\"es_ES\" \/>\n<meta property=\"og:type\" content=\"article\" \/>\n<meta property=\"og:title\" content=\"Transcaribe refuerza medidas operacionales para cumplir con capacidad de ocupaci\u00f3n -\" \/>\n<meta property=\"og:description\" content=\"\u2022 El \u00e1rea de operaciones contin\u00faa trabajando para brindar el servicio al personal que debe trabajar en esta emergencia sanitaria. \u2022 Para las rutas con mayor n\u00famero de pasajeros, como la T103, se aumentan las frecuencias en hora pico para evitar aglomeraciones en Patio Portal y estaciones. \u2022 La Polic\u00eda ha brindado apoyo en algunas [&hellip;]\" \/>\n<meta property=\"og:url\" content=\"https:\/\/transcaribe.gov.co\/index.php\/noticia\/transcaribe-refuerza-medidas-operacionales-para-cumplir-con-capacidad-de-ocupacion\/\" \/>\n<meta property=\"article:publisher\" content=\"https:\/\/www.facebook.com\/TranscaribeCTG\" \/>\n<meta property=\"og:image\" content=\"https:\/\/transcaribe.gov.co\/wp-content\/uploads\/2023\/10\/cropped-Favicon_Transcaribe.png\" \/>\n\t<meta property=\"og:image:width\" content=\"512\" \/>\n\t<meta property=\"og:image:height\" content=\"512\" \/>\n\t<meta property=\"og:image:type\" content=\"image\/png\" \/>\n<meta name=\"twitter:card\" content=\"summary_large_image\" \/>\n<meta name=\"twitter:site\" content=\"@transcaribeSITM\" \/>\n<meta name=\"twitter:label1\" content=\"Tiempo de lectura\" \/>\n\t<meta name=\"twitter:data1\" content=\"2 minutos\" \/>\n<script type=\"application\/ld+json\" class=\"yoast-schema-graph\">{\"@context\":\"https:\\\/\\\/schema.org\",\"@graph\":[{\"@type\":\"WebPage\",\"@id\":\"https:\\\/\\\/transcaribe.gov.co\\\/index.php\\\/noticia\\\/transcaribe-refuerza-medidas-operacionales-para-cumplir-con-capacidad-de-ocupacion\\\/\",\"url\":\"https:\\\/\\\/transcaribe.gov.co\\\/index.php\\\/noticia\\\/transcaribe-refuerza-medidas-operacionales-para-cumplir-con-capacidad-de-ocupacion\\\/\",\"name\":\"Transcaribe refuerza medidas operacionales para cumplir con capacidad de ocupaci\u00f3n -\",\"isPartOf\":{\"@id\":\"https:\\\/\\\/transcaribe.gov.co\\\/#website\"},\"primaryImageOfPage\":{\"@id\":\"https:\\\/\\\/transcaribe.gov.co\\\/index.php\\\/noticia\\\/transcaribe-refuerza-medidas-operacionales-para-cumplir-con-capacidad-de-ocupacion\\\/#primaryimage\"},\"image\":{\"@id\":\"https:\\\/\\\/transcaribe.gov.co\\\/index.php\\\/noticia\\\/transcaribe-refuerza-medidas-operacionales-para-cumplir-con-capacidad-de-ocupacion\\\/#primaryimage\"},\"thumbnailUrl\":\"https:\\\/\\\/transcaribe.gov.co\\\/wp-content\\\/uploads\\\/2023\\\/10\\\/cropped-Favicon_Transcaribe.png\",\"datePublished\":\"2020-03-30T15:29:00+00:00\",\"breadcrumb\":{\"@id\":\"https:\\\/\\\/transcaribe.gov.co\\\/index.php\\\/noticia\\\/transcaribe-refuerza-medidas-operacionales-para-cumplir-con-capacidad-de-ocupacion\\\/#breadcrumb\"},\"inLanguage\":\"es\",\"potentialAction\":[{\"@type\":\"ReadAction\",\"target\":[\"https:\\\/\\\/transcaribe.gov.co\\\/index.php\\\/noticia\\\/transcaribe-refuerza-medidas-operacionales-para-cumplir-con-capacidad-de-ocupacion\\\/\"]}]},{\"@type\":\"ImageObject\",\"inLanguage\":\"es\",\"@id\":\"https:\\\/\\\/transcaribe.gov.co\\\/index.php\\\/noticia\\\/transcaribe-refuerza-medidas-operacionales-para-cumplir-con-capacidad-de-ocupacion\\\/#primaryimage\",\"url\":\"https:\\\/\\\/transcaribe.gov.co\\\/wp-content\\\/uploads\\\/2023\\\/10\\\/cropped-Favicon_Transcaribe.png\",\"contentUrl\":\"https:\\\/\\\/transcaribe.gov.co\\\/wp-content\\\/uploads\\\/2023\\\/10\\\/cropped-Favicon_Transcaribe.png\",\"width\":512,\"height\":512},{\"@type\":\"BreadcrumbList\",\"@id\":\"https:\\\/\\\/transcaribe.gov.co\\\/index.php\\\/noticia\\\/transcaribe-refuerza-medidas-operacionales-para-cumplir-con-capacidad-de-ocupacion\\\/#breadcrumb\",\"itemListElement\":[{\"@type\":\"ListItem\",\"position\":1,\"name\":\"Portada\",\"item\":\"https:\\\/\\\/transcaribe.gov.co\\\/\"},{\"@type\":\"ListItem\",\"position\":2,\"name\":\"Transcaribe refuerza medidas operacionales para cumplir con capacidad de ocupaci\u00f3n\"}]},{\"@type\":\"WebSite\",\"@id\":\"https:\\\/\\\/transcaribe.gov.co\\\/#website\",\"url\":\"https:\\\/\\\/transcaribe.gov.co\\\/\",\"name\":\"TRANSCARIBE\",\"description\":\"\",\"publisher\":{\"@id\":\"https:\\\/\\\/transcaribe.gov.co\\\/#organization\"},\"potentialAction\":[{\"@type\":\"SearchAction\",\"target\":{\"@type\":\"EntryPoint\",\"urlTemplate\":\"https:\\\/\\\/transcaribe.gov.co\\\/?s={search_term_string}\"},\"query-input\":{\"@type\":\"PropertyValueSpecification\",\"valueRequired\":true,\"valueName\":\"search_term_string\"}}],\"inLanguage\":\"es\"},{\"@type\":\"Organization\",\"@id\":\"https:\\\/\\\/transcaribe.gov.co\\\/#organization\",\"name\":\"TRANSCARIBE S.A.\",\"url\":\"https:\\\/\\\/transcaribe.gov.co\\\/\",\"logo\":{\"@type\":\"ImageObject\",\"inLanguage\":\"es\",\"@id\":\"https:\\\/\\\/transcaribe.gov.co\\\/#\\\/schema\\\/logo\\\/image\\\/\",\"url\":\"https:\\\/\\\/transcaribe.gov.co\\\/wp-content\\\/uploads\\\/2023\\\/10\\\/cropped-Favicon_Transcaribe.png\",\"contentUrl\":\"https:\\\/\\\/transcaribe.gov.co\\\/wp-content\\\/uploads\\\/2023\\\/10\\\/cropped-Favicon_Transcaribe.png\",\"width\":512,\"height\":512,\"caption\":\"TRANSCARIBE S.A.\"},\"image\":{\"@id\":\"https:\\\/\\\/transcaribe.gov.co\\\/#\\\/schema\\\/logo\\\/image\\\/\"},\"sameAs\":[\"https:\\\/\\\/www.facebook.com\\\/TranscaribeCTG\",\"https:\\\/\\\/x.com\\\/transcaribeSITM\",\"https:\\\/\\\/www.instagram.com\\\/Transcaribecartagena\\\/\",\"https:\\\/\\\/www.youtube.com\\\/channel\\\/UCyM8-7H1Ux9hsYGlCkSkQaA\"]}]}<\/script>\n<!-- \/ Yoast SEO plugin. -->","yoast_head_json":{"title":"Transcaribe refuerza medidas operacionales para cumplir con capacidad de ocupaci\u00f3n -","robots":{"index":"index","follow":"follow","max-snippet":"max-snippet:-1","max-image-preview":"max-image-preview:large","max-video-preview":"max-video-preview:-1"},"canonical":"https:\/\/transcaribe.gov.co\/index.php\/noticia\/transcaribe-refuerza-medidas-operacionales-para-cumplir-con-capacidad-de-ocupacion\/","og_locale":"es_ES","og_type":"article","og_title":"Transcaribe refuerza medidas operacionales para cumplir con capacidad de ocupaci\u00f3n -","og_description":"\u2022 El \u00e1rea de operaciones contin\u00faa trabajando para brindar el servicio al personal que debe trabajar en esta emergencia sanitaria. \u2022 Para las rutas con mayor n\u00famero de pasajeros, como la T103, se aumentan las frecuencias en hora pico para evitar aglomeraciones en Patio Portal y estaciones. \u2022 La Polic\u00eda ha brindado apoyo en algunas [&hellip;]","og_url":"https:\/\/transcaribe.gov.co\/index.php\/noticia\/transcaribe-refuerza-medidas-operacionales-para-cumplir-con-capacidad-de-ocupacion\/","article_publisher":"https:\/\/www.facebook.com\/TranscaribeCTG","og_image":[{"width":512,"height":512,"url":"https:\/\/transcaribe.gov.co\/wp-content\/uploads\/2023\/10\/cropped-Favicon_Transcaribe.png","type":"image\/png"}],"twitter_card":"summary_large_image","twitter_site":"@transcaribeSITM","twitter_misc":{"Tiempo de lectura":"2 minutos"},"schema":{"@context":"https:\/\/schema.org","@graph":[{"@type":"WebPage","@id":"https:\/\/transcaribe.gov.co\/index.php\/noticia\/transcaribe-refuerza-medidas-operacionales-para-cumplir-con-capacidad-de-ocupacion\/","url":"https:\/\/transcaribe.gov.co\/index.php\/noticia\/transcaribe-refuerza-medidas-operacionales-para-cumplir-con-capacidad-de-ocupacion\/","name":"Transcaribe refuerza medidas operacionales para cumplir con capacidad de ocupaci\u00f3n -","isPartOf":{"@id":"https:\/\/transcaribe.gov.co\/#website"},"primaryImageOfPage":{"@id":"https:\/\/transcaribe.gov.co\/index.php\/noticia\/transcaribe-refuerza-medidas-operacionales-para-cumplir-con-capacidad-de-ocupacion\/#primaryimage"},"image":{"@id":"https:\/\/transcaribe.gov.co\/index.php\/noticia\/transcaribe-refuerza-medidas-operacionales-para-cumplir-con-capacidad-de-ocupacion\/#primaryimage"},"thumbnailUrl":"https:\/\/transcaribe.gov.co\/wp-content\/uploads\/2023\/10\/cropped-Favicon_Transcaribe.png","datePublished":"2020-03-30T15:29:00+00:00","breadcrumb":{"@id":"https:\/\/transcaribe.gov.co\/index.php\/noticia\/transcaribe-refuerza-medidas-operacionales-para-cumplir-con-capacidad-de-ocupacion\/#breadcrumb"},"inLanguage":"es","potentialAction":[{"@type":"ReadAction","target":["https:\/\/transcaribe.gov.co\/index.php\/noticia\/transcaribe-refuerza-medidas-operacionales-para-cumplir-con-capacidad-de-ocupacion\/"]}]},{"@type":"ImageObject","inLanguage":"es","@id":"https:\/\/transcaribe.gov.co\/index.php\/noticia\/transcaribe-refuerza-medidas-operacionales-para-cumplir-con-capacidad-de-ocupacion\/#primaryimage","url":"https:\/\/transcaribe.gov.co\/wp-content\/uploads\/2023\/10\/cropped-Favicon_Transcaribe.png","contentUrl":"https:\/\/transcaribe.gov.co\/wp-content\/uploads\/2023\/10\/cropped-Favicon_Transcaribe.png","width":512,"height":512},{"@type":"BreadcrumbList","@id":"https:\/\/transcaribe.gov.co\/index.php\/noticia\/transcaribe-refuerza-medidas-operacionales-para-cumplir-con-capacidad-de-ocupacion\/#breadcrumb","itemListElement":[{"@type":"ListItem","position":1,"name":"Portada","item":"https:\/\/transcaribe.gov.co\/"},{"@type":"ListItem","position":2,"name":"Transcaribe refuerza medidas operacionales para cumplir con capacidad de ocupaci\u00f3n"}]},{"@type":"WebSite","@id":"https:\/\/transcaribe.gov.co\/#website","url":"https:\/\/transcaribe.gov.co\/","name":"TRANSCARIBE","description":"","publisher":{"@id":"https:\/\/transcaribe.gov.co\/#organization"},"potentialAction":[{"@type":"SearchAction","target":{"@type":"EntryPoint","urlTemplate":"https:\/\/transcaribe.gov.co\/?s={search_term_string}"},"query-input":{"@type":"PropertyValueSpecification","valueRequired":true,"valueName":"search_term_string"}}],"inLanguage":"es"},{"@type":"Organization","@id":"https:\/\/transcaribe.gov.co\/#organization","name":"TRANSCARIBE S.A.","url":"https:\/\/transcaribe.gov.co\/","logo":{"@type":"ImageObject","inLanguage":"es","@id":"https:\/\/transcaribe.gov.co\/#\/schema\/logo\/image\/","url":"https:\/\/transcaribe.gov.co\/wp-content\/uploads\/2023\/10\/cropped-Favicon_Transcaribe.png","contentUrl":"https:\/\/transcaribe.gov.co\/wp-content\/uploads\/2023\/10\/cropped-Favicon_Transcaribe.png","width":512,"height":512,"caption":"TRANSCARIBE S.A."},"image":{"@id":"https:\/\/transcaribe.gov.co\/#\/schema\/logo\/image\/"},"sameAs":["https:\/\/www.facebook.com\/TranscaribeCTG","https:\/\/x.com\/transcaribeSITM","https:\/\/www.instagram.com\/Transcaribecartagena\/","https:\/\/www.youtube.com\/channel\/UCyM8-7H1Ux9hsYGlCkSkQaA"]}]}},"_links":{"self":[{"href":"https:\/\/transcaribe.gov.co\/index.php\/wp-json\/wp\/v2\/noticia\/1108","targetHints":{"allow":["GET"]}}],"collection":[{"href":"https:\/\/transcaribe.gov.co\/index.php\/wp-json\/wp\/v2\/noticia"}],"about":[{"href":"https:\/\/transcaribe.gov.co\/index.php\/wp-json\/wp\/v2\/types\/noticia"}],"author":[{"embeddable":true,"href":"https:\/\/transcaribe.gov.co\/index.php\/wp-json\/wp\/v2\/users\/4"}],"replies":[{"embeddable":true,"href":"https:\/\/transcaribe.gov.co\/index.php\/wp-json\/wp\/v2\/comments?post=1108"}],"version-history":[{"count":0,"href":"https:\/\/transcaribe.gov.co\/index.php\/wp-json\/wp\/v2\/noticia\/1108\/revisions"}],"wp:featuredmedia":[{"embeddable":true,"href":"https:\/\/transcaribe.gov.co\/index.php\/wp-json\/wp\/v2\/media\/4475"}],"wp:attachment":[{"href":"https:\/\/transcaribe.gov.co\/index.php\/wp-json\/wp\/v2\/media?parent=1108"}],"curies":[{"name":"wp","href":"https:\/\/api.w.org\/{rel}","templated":true}]}}