{"id":1107,"date":"2020-03-30T10:24:11","date_gmt":"2020-03-30T15:24:11","guid":{"rendered":"http:\/\/transcaribe.gov.co\/?post_type=noticia&#38;p=1107"},"modified":"2020-03-30T10:24:11","modified_gmt":"2020-03-30T15:24:11","slug":"transcaribe-operara-en-confinamiento-obligatorio-nacional","status":"publish","type":"noticia","link":"https:\/\/transcaribe.gov.co\/index.php\/noticia\/transcaribe-operara-en-confinamiento-obligatorio-nacional\/","title":{"rendered":"Transcaribe operar\u00e1 en confinamiento obligatorio nacional"},"content":{"rendered":"<p>En cumplimiento al decreto presidencial 457 de 2020, por el cual se toma la medida de aislamiento preventivo obligatorio en todo el territorio nacional ante la emergencia sanitaria generada por la pandemia del coronavirus Covid -19, Transcaribe funcionar\u00e1 de la siguiente forma:<\/p>\n<p>\u2022 El sistema operar\u00e1 desde las 6 a. m. hasta cerca de las 8 p. m. con 70 servicios programados para todas las rutas, con monitoreo constante de los servicios adicionales que se requieran en el transcurso del d\u00eda.<\/p>\n<p>\u2022 La ruta solo troncal ser\u00e1 T101 y funcionar\u00e1 como paradora (har\u00e1 parada en todas las estaciones), con tres franjas horarias de 6 a 7:30 a. m.; 12 m. a 1:30 p. m.; y de 4 a 5 p. m., con intervalos de media hora.<br \/>\nSus horarios: 6 a. m.\/ 6:30 a. m.\/ 7 a. m.\/ 7:30 a. m.\/ 12 m.\/ 12:30 p. m.\/ 1 p. m.\/ 1:30 p. m.\/ 4 p. m.\/ 4:30 p. m.\/ 5 p. m. (este \u00faltimo servicio retornar\u00eda a Patio cerca de las 6:45 p. m.)<br \/>\n\u2022 La T103 Portal \u2013 Bocagrande tambi\u00e9n ser\u00e1 paradora, con operaci\u00f3n desde las 6 a. m. hasta las 5 p. m., con intervalos de media hora entre las franjas de 6 a 7:30 a. m.; de 12 m. m. a 2 p. m. y de 4 a 5 p. m. Entre las 8 y 12 ser\u00e1 de una hora el intervalo, al igual que de 2 a 4 p. m.<br \/>\nSus horarios: 6 a. m.\/ 6:30 a. m.\/ 7 a. m.\/ 7:30 a. m.\/ 8 a. m.\/ 9 a. m.\/ 10 a. m.\/ 11 a. m.\/ 12 m.\/ 12:30 p. m.\/ 1 p. m.\/ 1:30 p. m.\/ 2 p. m.\/ 3 p. m.\/ 4 p. m.\/ 4:30 p. m.\/ 5 p. m.<br \/>\n\u2022 La ruta T102 Portal \u2013 Crespo operar\u00e1 en tres franjas horarias, con intervalos de media hora, de esta manera: 6 a. m.\/ 6:30 a. m.\/ 7 a. m.\/ 7:30 a. m.\/ 1 p. m.\/ 1:30 p. m.\/ 4:30 p. m.\/5 p. m.<\/p>\n<p>\u2022 Las rutas pretroncales (X101, X102, X103, X104, X105, X106) funcionar\u00e1n en tres servicios con horarios determinados as\u00ed: 6 a. m., 1 p. m. y 5 p. m.<br \/>\nLos \u00faltimos servicios de estas rutas retornar\u00edan a su origen (Huellas de Alberto Uribe, Patio Portal, Variante, Terminal de Transporte y Ciudadela 2000) entre 6:30 p. m. y 7 p. m.<\/p>\n<p>\u2022 La ruta alimentadora A101 La Carolina \u2013 Portal circular\u00e1 desde las 6 a. m. hasta las 7 p. m., continuamente, con un intervalo de una hora.<\/p>\n<p>\u2022 Las rutas alimentadoras A102, A103, A104, A105, A108, A109, A111 y la ruta complementaria C001 Ciudadela 2000 \u2013 Manga \u2013 Centro operar\u00e1n en tres franjas horarias as\u00ed: 6 a. m.\/7 a. m.\/ 12 m.\/ 1 p. m.\/ 6 p. m. y 7 p. m.<\/p>\n<p>\u2022 Las rutas alimentadoras A114 Flor del Campo \u2013 Portal y A117 Poz\u00f3n \u2013 Villa Estrella \u2013 Portal funcionar\u00e1n de la siguiente forma: 6 a. m.\/ 6:30 a. m.\/ 7 a. m.\/ 7:30 a. m.\/ 12 m.\/ 12:30 p. m.\/ 1 p. m.\/ 1:30 p. m.\/ 6 p. m.\/ 6:30 p. m. y 7 p. m.<\/p>\n<p>\u2022 Las taquillas habilitadas de lunes a viernes ser\u00e1n: Patio Portal, Madre Bernarda, La Castellana, Los Ejecutivos, Cuatro Vientos, Mar\u00eda Auxiliadora, Bazurto, La Popa, Chambac\u00fa, Centro y Bodeguita. Los horarios de atenci\u00f3n ser\u00e1n de 6 a. m. a 5 p. m.<br \/>\nLos fines de semana se habilitar\u00e1n las taquillas de Patio Portal, Madre Bernarda, La Castellana, Los Ejecutivos, Mar\u00eda Auxiliadora, Centro y Bodeguita.<\/p>\n<p>\u201cDurante este confinamiento, la Polic\u00eda Metropolitana de Cartagena realizar\u00e1 operativos de control en estaciones y Patio Portal para verificar que quienes se movilizan est\u00e1n exceptuados en el decreto nacional. Igualmente, apoyar\u00e1n el cumplimiento de la capacidad de ocupaci\u00f3n de los veh\u00edculos del sistema. Reiteramos nuestro compromiso para esta fase de contenci\u00f3n del virus en la ciudad y a nuestros usuarios le pedimos seguir las medidas de las autoridades de salud\u201d, asegur\u00f3 el gerente de Transcaribe, Humberto Ripoll Durango.<\/p>\n<p><em>Comunicado 019<\/em><\/p>\n<div class='cb-post-url-qr-code'><br><img src='https:\/\/api.qrserver.com\/v1\/create-qr-code\/?size=185x185&ecc=L&qzone=1&data=https%3A%2F%2Ftranscaribe.gov.co%2Findex.php%2Fnoticia%2Ftranscaribe-operara-en-confinamiento-obligatorio-nacional%2F' alt='Transcaribe operar\u00e1 en confinamiento obligatorio nacional'\/><\/div>","protected":false},"excerpt":{"rendered":"<p>En cumplimiento al decreto presidencial 457 de 2020, por el cual se toma la medida de aislamiento preventivo obligatorio en todo el territorio nacional ante la emergencia sanitaria generada por la pandemia del coronavirus Covid -19, Transcaribe funcionar\u00e1 de la siguiente forma: \u2022 El sistema operar\u00e1 desde las 6 a. m. hasta cerca de las [&hellip;]<\/p>\n","protected":false},"author":4,"featured_media":4475,"menu_order":0,"comment_status":"open","ping_status":"open","template":"","format":"standard","meta":{"footnotes":""},"class_list":["post-1107","noticia","type-noticia","status-publish","format-standard","has-post-thumbnail","hentry"],"yoast_head":"<!-- This site is optimized with the Yoast SEO plugin v27.3 - https:\/\/yoast.com\/product\/yoast-seo-wordpress\/ -->\n<title>Transcaribe operar\u00e1 en confinamiento obligatorio nacional -<\/title>\n<meta name=\"robots\" content=\"index, follow, max-snippet:-1, max-image-preview:large, max-video-preview:-1\" \/>\n<link rel=\"canonical\" href=\"https:\/\/transcaribe.gov.co\/index.php\/noticia\/transcaribe-operara-en-confinamiento-obligatorio-nacional\/\" \/>\n<meta property=\"og:locale\" content=\"es_ES\" \/>\n<meta property=\"og:type\" content=\"article\" \/>\n<meta property=\"og:title\" content=\"Transcaribe operar\u00e1 en confinamiento obligatorio nacional -\" \/>\n<meta property=\"og:description\" content=\"En cumplimiento al decreto presidencial 457 de 2020, por el cual se toma la medida de aislamiento preventivo obligatorio en todo el territorio nacional ante la emergencia sanitaria generada por la pandemia del coronavirus Covid -19, Transcaribe funcionar\u00e1 de la siguiente forma: \u2022 El sistema operar\u00e1 desde las 6 a. m. hasta cerca de las [&hellip;]\" \/>\n<meta property=\"og:url\" content=\"https:\/\/transcaribe.gov.co\/index.php\/noticia\/transcaribe-operara-en-confinamiento-obligatorio-nacional\/\" \/>\n<meta property=\"article:publisher\" content=\"https:\/\/www.facebook.com\/TranscaribeCTG\" \/>\n<meta property=\"og:image\" content=\"https:\/\/transcaribe.gov.co\/wp-content\/uploads\/2023\/10\/cropped-Favicon_Transcaribe.png\" \/>\n\t<meta property=\"og:image:width\" content=\"512\" \/>\n\t<meta property=\"og:image:height\" content=\"512\" \/>\n\t<meta property=\"og:image:type\" content=\"image\/png\" \/>\n<meta name=\"twitter:card\" content=\"summary_large_image\" \/>\n<meta name=\"twitter:site\" content=\"@transcaribeSITM\" \/>\n<meta name=\"twitter:label1\" content=\"Tiempo de lectura\" \/>\n\t<meta name=\"twitter:data1\" content=\"3 minutos\" \/>\n<script type=\"application\/ld+json\" class=\"yoast-schema-graph\">{\"@context\":\"https:\\\/\\\/schema.org\",\"@graph\":[{\"@type\":\"WebPage\",\"@id\":\"https:\\\/\\\/transcaribe.gov.co\\\/index.php\\\/noticia\\\/transcaribe-operara-en-confinamiento-obligatorio-nacional\\\/\",\"url\":\"https:\\\/\\\/transcaribe.gov.co\\\/index.php\\\/noticia\\\/transcaribe-operara-en-confinamiento-obligatorio-nacional\\\/\",\"name\":\"Transcaribe operar\u00e1 en confinamiento obligatorio nacional -\",\"isPartOf\":{\"@id\":\"https:\\\/\\\/transcaribe.gov.co\\\/#website\"},\"primaryImageOfPage\":{\"@id\":\"https:\\\/\\\/transcaribe.gov.co\\\/index.php\\\/noticia\\\/transcaribe-operara-en-confinamiento-obligatorio-nacional\\\/#primaryimage\"},\"image\":{\"@id\":\"https:\\\/\\\/transcaribe.gov.co\\\/index.php\\\/noticia\\\/transcaribe-operara-en-confinamiento-obligatorio-nacional\\\/#primaryimage\"},\"thumbnailUrl\":\"https:\\\/\\\/transcaribe.gov.co\\\/wp-content\\\/uploads\\\/2023\\\/10\\\/cropped-Favicon_Transcaribe.png\",\"datePublished\":\"2020-03-30T15:24:11+00:00\",\"breadcrumb\":{\"@id\":\"https:\\\/\\\/transcaribe.gov.co\\\/index.php\\\/noticia\\\/transcaribe-operara-en-confinamiento-obligatorio-nacional\\\/#breadcrumb\"},\"inLanguage\":\"es\",\"potentialAction\":[{\"@type\":\"ReadAction\",\"target\":[\"https:\\\/\\\/transcaribe.gov.co\\\/index.php\\\/noticia\\\/transcaribe-operara-en-confinamiento-obligatorio-nacional\\\/\"]}]},{\"@type\":\"ImageObject\",\"inLanguage\":\"es\",\"@id\":\"https:\\\/\\\/transcaribe.gov.co\\\/index.php\\\/noticia\\\/transcaribe-operara-en-confinamiento-obligatorio-nacional\\\/#primaryimage\",\"url\":\"https:\\\/\\\/transcaribe.gov.co\\\/wp-content\\\/uploads\\\/2023\\\/10\\\/cropped-Favicon_Transcaribe.png\",\"contentUrl\":\"https:\\\/\\\/transcaribe.gov.co\\\/wp-content\\\/uploads\\\/2023\\\/10\\\/cropped-Favicon_Transcaribe.png\",\"width\":512,\"height\":512},{\"@type\":\"BreadcrumbList\",\"@id\":\"https:\\\/\\\/transcaribe.gov.co\\\/index.php\\\/noticia\\\/transcaribe-operara-en-confinamiento-obligatorio-nacional\\\/#breadcrumb\",\"itemListElement\":[{\"@type\":\"ListItem\",\"position\":1,\"name\":\"Portada\",\"item\":\"https:\\\/\\\/transcaribe.gov.co\\\/\"},{\"@type\":\"ListItem\",\"position\":2,\"name\":\"Transcaribe operar\u00e1 en confinamiento obligatorio nacional\"}]},{\"@type\":\"WebSite\",\"@id\":\"https:\\\/\\\/transcaribe.gov.co\\\/#website\",\"url\":\"https:\\\/\\\/transcaribe.gov.co\\\/\",\"name\":\"TRANSCARIBE\",\"description\":\"\",\"publisher\":{\"@id\":\"https:\\\/\\\/transcaribe.gov.co\\\/#organization\"},\"potentialAction\":[{\"@type\":\"SearchAction\",\"target\":{\"@type\":\"EntryPoint\",\"urlTemplate\":\"https:\\\/\\\/transcaribe.gov.co\\\/?s={search_term_string}\"},\"query-input\":{\"@type\":\"PropertyValueSpecification\",\"valueRequired\":true,\"valueName\":\"search_term_string\"}}],\"inLanguage\":\"es\"},{\"@type\":\"Organization\",\"@id\":\"https:\\\/\\\/transcaribe.gov.co\\\/#organization\",\"name\":\"TRANSCARIBE S.A.\",\"url\":\"https:\\\/\\\/transcaribe.gov.co\\\/\",\"logo\":{\"@type\":\"ImageObject\",\"inLanguage\":\"es\",\"@id\":\"https:\\\/\\\/transcaribe.gov.co\\\/#\\\/schema\\\/logo\\\/image\\\/\",\"url\":\"https:\\\/\\\/transcaribe.gov.co\\\/wp-content\\\/uploads\\\/2023\\\/10\\\/cropped-Favicon_Transcaribe.png\",\"contentUrl\":\"https:\\\/\\\/transcaribe.gov.co\\\/wp-content\\\/uploads\\\/2023\\\/10\\\/cropped-Favicon_Transcaribe.png\",\"width\":512,\"height\":512,\"caption\":\"TRANSCARIBE S.A.\"},\"image\":{\"@id\":\"https:\\\/\\\/transcaribe.gov.co\\\/#\\\/schema\\\/logo\\\/image\\\/\"},\"sameAs\":[\"https:\\\/\\\/www.facebook.com\\\/TranscaribeCTG\",\"https:\\\/\\\/x.com\\\/transcaribeSITM\",\"https:\\\/\\\/www.instagram.com\\\/Transcaribecartagena\\\/\",\"https:\\\/\\\/www.youtube.com\\\/channel\\\/UCyM8-7H1Ux9hsYGlCkSkQaA\"]}]}<\/script>\n<!-- \/ Yoast SEO plugin. -->","yoast_head_json":{"title":"Transcaribe operar\u00e1 en confinamiento obligatorio nacional -","robots":{"index":"index","follow":"follow","max-snippet":"max-snippet:-1","max-image-preview":"max-image-preview:large","max-video-preview":"max-video-preview:-1"},"canonical":"https:\/\/transcaribe.gov.co\/index.php\/noticia\/transcaribe-operara-en-confinamiento-obligatorio-nacional\/","og_locale":"es_ES","og_type":"article","og_title":"Transcaribe operar\u00e1 en confinamiento obligatorio nacional -","og_description":"En cumplimiento al decreto presidencial 457 de 2020, por el cual se toma la medida de aislamiento preventivo obligatorio en todo el territorio nacional ante la emergencia sanitaria generada por la pandemia del coronavirus Covid -19, Transcaribe funcionar\u00e1 de la siguiente forma: \u2022 El sistema operar\u00e1 desde las 6 a. m. hasta cerca de las [&hellip;]","og_url":"https:\/\/transcaribe.gov.co\/index.php\/noticia\/transcaribe-operara-en-confinamiento-obligatorio-nacional\/","article_publisher":"https:\/\/www.facebook.com\/TranscaribeCTG","og_image":[{"width":512,"height":512,"url":"https:\/\/transcaribe.gov.co\/wp-content\/uploads\/2023\/10\/cropped-Favicon_Transcaribe.png","type":"image\/png"}],"twitter_card":"summary_large_image","twitter_site":"@transcaribeSITM","twitter_misc":{"Tiempo de lectura":"3 minutos"},"schema":{"@context":"https:\/\/schema.org","@graph":[{"@type":"WebPage","@id":"https:\/\/transcaribe.gov.co\/index.php\/noticia\/transcaribe-operara-en-confinamiento-obligatorio-nacional\/","url":"https:\/\/transcaribe.gov.co\/index.php\/noticia\/transcaribe-operara-en-confinamiento-obligatorio-nacional\/","name":"Transcaribe operar\u00e1 en confinamiento obligatorio nacional -","isPartOf":{"@id":"https:\/\/transcaribe.gov.co\/#website"},"primaryImageOfPage":{"@id":"https:\/\/transcaribe.gov.co\/index.php\/noticia\/transcaribe-operara-en-confinamiento-obligatorio-nacional\/#primaryimage"},"image":{"@id":"https:\/\/transcaribe.gov.co\/index.php\/noticia\/transcaribe-operara-en-confinamiento-obligatorio-nacional\/#primaryimage"},"thumbnailUrl":"https:\/\/transcaribe.gov.co\/wp-content\/uploads\/2023\/10\/cropped-Favicon_Transcaribe.png","datePublished":"2020-03-30T15:24:11+00:00","breadcrumb":{"@id":"https:\/\/transcaribe.gov.co\/index.php\/noticia\/transcaribe-operara-en-confinamiento-obligatorio-nacional\/#breadcrumb"},"inLanguage":"es","potentialAction":[{"@type":"ReadAction","target":["https:\/\/transcaribe.gov.co\/index.php\/noticia\/transcaribe-operara-en-confinamiento-obligatorio-nacional\/"]}]},{"@type":"ImageObject","inLanguage":"es","@id":"https:\/\/transcaribe.gov.co\/index.php\/noticia\/transcaribe-operara-en-confinamiento-obligatorio-nacional\/#primaryimage","url":"https:\/\/transcaribe.gov.co\/wp-content\/uploads\/2023\/10\/cropped-Favicon_Transcaribe.png","contentUrl":"https:\/\/transcaribe.gov.co\/wp-content\/uploads\/2023\/10\/cropped-Favicon_Transcaribe.png","width":512,"height":512},{"@type":"BreadcrumbList","@id":"https:\/\/transcaribe.gov.co\/index.php\/noticia\/transcaribe-operara-en-confinamiento-obligatorio-nacional\/#breadcrumb","itemListElement":[{"@type":"ListItem","position":1,"name":"Portada","item":"https:\/\/transcaribe.gov.co\/"},{"@type":"ListItem","position":2,"name":"Transcaribe operar\u00e1 en confinamiento obligatorio nacional"}]},{"@type":"WebSite","@id":"https:\/\/transcaribe.gov.co\/#website","url":"https:\/\/transcaribe.gov.co\/","name":"TRANSCARIBE","description":"","publisher":{"@id":"https:\/\/transcaribe.gov.co\/#organization"},"potentialAction":[{"@type":"SearchAction","target":{"@type":"EntryPoint","urlTemplate":"https:\/\/transcaribe.gov.co\/?s={search_term_string}"},"query-input":{"@type":"PropertyValueSpecification","valueRequired":true,"valueName":"search_term_string"}}],"inLanguage":"es"},{"@type":"Organization","@id":"https:\/\/transcaribe.gov.co\/#organization","name":"TRANSCARIBE S.A.","url":"https:\/\/transcaribe.gov.co\/","logo":{"@type":"ImageObject","inLanguage":"es","@id":"https:\/\/transcaribe.gov.co\/#\/schema\/logo\/image\/","url":"https:\/\/transcaribe.gov.co\/wp-content\/uploads\/2023\/10\/cropped-Favicon_Transcaribe.png","contentUrl":"https:\/\/transcaribe.gov.co\/wp-content\/uploads\/2023\/10\/cropped-Favicon_Transcaribe.png","width":512,"height":512,"caption":"TRANSCARIBE S.A."},"image":{"@id":"https:\/\/transcaribe.gov.co\/#\/schema\/logo\/image\/"},"sameAs":["https:\/\/www.facebook.com\/TranscaribeCTG","https:\/\/x.com\/transcaribeSITM","https:\/\/www.instagram.com\/Transcaribecartagena\/","https:\/\/www.youtube.com\/channel\/UCyM8-7H1Ux9hsYGlCkSkQaA"]}]}},"_links":{"self":[{"href":"https:\/\/transcaribe.gov.co\/index.php\/wp-json\/wp\/v2\/noticia\/1107","targetHints":{"allow":["GET"]}}],"collection":[{"href":"https:\/\/transcaribe.gov.co\/index.php\/wp-json\/wp\/v2\/noticia"}],"about":[{"href":"https:\/\/transcaribe.gov.co\/index.php\/wp-json\/wp\/v2\/types\/noticia"}],"author":[{"embeddable":true,"href":"https:\/\/transcaribe.gov.co\/index.php\/wp-json\/wp\/v2\/users\/4"}],"replies":[{"embeddable":true,"href":"https:\/\/transcaribe.gov.co\/index.php\/wp-json\/wp\/v2\/comments?post=1107"}],"version-history":[{"count":0,"href":"https:\/\/transcaribe.gov.co\/index.php\/wp-json\/wp\/v2\/noticia\/1107\/revisions"}],"wp:featuredmedia":[{"embeddable":true,"href":"https:\/\/transcaribe.gov.co\/index.php\/wp-json\/wp\/v2\/media\/4475"}],"wp:attachment":[{"href":"https:\/\/transcaribe.gov.co\/index.php\/wp-json\/wp\/v2\/media?parent=1107"}],"curies":[{"name":"wp","href":"https:\/\/api.w.org\/{rel}","templated":true}]}}