{"id":1106,"date":"2020-03-30T10:20:21","date_gmt":"2020-03-30T15:20:21","guid":{"rendered":"http:\/\/transcaribe.gov.co\/?post_type=noticia&#38;p=1106"},"modified":"2020-03-30T10:20:21","modified_gmt":"2020-03-30T15:20:21","slug":"medidas-de-transcaribe-para-evitar-aglomeraciones","status":"publish","type":"noticia","link":"https:\/\/transcaribe.gov.co\/index.php\/noticia\/medidas-de-transcaribe-para-evitar-aglomeraciones\/","title":{"rendered":"Medidas de Transcaribe para evitar aglomeraciones"},"content":{"rendered":"<p>Debido al incumplimiento de la ciudadan\u00eda del decreto 0518 del 22 de marzo de 2020, a trav\u00e9s del cual el Alcalde Mayor de Cartagena extendi\u00f3 el toque de queda en la ciudad hasta este martes a las 23:59, y a la afluencia presentada en la ma\u00f1ana de hoy en el Sistema Integrado de Transporte Masivo de Cartagena -Transcaribe-, se determinaron medidas para la operaci\u00f3n de hoy y los pr\u00f3ximos d\u00edas as\u00ed:<\/p>\n<p>\u2022 Se aument\u00f3 la frecuencia y los veh\u00edculos para movilizar a los usuarios que est\u00e1n en estaciones y Patio Portal.<\/p>\n<p>\u2022 De acuerdo al aforo de ocupaci\u00f3n visual -fov-, cuando las estaciones est\u00e9n llenas se cerrar\u00e1n y se abrir\u00e1n nuevamente al evacuar a todos los usuarios dentro de las mismas.<br \/>\n\u2022 El personal en campo y del Centro de Control de Operaciones labora continuamente, revisando el circuito cerrado de televisi\u00f3n para coordinar con los despachos en las estaciones y las paradas que requieren m\u00e1s veh\u00edculos, de esta manera cumplir con la medida de capacidad de ocupaci\u00f3n, establecida por el Distrito.<\/p>\n<p>\u2022 La prioridad del SITM es movilizar a personas que laboran en el sector salud, supermercados, procesamiento de alimentos, exceptuadas en decreto, y es por quienes el Gobierno Nacional solicit\u00f3 mantener la prestaci\u00f3n del servicio.<\/p>\n<p>\u2022 Transcaribe recuerda a la ciudadan\u00eda acatar la medida de toque de queda y, posteriormente, la de confinamiento obligatorio, emitida mediante decreto por el Presidente de la Rep\u00fablica, y abstenerse de salir de sus casas a menos que lo haga un integrante de la familia y sea para abastecerse de v\u00edveres o medicamentos. En caso de usar el SITM recomendamos que, si el veh\u00edculo est\u00e1 en su capacidad m\u00e1xima, espere la siguiente ruta.<\/p>\n<p>El gerente de Transcaribe S.A., Humberto Ripoll Durango, ha solicitado en dos ocasiones el apoyo de la fuerza p\u00fablica para controlar la capacidad de ocupaci\u00f3n en estaciones y Patio Portal.<br \/>\n\u201cTranscaribe refuerza las medidas de contenci\u00f3n del coronavirus, con protocolo de desinfecci\u00f3n y limpieza, as\u00ed como el cuidado a sus trabajadores. Sin embargo, reitera a los usuarios el autocuidado como el lavado de manos frecuente, uso de tapabocas si presenta s\u00edntomas de gripa o resfriado, y dem\u00e1s medidas del gobierno distrital y nacional para que no se propague el virus en la ciudad\u00bb, asegur\u00f3 el gerente de Transcaribe.<\/p>\n<p><em>Comunicado 018<\/em><\/p>\n<div class='cb-post-url-qr-code'><br><img src='https:\/\/api.qrserver.com\/v1\/create-qr-code\/?size=185x185&ecc=L&qzone=1&data=https%3A%2F%2Ftranscaribe.gov.co%2Findex.php%2Fnoticia%2Fmedidas-de-transcaribe-para-evitar-aglomeraciones%2F' alt='Medidas de Transcaribe para evitar aglomeraciones'\/><\/div>","protected":false},"excerpt":{"rendered":"<p>Debido al incumplimiento de la ciudadan\u00eda del decreto 0518 del 22 de marzo de 2020, a trav\u00e9s del cual el Alcalde Mayor de Cartagena extendi\u00f3 el toque de queda en la ciudad hasta este martes a las 23:59, y a la afluencia presentada en la ma\u00f1ana de hoy en el Sistema Integrado de Transporte Masivo [&hellip;]<\/p>\n","protected":false},"author":4,"featured_media":4475,"menu_order":0,"comment_status":"open","ping_status":"open","template":"","format":"standard","meta":{"footnotes":""},"class_list":["post-1106","noticia","type-noticia","status-publish","format-standard","has-post-thumbnail","hentry"],"yoast_head":"<!-- This site is optimized with the Yoast SEO plugin v27.3 - https:\/\/yoast.com\/product\/yoast-seo-wordpress\/ -->\n<title>Medidas de Transcaribe para evitar aglomeraciones -<\/title>\n<meta name=\"robots\" content=\"index, follow, max-snippet:-1, max-image-preview:large, max-video-preview:-1\" \/>\n<link rel=\"canonical\" href=\"https:\/\/transcaribe.gov.co\/index.php\/noticia\/medidas-de-transcaribe-para-evitar-aglomeraciones\/\" \/>\n<meta property=\"og:locale\" content=\"es_ES\" \/>\n<meta property=\"og:type\" content=\"article\" \/>\n<meta property=\"og:title\" content=\"Medidas de Transcaribe para evitar aglomeraciones -\" \/>\n<meta property=\"og:description\" content=\"Debido al incumplimiento de la ciudadan\u00eda del decreto 0518 del 22 de marzo de 2020, a trav\u00e9s del cual el Alcalde Mayor de Cartagena extendi\u00f3 el toque de queda en la ciudad hasta este martes a las 23:59, y a la afluencia presentada en la ma\u00f1ana de hoy en el Sistema Integrado de Transporte Masivo [&hellip;]\" \/>\n<meta property=\"og:url\" content=\"https:\/\/transcaribe.gov.co\/index.php\/noticia\/medidas-de-transcaribe-para-evitar-aglomeraciones\/\" \/>\n<meta property=\"article:publisher\" content=\"https:\/\/www.facebook.com\/TranscaribeCTG\" \/>\n<meta property=\"og:image\" content=\"https:\/\/transcaribe.gov.co\/wp-content\/uploads\/2023\/10\/cropped-Favicon_Transcaribe.png\" \/>\n\t<meta property=\"og:image:width\" content=\"512\" \/>\n\t<meta property=\"og:image:height\" content=\"512\" \/>\n\t<meta property=\"og:image:type\" content=\"image\/png\" \/>\n<meta name=\"twitter:card\" content=\"summary_large_image\" \/>\n<meta name=\"twitter:site\" content=\"@transcaribeSITM\" \/>\n<meta name=\"twitter:label1\" content=\"Tiempo de lectura\" \/>\n\t<meta name=\"twitter:data1\" content=\"2 minutos\" \/>\n<script type=\"application\/ld+json\" class=\"yoast-schema-graph\">{\"@context\":\"https:\\\/\\\/schema.org\",\"@graph\":[{\"@type\":\"WebPage\",\"@id\":\"https:\\\/\\\/transcaribe.gov.co\\\/index.php\\\/noticia\\\/medidas-de-transcaribe-para-evitar-aglomeraciones\\\/\",\"url\":\"https:\\\/\\\/transcaribe.gov.co\\\/index.php\\\/noticia\\\/medidas-de-transcaribe-para-evitar-aglomeraciones\\\/\",\"name\":\"Medidas de Transcaribe para evitar aglomeraciones -\",\"isPartOf\":{\"@id\":\"https:\\\/\\\/transcaribe.gov.co\\\/#website\"},\"primaryImageOfPage\":{\"@id\":\"https:\\\/\\\/transcaribe.gov.co\\\/index.php\\\/noticia\\\/medidas-de-transcaribe-para-evitar-aglomeraciones\\\/#primaryimage\"},\"image\":{\"@id\":\"https:\\\/\\\/transcaribe.gov.co\\\/index.php\\\/noticia\\\/medidas-de-transcaribe-para-evitar-aglomeraciones\\\/#primaryimage\"},\"thumbnailUrl\":\"https:\\\/\\\/transcaribe.gov.co\\\/wp-content\\\/uploads\\\/2023\\\/10\\\/cropped-Favicon_Transcaribe.png\",\"datePublished\":\"2020-03-30T15:20:21+00:00\",\"breadcrumb\":{\"@id\":\"https:\\\/\\\/transcaribe.gov.co\\\/index.php\\\/noticia\\\/medidas-de-transcaribe-para-evitar-aglomeraciones\\\/#breadcrumb\"},\"inLanguage\":\"es\",\"potentialAction\":[{\"@type\":\"ReadAction\",\"target\":[\"https:\\\/\\\/transcaribe.gov.co\\\/index.php\\\/noticia\\\/medidas-de-transcaribe-para-evitar-aglomeraciones\\\/\"]}]},{\"@type\":\"ImageObject\",\"inLanguage\":\"es\",\"@id\":\"https:\\\/\\\/transcaribe.gov.co\\\/index.php\\\/noticia\\\/medidas-de-transcaribe-para-evitar-aglomeraciones\\\/#primaryimage\",\"url\":\"https:\\\/\\\/transcaribe.gov.co\\\/wp-content\\\/uploads\\\/2023\\\/10\\\/cropped-Favicon_Transcaribe.png\",\"contentUrl\":\"https:\\\/\\\/transcaribe.gov.co\\\/wp-content\\\/uploads\\\/2023\\\/10\\\/cropped-Favicon_Transcaribe.png\",\"width\":512,\"height\":512},{\"@type\":\"BreadcrumbList\",\"@id\":\"https:\\\/\\\/transcaribe.gov.co\\\/index.php\\\/noticia\\\/medidas-de-transcaribe-para-evitar-aglomeraciones\\\/#breadcrumb\",\"itemListElement\":[{\"@type\":\"ListItem\",\"position\":1,\"name\":\"Portada\",\"item\":\"https:\\\/\\\/transcaribe.gov.co\\\/\"},{\"@type\":\"ListItem\",\"position\":2,\"name\":\"Medidas de Transcaribe para evitar aglomeraciones\"}]},{\"@type\":\"WebSite\",\"@id\":\"https:\\\/\\\/transcaribe.gov.co\\\/#website\",\"url\":\"https:\\\/\\\/transcaribe.gov.co\\\/\",\"name\":\"TRANSCARIBE\",\"description\":\"\",\"publisher\":{\"@id\":\"https:\\\/\\\/transcaribe.gov.co\\\/#organization\"},\"potentialAction\":[{\"@type\":\"SearchAction\",\"target\":{\"@type\":\"EntryPoint\",\"urlTemplate\":\"https:\\\/\\\/transcaribe.gov.co\\\/?s={search_term_string}\"},\"query-input\":{\"@type\":\"PropertyValueSpecification\",\"valueRequired\":true,\"valueName\":\"search_term_string\"}}],\"inLanguage\":\"es\"},{\"@type\":\"Organization\",\"@id\":\"https:\\\/\\\/transcaribe.gov.co\\\/#organization\",\"name\":\"TRANSCARIBE S.A.\",\"url\":\"https:\\\/\\\/transcaribe.gov.co\\\/\",\"logo\":{\"@type\":\"ImageObject\",\"inLanguage\":\"es\",\"@id\":\"https:\\\/\\\/transcaribe.gov.co\\\/#\\\/schema\\\/logo\\\/image\\\/\",\"url\":\"https:\\\/\\\/transcaribe.gov.co\\\/wp-content\\\/uploads\\\/2023\\\/10\\\/cropped-Favicon_Transcaribe.png\",\"contentUrl\":\"https:\\\/\\\/transcaribe.gov.co\\\/wp-content\\\/uploads\\\/2023\\\/10\\\/cropped-Favicon_Transcaribe.png\",\"width\":512,\"height\":512,\"caption\":\"TRANSCARIBE S.A.\"},\"image\":{\"@id\":\"https:\\\/\\\/transcaribe.gov.co\\\/#\\\/schema\\\/logo\\\/image\\\/\"},\"sameAs\":[\"https:\\\/\\\/www.facebook.com\\\/TranscaribeCTG\",\"https:\\\/\\\/x.com\\\/transcaribeSITM\",\"https:\\\/\\\/www.instagram.com\\\/Transcaribecartagena\\\/\",\"https:\\\/\\\/www.youtube.com\\\/channel\\\/UCyM8-7H1Ux9hsYGlCkSkQaA\"]}]}<\/script>\n<!-- \/ Yoast SEO plugin. -->","yoast_head_json":{"title":"Medidas de Transcaribe para evitar aglomeraciones -","robots":{"index":"index","follow":"follow","max-snippet":"max-snippet:-1","max-image-preview":"max-image-preview:large","max-video-preview":"max-video-preview:-1"},"canonical":"https:\/\/transcaribe.gov.co\/index.php\/noticia\/medidas-de-transcaribe-para-evitar-aglomeraciones\/","og_locale":"es_ES","og_type":"article","og_title":"Medidas de Transcaribe para evitar aglomeraciones -","og_description":"Debido al incumplimiento de la ciudadan\u00eda del decreto 0518 del 22 de marzo de 2020, a trav\u00e9s del cual el Alcalde Mayor de Cartagena extendi\u00f3 el toque de queda en la ciudad hasta este martes a las 23:59, y a la afluencia presentada en la ma\u00f1ana de hoy en el Sistema Integrado de Transporte Masivo [&hellip;]","og_url":"https:\/\/transcaribe.gov.co\/index.php\/noticia\/medidas-de-transcaribe-para-evitar-aglomeraciones\/","article_publisher":"https:\/\/www.facebook.com\/TranscaribeCTG","og_image":[{"width":512,"height":512,"url":"https:\/\/transcaribe.gov.co\/wp-content\/uploads\/2023\/10\/cropped-Favicon_Transcaribe.png","type":"image\/png"}],"twitter_card":"summary_large_image","twitter_site":"@transcaribeSITM","twitter_misc":{"Tiempo de lectura":"2 minutos"},"schema":{"@context":"https:\/\/schema.org","@graph":[{"@type":"WebPage","@id":"https:\/\/transcaribe.gov.co\/index.php\/noticia\/medidas-de-transcaribe-para-evitar-aglomeraciones\/","url":"https:\/\/transcaribe.gov.co\/index.php\/noticia\/medidas-de-transcaribe-para-evitar-aglomeraciones\/","name":"Medidas de Transcaribe para evitar aglomeraciones -","isPartOf":{"@id":"https:\/\/transcaribe.gov.co\/#website"},"primaryImageOfPage":{"@id":"https:\/\/transcaribe.gov.co\/index.php\/noticia\/medidas-de-transcaribe-para-evitar-aglomeraciones\/#primaryimage"},"image":{"@id":"https:\/\/transcaribe.gov.co\/index.php\/noticia\/medidas-de-transcaribe-para-evitar-aglomeraciones\/#primaryimage"},"thumbnailUrl":"https:\/\/transcaribe.gov.co\/wp-content\/uploads\/2023\/10\/cropped-Favicon_Transcaribe.png","datePublished":"2020-03-30T15:20:21+00:00","breadcrumb":{"@id":"https:\/\/transcaribe.gov.co\/index.php\/noticia\/medidas-de-transcaribe-para-evitar-aglomeraciones\/#breadcrumb"},"inLanguage":"es","potentialAction":[{"@type":"ReadAction","target":["https:\/\/transcaribe.gov.co\/index.php\/noticia\/medidas-de-transcaribe-para-evitar-aglomeraciones\/"]}]},{"@type":"ImageObject","inLanguage":"es","@id":"https:\/\/transcaribe.gov.co\/index.php\/noticia\/medidas-de-transcaribe-para-evitar-aglomeraciones\/#primaryimage","url":"https:\/\/transcaribe.gov.co\/wp-content\/uploads\/2023\/10\/cropped-Favicon_Transcaribe.png","contentUrl":"https:\/\/transcaribe.gov.co\/wp-content\/uploads\/2023\/10\/cropped-Favicon_Transcaribe.png","width":512,"height":512},{"@type":"BreadcrumbList","@id":"https:\/\/transcaribe.gov.co\/index.php\/noticia\/medidas-de-transcaribe-para-evitar-aglomeraciones\/#breadcrumb","itemListElement":[{"@type":"ListItem","position":1,"name":"Portada","item":"https:\/\/transcaribe.gov.co\/"},{"@type":"ListItem","position":2,"name":"Medidas de Transcaribe para evitar aglomeraciones"}]},{"@type":"WebSite","@id":"https:\/\/transcaribe.gov.co\/#website","url":"https:\/\/transcaribe.gov.co\/","name":"TRANSCARIBE","description":"","publisher":{"@id":"https:\/\/transcaribe.gov.co\/#organization"},"potentialAction":[{"@type":"SearchAction","target":{"@type":"EntryPoint","urlTemplate":"https:\/\/transcaribe.gov.co\/?s={search_term_string}"},"query-input":{"@type":"PropertyValueSpecification","valueRequired":true,"valueName":"search_term_string"}}],"inLanguage":"es"},{"@type":"Organization","@id":"https:\/\/transcaribe.gov.co\/#organization","name":"TRANSCARIBE S.A.","url":"https:\/\/transcaribe.gov.co\/","logo":{"@type":"ImageObject","inLanguage":"es","@id":"https:\/\/transcaribe.gov.co\/#\/schema\/logo\/image\/","url":"https:\/\/transcaribe.gov.co\/wp-content\/uploads\/2023\/10\/cropped-Favicon_Transcaribe.png","contentUrl":"https:\/\/transcaribe.gov.co\/wp-content\/uploads\/2023\/10\/cropped-Favicon_Transcaribe.png","width":512,"height":512,"caption":"TRANSCARIBE S.A."},"image":{"@id":"https:\/\/transcaribe.gov.co\/#\/schema\/logo\/image\/"},"sameAs":["https:\/\/www.facebook.com\/TranscaribeCTG","https:\/\/x.com\/transcaribeSITM","https:\/\/www.instagram.com\/Transcaribecartagena\/","https:\/\/www.youtube.com\/channel\/UCyM8-7H1Ux9hsYGlCkSkQaA"]}]}},"_links":{"self":[{"href":"https:\/\/transcaribe.gov.co\/index.php\/wp-json\/wp\/v2\/noticia\/1106","targetHints":{"allow":["GET"]}}],"collection":[{"href":"https:\/\/transcaribe.gov.co\/index.php\/wp-json\/wp\/v2\/noticia"}],"about":[{"href":"https:\/\/transcaribe.gov.co\/index.php\/wp-json\/wp\/v2\/types\/noticia"}],"author":[{"embeddable":true,"href":"https:\/\/transcaribe.gov.co\/index.php\/wp-json\/wp\/v2\/users\/4"}],"replies":[{"embeddable":true,"href":"https:\/\/transcaribe.gov.co\/index.php\/wp-json\/wp\/v2\/comments?post=1106"}],"version-history":[{"count":0,"href":"https:\/\/transcaribe.gov.co\/index.php\/wp-json\/wp\/v2\/noticia\/1106\/revisions"}],"wp:featuredmedia":[{"embeddable":true,"href":"https:\/\/transcaribe.gov.co\/index.php\/wp-json\/wp\/v2\/media\/4475"}],"wp:attachment":[{"href":"https:\/\/transcaribe.gov.co\/index.php\/wp-json\/wp\/v2\/media?parent=1106"}],"curies":[{"name":"wp","href":"https:\/\/api.w.org\/{rel}","templated":true}]}}