{"id":1104,"date":"2020-03-22T11:09:27","date_gmt":"2020-03-22T16:09:27","guid":{"rendered":"http:\/\/transcaribe.gov.co\/?post_type=noticia&#38;p=1104"},"modified":"2020-03-22T11:10:29","modified_gmt":"2020-03-22T16:10:29","slug":"asi-protegemos-a-nuestros-operadores-contra-el-covid-19","status":"publish","type":"noticia","link":"https:\/\/transcaribe.gov.co\/index.php\/noticia\/asi-protegemos-a-nuestros-operadores-contra-el-covid-19\/","title":{"rendered":"As\u00ed protegemos a nuestros operadores contra el Covid \u2013 19"},"content":{"rendered":"<p><strong>Cartagena de Indias D. T. y C., 22 de marzo de 2020<\/strong><\/p>\n<p>&nbsp;<\/p>\n<p>\u2022 <em>Teniendo en cuenta las medidas de prevenci\u00f3n contra el coronavirus Covid -19 y los lineamientos de los ministerios de Transporte, Salud y Trabajo, Transcaribe estableci\u00f3 medidas para sus colaboradores.<\/em><\/p>\n<p>\u2022 <em>Los operadores son nuestros principales actores, por lo que se dispuso un plan de acci\u00f3n en todos los concesionarios que garanticen el bienestar y las herramientas para prestar su servicio: alcohol, antibacterial, tapabocas (si es necesario).<\/em><br \/>\n\u2022 <em>Se realizan capacitaciones para el personal administrativo y para personal en campo para acatar las medidas de prevenci\u00f3n del coronavirus.<\/em><\/p>\n<p>Como parte de la responsabilidad que tiene el Sistema Integrado de Transporte Masivo de Cartagena -Transcaribe- con sus colaboradores, se realiz\u00f3 un plan de trabajo en conjunto con los concesionarios de operaci\u00f3n Sotramac, Transambiental y Cartagena Complementaria y Social de Indias sobre las medidas de prevenci\u00f3n contra el coronavirus (Covid -19).<\/p>\n<p>\u201cTranscaribe S.A. envi\u00f3 a los concesionarios un protocolo de recomendaciones para el lavado y desinfecci\u00f3n de los diferentes veh\u00edculos y elementos que hacen parte del SITM para la prevenci\u00f3n del coronavirus, igualmente se han realizado reuniones para reforzar acciones de cuidado y capacidad de los veh\u00edculos\u201d, indic\u00f3 el gerente de Transcaribe, Humberto Ripoll Durango.<\/p>\n<p>Una de las estrategias implementadas es la divulgaci\u00f3n de medidas a trav\u00e9s de capacitaciones al personal sobre limpieza y lavado de manos, piezas gr\u00e1ficas en \u00e1reas concurridas con consejos de prevenci\u00f3n contra el coronavirus y sensibilizaciones con m\u00e9dicos para conocer sobre enfermedades respiratorias agudas. Se hace un seguimiento al correcto lavado de manos de las personas cuando est\u00e1n en patio y se informa de manera constante el protocolo de solicitud de asistencia m\u00e9dica por sintomatolog\u00eda.<\/p>\n<p>De acuerdo a las recomendaciones del ministerio de Salud y la ARL, el tapabocas se entrega a quienes presentan s\u00edntomas de gripa o resfriado; mientras que cada uno de los concesionarios facilit\u00f3 a sus operadores gel antibacterial o alcohol antis\u00e9ptico para su higiene mientras est\u00e1n en servicio.<\/p>\n<p>Cartagena Complementaria y Social de Indias entreg\u00f3 envases reutilizables, de tal forma que cuando se les acabe el alcohol, se les suministre nuevamente. Transambiental reforz\u00f3 la limpieza de veh\u00edculos de d\u00eda y de noche, sobre todo en los espacios donde se sienta el operador, adem\u00e1s de la desinfecci\u00f3n de busetones y padrones en las cabeceras de ruta.<\/p>\n<p>Sotramac, por su parte, realiza tomas de temperatura a todo el personal que ingresa a patio y recarga el desinfectante para operadores, seg\u00fan demanda, lo que les permite estar m\u00e1s seguros en campo, acompa\u00f1ado de un kit de limpieza para desinfectar partes del veh\u00edculo. Las recomendaciones tambi\u00e9n incluyen al grupo familiar de los operadores.<\/p>\n<p>Se hizo un censo para identificar al personal operativo con mayor riesgo, de esta manera se tomaron acciones como la reducci\u00f3n de exposici\u00f3n en el trabajo y traslados con teletrabajo, pico y placa, ajuste de horarios y llamadas a operadores para seguimiento y acompa\u00f1amiento; as\u00ed como la reubicaci\u00f3n del \u00e1rea con atenci\u00f3n de personal y un periodo de vacaciones para personal operativo con mayor vulnerabilidad (edad, enfermedades respiratorias).<\/p>\n<p>\u201cEstas medidas van de la mano junto a otras que ha tomado el ente gestor como el an\u00e1lisis de la demanda para cumplir con la capacidad establecida mediante decreto distrital, los mensajes que se emiten a trav\u00e9s de los ruteros de los veh\u00edculos y las pantallas en cada una de las estaciones\u201d, puntualiz\u00f3 el gerente de Transcaribe.<\/p>\n<p>Para el SITM es importante que los usuarios tambi\u00e9n acojan las medidas de prevenci\u00f3n contra el coronavirus, por ejemplo, al estornudar taparse con el pliegue interno del codo o usar un pa\u00f1uelo desechable; aunque la tos y la fiebre sean leves, quedarse en casa.<\/p>\n<p><em>Comunicado 016<\/em><\/p>\n<div class='cb-post-url-qr-code'><br><img src='https:\/\/api.qrserver.com\/v1\/create-qr-code\/?size=185x185&ecc=L&qzone=1&data=https%3A%2F%2Ftranscaribe.gov.co%2Findex.php%2Fnoticia%2Fasi-protegemos-a-nuestros-operadores-contra-el-covid-19%2F' alt='As\u00ed protegemos a nuestros operadores contra el Covid \u2013 19'\/><\/div>","protected":false},"excerpt":{"rendered":"<p>Cartagena de Indias D. T. y C., 22 de marzo de 2020 &nbsp; \u2022 Teniendo en cuenta las medidas de prevenci\u00f3n contra el coronavirus Covid -19 y los lineamientos de los ministerios de Transporte, Salud y Trabajo, Transcaribe estableci\u00f3 medidas para sus colaboradores. \u2022 Los operadores son nuestros principales actores, por lo que se dispuso [&hellip;]<\/p>\n","protected":false},"author":4,"featured_media":4475,"menu_order":0,"comment_status":"open","ping_status":"open","template":"","format":"standard","meta":{"footnotes":""},"class_list":["post-1104","noticia","type-noticia","status-publish","format-standard","has-post-thumbnail","hentry"],"yoast_head":"<!-- This site is optimized with the Yoast SEO plugin v27.3 - https:\/\/yoast.com\/product\/yoast-seo-wordpress\/ -->\n<title>As\u00ed protegemos a nuestros operadores contra el Covid \u2013 19 -<\/title>\n<meta name=\"robots\" content=\"index, follow, max-snippet:-1, max-image-preview:large, max-video-preview:-1\" \/>\n<link rel=\"canonical\" href=\"https:\/\/transcaribe.gov.co\/index.php\/noticia\/asi-protegemos-a-nuestros-operadores-contra-el-covid-19\/\" \/>\n<meta property=\"og:locale\" content=\"es_ES\" \/>\n<meta property=\"og:type\" content=\"article\" \/>\n<meta property=\"og:title\" content=\"As\u00ed protegemos a nuestros operadores contra el Covid \u2013 19 -\" \/>\n<meta property=\"og:description\" content=\"Cartagena de Indias D. T. y C., 22 de marzo de 2020 &nbsp; \u2022 Teniendo en cuenta las medidas de prevenci\u00f3n contra el coronavirus Covid -19 y los lineamientos de los ministerios de Transporte, Salud y Trabajo, Transcaribe estableci\u00f3 medidas para sus colaboradores. \u2022 Los operadores son nuestros principales actores, por lo que se dispuso [&hellip;]\" \/>\n<meta property=\"og:url\" content=\"https:\/\/transcaribe.gov.co\/index.php\/noticia\/asi-protegemos-a-nuestros-operadores-contra-el-covid-19\/\" \/>\n<meta property=\"article:publisher\" content=\"https:\/\/www.facebook.com\/TranscaribeCTG\" \/>\n<meta property=\"article:modified_time\" content=\"2020-03-22T16:10:29+00:00\" \/>\n<meta property=\"og:image\" content=\"https:\/\/transcaribe.gov.co\/wp-content\/uploads\/2023\/10\/cropped-Favicon_Transcaribe.png\" \/>\n\t<meta property=\"og:image:width\" content=\"512\" \/>\n\t<meta property=\"og:image:height\" content=\"512\" \/>\n\t<meta property=\"og:image:type\" content=\"image\/png\" \/>\n<meta name=\"twitter:card\" content=\"summary_large_image\" \/>\n<meta name=\"twitter:site\" content=\"@transcaribeSITM\" \/>\n<meta name=\"twitter:label1\" content=\"Tiempo de lectura\" \/>\n\t<meta name=\"twitter:data1\" content=\"3 minutos\" \/>\n<script type=\"application\/ld+json\" class=\"yoast-schema-graph\">{\"@context\":\"https:\\\/\\\/schema.org\",\"@graph\":[{\"@type\":\"WebPage\",\"@id\":\"https:\\\/\\\/transcaribe.gov.co\\\/index.php\\\/noticia\\\/asi-protegemos-a-nuestros-operadores-contra-el-covid-19\\\/\",\"url\":\"https:\\\/\\\/transcaribe.gov.co\\\/index.php\\\/noticia\\\/asi-protegemos-a-nuestros-operadores-contra-el-covid-19\\\/\",\"name\":\"As\u00ed protegemos a nuestros operadores contra el Covid \u2013 19 -\",\"isPartOf\":{\"@id\":\"https:\\\/\\\/transcaribe.gov.co\\\/#website\"},\"primaryImageOfPage\":{\"@id\":\"https:\\\/\\\/transcaribe.gov.co\\\/index.php\\\/noticia\\\/asi-protegemos-a-nuestros-operadores-contra-el-covid-19\\\/#primaryimage\"},\"image\":{\"@id\":\"https:\\\/\\\/transcaribe.gov.co\\\/index.php\\\/noticia\\\/asi-protegemos-a-nuestros-operadores-contra-el-covid-19\\\/#primaryimage\"},\"thumbnailUrl\":\"https:\\\/\\\/transcaribe.gov.co\\\/wp-content\\\/uploads\\\/2023\\\/10\\\/cropped-Favicon_Transcaribe.png\",\"datePublished\":\"2020-03-22T16:09:27+00:00\",\"dateModified\":\"2020-03-22T16:10:29+00:00\",\"breadcrumb\":{\"@id\":\"https:\\\/\\\/transcaribe.gov.co\\\/index.php\\\/noticia\\\/asi-protegemos-a-nuestros-operadores-contra-el-covid-19\\\/#breadcrumb\"},\"inLanguage\":\"es\",\"potentialAction\":[{\"@type\":\"ReadAction\",\"target\":[\"https:\\\/\\\/transcaribe.gov.co\\\/index.php\\\/noticia\\\/asi-protegemos-a-nuestros-operadores-contra-el-covid-19\\\/\"]}]},{\"@type\":\"ImageObject\",\"inLanguage\":\"es\",\"@id\":\"https:\\\/\\\/transcaribe.gov.co\\\/index.php\\\/noticia\\\/asi-protegemos-a-nuestros-operadores-contra-el-covid-19\\\/#primaryimage\",\"url\":\"https:\\\/\\\/transcaribe.gov.co\\\/wp-content\\\/uploads\\\/2023\\\/10\\\/cropped-Favicon_Transcaribe.png\",\"contentUrl\":\"https:\\\/\\\/transcaribe.gov.co\\\/wp-content\\\/uploads\\\/2023\\\/10\\\/cropped-Favicon_Transcaribe.png\",\"width\":512,\"height\":512},{\"@type\":\"BreadcrumbList\",\"@id\":\"https:\\\/\\\/transcaribe.gov.co\\\/index.php\\\/noticia\\\/asi-protegemos-a-nuestros-operadores-contra-el-covid-19\\\/#breadcrumb\",\"itemListElement\":[{\"@type\":\"ListItem\",\"position\":1,\"name\":\"Portada\",\"item\":\"https:\\\/\\\/transcaribe.gov.co\\\/\"},{\"@type\":\"ListItem\",\"position\":2,\"name\":\"As\u00ed protegemos a nuestros operadores contra el Covid \u2013 19\"}]},{\"@type\":\"WebSite\",\"@id\":\"https:\\\/\\\/transcaribe.gov.co\\\/#website\",\"url\":\"https:\\\/\\\/transcaribe.gov.co\\\/\",\"name\":\"TRANSCARIBE\",\"description\":\"\",\"publisher\":{\"@id\":\"https:\\\/\\\/transcaribe.gov.co\\\/#organization\"},\"potentialAction\":[{\"@type\":\"SearchAction\",\"target\":{\"@type\":\"EntryPoint\",\"urlTemplate\":\"https:\\\/\\\/transcaribe.gov.co\\\/?s={search_term_string}\"},\"query-input\":{\"@type\":\"PropertyValueSpecification\",\"valueRequired\":true,\"valueName\":\"search_term_string\"}}],\"inLanguage\":\"es\"},{\"@type\":\"Organization\",\"@id\":\"https:\\\/\\\/transcaribe.gov.co\\\/#organization\",\"name\":\"TRANSCARIBE S.A.\",\"url\":\"https:\\\/\\\/transcaribe.gov.co\\\/\",\"logo\":{\"@type\":\"ImageObject\",\"inLanguage\":\"es\",\"@id\":\"https:\\\/\\\/transcaribe.gov.co\\\/#\\\/schema\\\/logo\\\/image\\\/\",\"url\":\"https:\\\/\\\/transcaribe.gov.co\\\/wp-content\\\/uploads\\\/2023\\\/10\\\/cropped-Favicon_Transcaribe.png\",\"contentUrl\":\"https:\\\/\\\/transcaribe.gov.co\\\/wp-content\\\/uploads\\\/2023\\\/10\\\/cropped-Favicon_Transcaribe.png\",\"width\":512,\"height\":512,\"caption\":\"TRANSCARIBE S.A.\"},\"image\":{\"@id\":\"https:\\\/\\\/transcaribe.gov.co\\\/#\\\/schema\\\/logo\\\/image\\\/\"},\"sameAs\":[\"https:\\\/\\\/www.facebook.com\\\/TranscaribeCTG\",\"https:\\\/\\\/x.com\\\/transcaribeSITM\",\"https:\\\/\\\/www.instagram.com\\\/Transcaribecartagena\\\/\",\"https:\\\/\\\/www.youtube.com\\\/channel\\\/UCyM8-7H1Ux9hsYGlCkSkQaA\"]}]}<\/script>\n<!-- \/ Yoast SEO plugin. -->","yoast_head_json":{"title":"As\u00ed protegemos a nuestros operadores contra el Covid \u2013 19 -","robots":{"index":"index","follow":"follow","max-snippet":"max-snippet:-1","max-image-preview":"max-image-preview:large","max-video-preview":"max-video-preview:-1"},"canonical":"https:\/\/transcaribe.gov.co\/index.php\/noticia\/asi-protegemos-a-nuestros-operadores-contra-el-covid-19\/","og_locale":"es_ES","og_type":"article","og_title":"As\u00ed protegemos a nuestros operadores contra el Covid \u2013 19 -","og_description":"Cartagena de Indias D. T. y C., 22 de marzo de 2020 &nbsp; \u2022 Teniendo en cuenta las medidas de prevenci\u00f3n contra el coronavirus Covid -19 y los lineamientos de los ministerios de Transporte, Salud y Trabajo, Transcaribe estableci\u00f3 medidas para sus colaboradores. \u2022 Los operadores son nuestros principales actores, por lo que se dispuso [&hellip;]","og_url":"https:\/\/transcaribe.gov.co\/index.php\/noticia\/asi-protegemos-a-nuestros-operadores-contra-el-covid-19\/","article_publisher":"https:\/\/www.facebook.com\/TranscaribeCTG","article_modified_time":"2020-03-22T16:10:29+00:00","og_image":[{"width":512,"height":512,"url":"https:\/\/transcaribe.gov.co\/wp-content\/uploads\/2023\/10\/cropped-Favicon_Transcaribe.png","type":"image\/png"}],"twitter_card":"summary_large_image","twitter_site":"@transcaribeSITM","twitter_misc":{"Tiempo de lectura":"3 minutos"},"schema":{"@context":"https:\/\/schema.org","@graph":[{"@type":"WebPage","@id":"https:\/\/transcaribe.gov.co\/index.php\/noticia\/asi-protegemos-a-nuestros-operadores-contra-el-covid-19\/","url":"https:\/\/transcaribe.gov.co\/index.php\/noticia\/asi-protegemos-a-nuestros-operadores-contra-el-covid-19\/","name":"As\u00ed protegemos a nuestros operadores contra el Covid \u2013 19 -","isPartOf":{"@id":"https:\/\/transcaribe.gov.co\/#website"},"primaryImageOfPage":{"@id":"https:\/\/transcaribe.gov.co\/index.php\/noticia\/asi-protegemos-a-nuestros-operadores-contra-el-covid-19\/#primaryimage"},"image":{"@id":"https:\/\/transcaribe.gov.co\/index.php\/noticia\/asi-protegemos-a-nuestros-operadores-contra-el-covid-19\/#primaryimage"},"thumbnailUrl":"https:\/\/transcaribe.gov.co\/wp-content\/uploads\/2023\/10\/cropped-Favicon_Transcaribe.png","datePublished":"2020-03-22T16:09:27+00:00","dateModified":"2020-03-22T16:10:29+00:00","breadcrumb":{"@id":"https:\/\/transcaribe.gov.co\/index.php\/noticia\/asi-protegemos-a-nuestros-operadores-contra-el-covid-19\/#breadcrumb"},"inLanguage":"es","potentialAction":[{"@type":"ReadAction","target":["https:\/\/transcaribe.gov.co\/index.php\/noticia\/asi-protegemos-a-nuestros-operadores-contra-el-covid-19\/"]}]},{"@type":"ImageObject","inLanguage":"es","@id":"https:\/\/transcaribe.gov.co\/index.php\/noticia\/asi-protegemos-a-nuestros-operadores-contra-el-covid-19\/#primaryimage","url":"https:\/\/transcaribe.gov.co\/wp-content\/uploads\/2023\/10\/cropped-Favicon_Transcaribe.png","contentUrl":"https:\/\/transcaribe.gov.co\/wp-content\/uploads\/2023\/10\/cropped-Favicon_Transcaribe.png","width":512,"height":512},{"@type":"BreadcrumbList","@id":"https:\/\/transcaribe.gov.co\/index.php\/noticia\/asi-protegemos-a-nuestros-operadores-contra-el-covid-19\/#breadcrumb","itemListElement":[{"@type":"ListItem","position":1,"name":"Portada","item":"https:\/\/transcaribe.gov.co\/"},{"@type":"ListItem","position":2,"name":"As\u00ed protegemos a nuestros operadores contra el Covid \u2013 19"}]},{"@type":"WebSite","@id":"https:\/\/transcaribe.gov.co\/#website","url":"https:\/\/transcaribe.gov.co\/","name":"TRANSCARIBE","description":"","publisher":{"@id":"https:\/\/transcaribe.gov.co\/#organization"},"potentialAction":[{"@type":"SearchAction","target":{"@type":"EntryPoint","urlTemplate":"https:\/\/transcaribe.gov.co\/?s={search_term_string}"},"query-input":{"@type":"PropertyValueSpecification","valueRequired":true,"valueName":"search_term_string"}}],"inLanguage":"es"},{"@type":"Organization","@id":"https:\/\/transcaribe.gov.co\/#organization","name":"TRANSCARIBE S.A.","url":"https:\/\/transcaribe.gov.co\/","logo":{"@type":"ImageObject","inLanguage":"es","@id":"https:\/\/transcaribe.gov.co\/#\/schema\/logo\/image\/","url":"https:\/\/transcaribe.gov.co\/wp-content\/uploads\/2023\/10\/cropped-Favicon_Transcaribe.png","contentUrl":"https:\/\/transcaribe.gov.co\/wp-content\/uploads\/2023\/10\/cropped-Favicon_Transcaribe.png","width":512,"height":512,"caption":"TRANSCARIBE S.A."},"image":{"@id":"https:\/\/transcaribe.gov.co\/#\/schema\/logo\/image\/"},"sameAs":["https:\/\/www.facebook.com\/TranscaribeCTG","https:\/\/x.com\/transcaribeSITM","https:\/\/www.instagram.com\/Transcaribecartagena\/","https:\/\/www.youtube.com\/channel\/UCyM8-7H1Ux9hsYGlCkSkQaA"]}]}},"_links":{"self":[{"href":"https:\/\/transcaribe.gov.co\/index.php\/wp-json\/wp\/v2\/noticia\/1104","targetHints":{"allow":["GET"]}}],"collection":[{"href":"https:\/\/transcaribe.gov.co\/index.php\/wp-json\/wp\/v2\/noticia"}],"about":[{"href":"https:\/\/transcaribe.gov.co\/index.php\/wp-json\/wp\/v2\/types\/noticia"}],"author":[{"embeddable":true,"href":"https:\/\/transcaribe.gov.co\/index.php\/wp-json\/wp\/v2\/users\/4"}],"replies":[{"embeddable":true,"href":"https:\/\/transcaribe.gov.co\/index.php\/wp-json\/wp\/v2\/comments?post=1104"}],"version-history":[{"count":0,"href":"https:\/\/transcaribe.gov.co\/index.php\/wp-json\/wp\/v2\/noticia\/1104\/revisions"}],"wp:featuredmedia":[{"embeddable":true,"href":"https:\/\/transcaribe.gov.co\/index.php\/wp-json\/wp\/v2\/media\/4475"}],"wp:attachment":[{"href":"https:\/\/transcaribe.gov.co\/index.php\/wp-json\/wp\/v2\/media?parent=1104"}],"curies":[{"name":"wp","href":"https:\/\/api.w.org\/{rel}","templated":true}]}}