{"id":1040,"date":"2019-02-23T12:04:37","date_gmt":"2019-02-23T17:04:37","guid":{"rendered":"http:\/\/transcaribe.gov.co\/?post_type=noticia&#38;p=1040"},"modified":"2019-02-23T12:04:37","modified_gmt":"2019-02-23T17:04:37","slug":"la-ruta-a108-campestre-santa-lucia-ya-esta-en-su-etapa-comercial","status":"publish","type":"noticia","link":"https:\/\/transcaribe.gov.co\/index.php\/noticia\/la-ruta-a108-campestre-santa-lucia-ya-esta-en-su-etapa-comercial\/","title":{"rendered":"La ruta A108 Campestre- Santa Luc\u00eda ya est\u00e1 en su etapa comercial\u00a0"},"content":{"rendered":"<p><em>Levis Gonz\u00e1lez es uno de los 18 operadores que se encargar\u00e1n de transportar a los usuarios de esta ruta.\u00a0<\/em><\/p>\n<p>Desde hace 19 a\u00f1os Levis Gonz\u00e1lez es conductor de veh\u00edculos, pero hace dos semanas encontr\u00f3 la oportunidad de cambiar su calidad de vida con un nuevo empleo. Ahora es operador de buset\u00f3n de la nueva ruta A108 Campestre &#8211; Santa Luc\u00eda, que hoy inicia su etapa comercial.<\/p>\n<p>\u00abEs mi primera vez manejando en el sistema, me siento muy bien. Estamos aportando toda la experiencia en conducci\u00f3n para el sistema, antes manejaba tractomulas y carros mixer. En este medio de transporte tengo muy buenas expectativas\u00bb, cont\u00f3 Gonz\u00e1lez.<\/p>\n<p>Este cartagenero cumpli\u00f3 con todos los requisitos para ser seleccionado entre los cientos de conductores que se presentaron a esta vacante.<\/p>\n<p>Durante los tres d\u00edas de pedagog\u00eda se acerc\u00f3 a los usuarios, les ense\u00f1\u00f3 sobre el recorrido y cu\u00e1les ser\u00edan sus paradas.<\/p>\n<p><strong>Conoce la A108 Campestre &#8211; Santa Luc\u00eda<\/strong><\/p>\n<p>Esta nueva ruta alimentadora operar\u00e1 con busetones de 50 pasajeros cada uno y circular\u00e1 por los barrios Los Caracoles, El Campestre, Nuevo Campestre, 20 de Julio, El Golf, Almirante Col\u00f3n, Bella Vista, sector industrial Contecar, Santa Luc\u00eda, Blas de Lezo y sector El Amparo.<\/p>\n<p>\u00abHoy comienza la ruta A108 Santa Luc\u00eda &#8211; Campestre, la cual vino precedida de tres d\u00edas de jornada pedag\u00f3gica. Es una ruta que ser\u00e1 prestada con 8 busetones de 50 pasajeros cada uno, cuyo ciclo dura 50 minutos, aproximadamente, por lo tanto comenzaremos con estos veh\u00edculos y si es necesario incluir m\u00e1s rodantes, seg\u00fan la demanda, lo haremos\u00bb, indic\u00f3 el Gerente de Transcaribe S.A., Humberto Ripoll Durango.<\/p>\n<p>Esta ruta adem\u00e1s comparte con la X102 Portal &#8211; Bosque &#8211; Centro, X103 Variante &#8211; Consulado &#8211; Centro; A107 Blas de Lezo &#8211; Santa Luc\u00eda y A104 Mandela &#8211; Socorro &#8211; Santa Luc\u00eda, entre otras.<\/p>\n<p>En los pr\u00f3ximos d\u00edas se anunciar\u00e1 la entrada de nuevas rutas para la comodidad de los usuarios.<\/p>\n<div class='cb-post-url-qr-code'><br><img src='https:\/\/api.qrserver.com\/v1\/create-qr-code\/?size=185x185&ecc=L&qzone=1&data=https%3A%2F%2Ftranscaribe.gov.co%2Findex.php%2Fnoticia%2Fla-ruta-a108-campestre-santa-lucia-ya-esta-en-su-etapa-comercial%2F' alt='La ruta A108 Campestre- Santa Luc\u00eda ya est\u00e1 en su etapa comercial\u00a0'\/><\/div>","protected":false},"excerpt":{"rendered":"<p>Levis Gonz\u00e1lez es uno de los 18 operadores que se encargar\u00e1n de transportar a los usuarios de esta ruta.\u00a0 Desde hace 19 a\u00f1os Levis Gonz\u00e1lez es conductor de veh\u00edculos, pero hace dos semanas encontr\u00f3 la oportunidad de cambiar su calidad de vida con un nuevo empleo. Ahora es operador de buset\u00f3n de la nueva ruta [&hellip;]<\/p>\n","protected":false},"author":4,"featured_media":4475,"menu_order":0,"comment_status":"open","ping_status":"open","template":"","format":"standard","meta":{"footnotes":""},"class_list":["post-1040","noticia","type-noticia","status-publish","format-standard","has-post-thumbnail","hentry"],"yoast_head":"<!-- This site is optimized with the Yoast SEO plugin v27.3 - https:\/\/yoast.com\/product\/yoast-seo-wordpress\/ -->\n<title>La ruta A108 Campestre- Santa Luc\u00eda ya est\u00e1 en su etapa comercial\u00a0 -<\/title>\n<meta name=\"robots\" content=\"index, follow, max-snippet:-1, max-image-preview:large, max-video-preview:-1\" \/>\n<link rel=\"canonical\" href=\"https:\/\/transcaribe.gov.co\/index.php\/noticia\/la-ruta-a108-campestre-santa-lucia-ya-esta-en-su-etapa-comercial\/\" \/>\n<meta property=\"og:locale\" content=\"es_ES\" \/>\n<meta property=\"og:type\" content=\"article\" \/>\n<meta property=\"og:title\" content=\"La ruta A108 Campestre- Santa Luc\u00eda ya est\u00e1 en su etapa comercial\u00a0 -\" \/>\n<meta property=\"og:description\" content=\"Levis Gonz\u00e1lez es uno de los 18 operadores que se encargar\u00e1n de transportar a los usuarios de esta ruta.\u00a0 Desde hace 19 a\u00f1os Levis Gonz\u00e1lez es conductor de veh\u00edculos, pero hace dos semanas encontr\u00f3 la oportunidad de cambiar su calidad de vida con un nuevo empleo. Ahora es operador de buset\u00f3n de la nueva ruta [&hellip;]\" \/>\n<meta property=\"og:url\" content=\"https:\/\/transcaribe.gov.co\/index.php\/noticia\/la-ruta-a108-campestre-santa-lucia-ya-esta-en-su-etapa-comercial\/\" \/>\n<meta property=\"article:publisher\" content=\"https:\/\/www.facebook.com\/TranscaribeCTG\" \/>\n<meta property=\"og:image\" content=\"https:\/\/transcaribe.gov.co\/wp-content\/uploads\/2023\/10\/cropped-Favicon_Transcaribe.png\" \/>\n\t<meta property=\"og:image:width\" content=\"512\" \/>\n\t<meta property=\"og:image:height\" content=\"512\" \/>\n\t<meta property=\"og:image:type\" content=\"image\/png\" \/>\n<meta name=\"twitter:card\" content=\"summary_large_image\" \/>\n<meta name=\"twitter:site\" content=\"@transcaribeSITM\" \/>\n<meta name=\"twitter:label1\" content=\"Tiempo de lectura\" \/>\n\t<meta name=\"twitter:data1\" content=\"2 minutos\" \/>\n<script type=\"application\/ld+json\" class=\"yoast-schema-graph\">{\"@context\":\"https:\\\/\\\/schema.org\",\"@graph\":[{\"@type\":\"WebPage\",\"@id\":\"https:\\\/\\\/transcaribe.gov.co\\\/index.php\\\/noticia\\\/la-ruta-a108-campestre-santa-lucia-ya-esta-en-su-etapa-comercial\\\/\",\"url\":\"https:\\\/\\\/transcaribe.gov.co\\\/index.php\\\/noticia\\\/la-ruta-a108-campestre-santa-lucia-ya-esta-en-su-etapa-comercial\\\/\",\"name\":\"La ruta A108 Campestre- Santa Luc\u00eda ya est\u00e1 en su etapa comercial\u00a0 -\",\"isPartOf\":{\"@id\":\"https:\\\/\\\/transcaribe.gov.co\\\/#website\"},\"primaryImageOfPage\":{\"@id\":\"https:\\\/\\\/transcaribe.gov.co\\\/index.php\\\/noticia\\\/la-ruta-a108-campestre-santa-lucia-ya-esta-en-su-etapa-comercial\\\/#primaryimage\"},\"image\":{\"@id\":\"https:\\\/\\\/transcaribe.gov.co\\\/index.php\\\/noticia\\\/la-ruta-a108-campestre-santa-lucia-ya-esta-en-su-etapa-comercial\\\/#primaryimage\"},\"thumbnailUrl\":\"https:\\\/\\\/transcaribe.gov.co\\\/wp-content\\\/uploads\\\/2023\\\/10\\\/cropped-Favicon_Transcaribe.png\",\"datePublished\":\"2019-02-23T17:04:37+00:00\",\"breadcrumb\":{\"@id\":\"https:\\\/\\\/transcaribe.gov.co\\\/index.php\\\/noticia\\\/la-ruta-a108-campestre-santa-lucia-ya-esta-en-su-etapa-comercial\\\/#breadcrumb\"},\"inLanguage\":\"es\",\"potentialAction\":[{\"@type\":\"ReadAction\",\"target\":[\"https:\\\/\\\/transcaribe.gov.co\\\/index.php\\\/noticia\\\/la-ruta-a108-campestre-santa-lucia-ya-esta-en-su-etapa-comercial\\\/\"]}]},{\"@type\":\"ImageObject\",\"inLanguage\":\"es\",\"@id\":\"https:\\\/\\\/transcaribe.gov.co\\\/index.php\\\/noticia\\\/la-ruta-a108-campestre-santa-lucia-ya-esta-en-su-etapa-comercial\\\/#primaryimage\",\"url\":\"https:\\\/\\\/transcaribe.gov.co\\\/wp-content\\\/uploads\\\/2023\\\/10\\\/cropped-Favicon_Transcaribe.png\",\"contentUrl\":\"https:\\\/\\\/transcaribe.gov.co\\\/wp-content\\\/uploads\\\/2023\\\/10\\\/cropped-Favicon_Transcaribe.png\",\"width\":512,\"height\":512},{\"@type\":\"BreadcrumbList\",\"@id\":\"https:\\\/\\\/transcaribe.gov.co\\\/index.php\\\/noticia\\\/la-ruta-a108-campestre-santa-lucia-ya-esta-en-su-etapa-comercial\\\/#breadcrumb\",\"itemListElement\":[{\"@type\":\"ListItem\",\"position\":1,\"name\":\"Portada\",\"item\":\"https:\\\/\\\/transcaribe.gov.co\\\/\"},{\"@type\":\"ListItem\",\"position\":2,\"name\":\"La ruta A108 Campestre- Santa Luc\u00eda ya est\u00e1 en su etapa comercial\u00a0\"}]},{\"@type\":\"WebSite\",\"@id\":\"https:\\\/\\\/transcaribe.gov.co\\\/#website\",\"url\":\"https:\\\/\\\/transcaribe.gov.co\\\/\",\"name\":\"TRANSCARIBE\",\"description\":\"\",\"publisher\":{\"@id\":\"https:\\\/\\\/transcaribe.gov.co\\\/#organization\"},\"potentialAction\":[{\"@type\":\"SearchAction\",\"target\":{\"@type\":\"EntryPoint\",\"urlTemplate\":\"https:\\\/\\\/transcaribe.gov.co\\\/?s={search_term_string}\"},\"query-input\":{\"@type\":\"PropertyValueSpecification\",\"valueRequired\":true,\"valueName\":\"search_term_string\"}}],\"inLanguage\":\"es\"},{\"@type\":\"Organization\",\"@id\":\"https:\\\/\\\/transcaribe.gov.co\\\/#organization\",\"name\":\"TRANSCARIBE S.A.\",\"url\":\"https:\\\/\\\/transcaribe.gov.co\\\/\",\"logo\":{\"@type\":\"ImageObject\",\"inLanguage\":\"es\",\"@id\":\"https:\\\/\\\/transcaribe.gov.co\\\/#\\\/schema\\\/logo\\\/image\\\/\",\"url\":\"https:\\\/\\\/transcaribe.gov.co\\\/wp-content\\\/uploads\\\/2023\\\/10\\\/cropped-Favicon_Transcaribe.png\",\"contentUrl\":\"https:\\\/\\\/transcaribe.gov.co\\\/wp-content\\\/uploads\\\/2023\\\/10\\\/cropped-Favicon_Transcaribe.png\",\"width\":512,\"height\":512,\"caption\":\"TRANSCARIBE S.A.\"},\"image\":{\"@id\":\"https:\\\/\\\/transcaribe.gov.co\\\/#\\\/schema\\\/logo\\\/image\\\/\"},\"sameAs\":[\"https:\\\/\\\/www.facebook.com\\\/TranscaribeCTG\",\"https:\\\/\\\/x.com\\\/transcaribeSITM\",\"https:\\\/\\\/www.instagram.com\\\/Transcaribecartagena\\\/\",\"https:\\\/\\\/www.youtube.com\\\/channel\\\/UCyM8-7H1Ux9hsYGlCkSkQaA\"]}]}<\/script>\n<!-- \/ Yoast SEO plugin. -->","yoast_head_json":{"title":"La ruta A108 Campestre- Santa Luc\u00eda ya est\u00e1 en su etapa comercial\u00a0 -","robots":{"index":"index","follow":"follow","max-snippet":"max-snippet:-1","max-image-preview":"max-image-preview:large","max-video-preview":"max-video-preview:-1"},"canonical":"https:\/\/transcaribe.gov.co\/index.php\/noticia\/la-ruta-a108-campestre-santa-lucia-ya-esta-en-su-etapa-comercial\/","og_locale":"es_ES","og_type":"article","og_title":"La ruta A108 Campestre- Santa Luc\u00eda ya est\u00e1 en su etapa comercial\u00a0 -","og_description":"Levis Gonz\u00e1lez es uno de los 18 operadores que se encargar\u00e1n de transportar a los usuarios de esta ruta.\u00a0 Desde hace 19 a\u00f1os Levis Gonz\u00e1lez es conductor de veh\u00edculos, pero hace dos semanas encontr\u00f3 la oportunidad de cambiar su calidad de vida con un nuevo empleo. Ahora es operador de buset\u00f3n de la nueva ruta [&hellip;]","og_url":"https:\/\/transcaribe.gov.co\/index.php\/noticia\/la-ruta-a108-campestre-santa-lucia-ya-esta-en-su-etapa-comercial\/","article_publisher":"https:\/\/www.facebook.com\/TranscaribeCTG","og_image":[{"width":512,"height":512,"url":"https:\/\/transcaribe.gov.co\/wp-content\/uploads\/2023\/10\/cropped-Favicon_Transcaribe.png","type":"image\/png"}],"twitter_card":"summary_large_image","twitter_site":"@transcaribeSITM","twitter_misc":{"Tiempo de lectura":"2 minutos"},"schema":{"@context":"https:\/\/schema.org","@graph":[{"@type":"WebPage","@id":"https:\/\/transcaribe.gov.co\/index.php\/noticia\/la-ruta-a108-campestre-santa-lucia-ya-esta-en-su-etapa-comercial\/","url":"https:\/\/transcaribe.gov.co\/index.php\/noticia\/la-ruta-a108-campestre-santa-lucia-ya-esta-en-su-etapa-comercial\/","name":"La ruta A108 Campestre- Santa Luc\u00eda ya est\u00e1 en su etapa comercial\u00a0 -","isPartOf":{"@id":"https:\/\/transcaribe.gov.co\/#website"},"primaryImageOfPage":{"@id":"https:\/\/transcaribe.gov.co\/index.php\/noticia\/la-ruta-a108-campestre-santa-lucia-ya-esta-en-su-etapa-comercial\/#primaryimage"},"image":{"@id":"https:\/\/transcaribe.gov.co\/index.php\/noticia\/la-ruta-a108-campestre-santa-lucia-ya-esta-en-su-etapa-comercial\/#primaryimage"},"thumbnailUrl":"https:\/\/transcaribe.gov.co\/wp-content\/uploads\/2023\/10\/cropped-Favicon_Transcaribe.png","datePublished":"2019-02-23T17:04:37+00:00","breadcrumb":{"@id":"https:\/\/transcaribe.gov.co\/index.php\/noticia\/la-ruta-a108-campestre-santa-lucia-ya-esta-en-su-etapa-comercial\/#breadcrumb"},"inLanguage":"es","potentialAction":[{"@type":"ReadAction","target":["https:\/\/transcaribe.gov.co\/index.php\/noticia\/la-ruta-a108-campestre-santa-lucia-ya-esta-en-su-etapa-comercial\/"]}]},{"@type":"ImageObject","inLanguage":"es","@id":"https:\/\/transcaribe.gov.co\/index.php\/noticia\/la-ruta-a108-campestre-santa-lucia-ya-esta-en-su-etapa-comercial\/#primaryimage","url":"https:\/\/transcaribe.gov.co\/wp-content\/uploads\/2023\/10\/cropped-Favicon_Transcaribe.png","contentUrl":"https:\/\/transcaribe.gov.co\/wp-content\/uploads\/2023\/10\/cropped-Favicon_Transcaribe.png","width":512,"height":512},{"@type":"BreadcrumbList","@id":"https:\/\/transcaribe.gov.co\/index.php\/noticia\/la-ruta-a108-campestre-santa-lucia-ya-esta-en-su-etapa-comercial\/#breadcrumb","itemListElement":[{"@type":"ListItem","position":1,"name":"Portada","item":"https:\/\/transcaribe.gov.co\/"},{"@type":"ListItem","position":2,"name":"La ruta A108 Campestre- Santa Luc\u00eda ya est\u00e1 en su etapa comercial\u00a0"}]},{"@type":"WebSite","@id":"https:\/\/transcaribe.gov.co\/#website","url":"https:\/\/transcaribe.gov.co\/","name":"TRANSCARIBE","description":"","publisher":{"@id":"https:\/\/transcaribe.gov.co\/#organization"},"potentialAction":[{"@type":"SearchAction","target":{"@type":"EntryPoint","urlTemplate":"https:\/\/transcaribe.gov.co\/?s={search_term_string}"},"query-input":{"@type":"PropertyValueSpecification","valueRequired":true,"valueName":"search_term_string"}}],"inLanguage":"es"},{"@type":"Organization","@id":"https:\/\/transcaribe.gov.co\/#organization","name":"TRANSCARIBE S.A.","url":"https:\/\/transcaribe.gov.co\/","logo":{"@type":"ImageObject","inLanguage":"es","@id":"https:\/\/transcaribe.gov.co\/#\/schema\/logo\/image\/","url":"https:\/\/transcaribe.gov.co\/wp-content\/uploads\/2023\/10\/cropped-Favicon_Transcaribe.png","contentUrl":"https:\/\/transcaribe.gov.co\/wp-content\/uploads\/2023\/10\/cropped-Favicon_Transcaribe.png","width":512,"height":512,"caption":"TRANSCARIBE S.A."},"image":{"@id":"https:\/\/transcaribe.gov.co\/#\/schema\/logo\/image\/"},"sameAs":["https:\/\/www.facebook.com\/TranscaribeCTG","https:\/\/x.com\/transcaribeSITM","https:\/\/www.instagram.com\/Transcaribecartagena\/","https:\/\/www.youtube.com\/channel\/UCyM8-7H1Ux9hsYGlCkSkQaA"]}]}},"_links":{"self":[{"href":"https:\/\/transcaribe.gov.co\/index.php\/wp-json\/wp\/v2\/noticia\/1040","targetHints":{"allow":["GET"]}}],"collection":[{"href":"https:\/\/transcaribe.gov.co\/index.php\/wp-json\/wp\/v2\/noticia"}],"about":[{"href":"https:\/\/transcaribe.gov.co\/index.php\/wp-json\/wp\/v2\/types\/noticia"}],"author":[{"embeddable":true,"href":"https:\/\/transcaribe.gov.co\/index.php\/wp-json\/wp\/v2\/users\/4"}],"replies":[{"embeddable":true,"href":"https:\/\/transcaribe.gov.co\/index.php\/wp-json\/wp\/v2\/comments?post=1040"}],"version-history":[{"count":0,"href":"https:\/\/transcaribe.gov.co\/index.php\/wp-json\/wp\/v2\/noticia\/1040\/revisions"}],"wp:featuredmedia":[{"embeddable":true,"href":"https:\/\/transcaribe.gov.co\/index.php\/wp-json\/wp\/v2\/media\/4475"}],"wp:attachment":[{"href":"https:\/\/transcaribe.gov.co\/index.php\/wp-json\/wp\/v2\/media?parent=1040"}],"curies":[{"name":"wp","href":"https:\/\/api.w.org\/{rel}","templated":true}]}}