{"id":1027,"date":"2018-08-16T16:45:49","date_gmt":"2018-08-16T16:45:49","guid":{"rendered":"http:\/\/transcaribe.gov.co\/?post_type=noticia&#38;p=1027"},"modified":"2018-08-16T16:45:49","modified_gmt":"2018-08-16T16:45:49","slug":"transcaribe-amplia-puntos-de-recarga-para-usuarios-de-ruta-alimentadora-de-flor-del-campo","status":"publish","type":"noticia","link":"https:\/\/transcaribe.gov.co\/index.php\/noticia\/transcaribe-amplia-puntos-de-recarga-para-usuarios-de-ruta-alimentadora-de-flor-del-campo\/","title":{"rendered":"Transcaribe ampl\u00eda puntos de recarga para usuarios de ruta alimentadora de Flor del Campo, Bicentenario y Colombiat\u00f3n"},"content":{"rendered":"<p>L\u00edderes de esta zona de la periferia de la ciudad agradecen al SITM haber escuchado sus sugerencias e instalar cinco nuevos puestos de servicio de Supergiros para comodidad de los usuarios de la ruta A114<\/p>\n<p><em><strong>Transcaribe ampl\u00eda puntos de recarga para usuarios de ruta alimentadora de Flor del Campo, Bicentenario y Colombiat\u00f3n<\/strong><\/em><\/p>\n<p>CARTAGENA, AGOSTO 2018<\/p>\n<p>Cinco nuevos puntos de recarga pondr\u00e1 en funcionamiento el Sistema Integrado de Transporte Masivo, SITM, de Cartagena, para ampliar la oferta de servicios a los usuarios de la ruta A114 Flor del Campo-Colombiat\u00f3n-Bicentenario-Portal.<\/p>\n<p>L\u00edderes comunales de esta zona solicitaron a Transcaribe la ampliaci\u00f3n del servicio de recarga de las tarjetas debido a la gran demanda que tiene la ruta que cubre ciudadelas como Bicentenario, Villa de Aranjuez, Portal de La Cordialidad, Flor de Campo y Colombiat\u00f3n, entre otras.<\/p>\n<p>El presidente de la Junta de Acci\u00f3n Comunal de Villas de Aranjuez, Diego C\u00f3rdoba, dijo que Transcaribe escuch\u00f3 sus peticiones y tras una serie de reuniones con el personal directivo del departamento de Gesti\u00f3n Social del SITM, liderado por Amalia Toro, se logr\u00f3 la instalaci\u00f3n de nuevas oficinas de Supergiros, donde se realizan las cargas de las tarjetas para acceder al sistema.<\/p>\n<p>El gerente de Transcaribe, Humberto Ripoll, sostuvo que es una constante del SITM la ejecuci\u00f3n de una de sus principales pol\u00edticas, como lo es escuchar a sus usuarios para mejorar el servicio, en la medida en que estas sean t\u00e9cnica, financiera y operativamente viables.<\/p>\n<p>Agreg\u00f3 que en el 2018 el sistema ha puesto en servicio nuevas rutas y que el compromiso con la comunidad es ofrecerles una operaci\u00f3n al 100% eficiente y eficaz, y que por ello siempre los canales de comunicaci\u00f3n est\u00e1n abiertos para escuchar a los l\u00edderes y habitantes de los vecindarios que cuentan con las distintas rutas.<br \/>\nDurante este mi\u00e9rcoles 15 de agosto se dejar\u00e1 instalado un nuevo punto de recarga de tarjetas del sistema, en el sector de La Sevillana, inmediaciones del primer paradero de la ruta, frente Villas de Aranjuez.<\/p>\n<p>Al final de la semana y promediando la que viene, se aspira que otros cuatro puntos de recarga quedar\u00e1n habilitados en sectores como Flor del Campo, Colombiat\u00f3n y Bicentenario.<\/p>\n<p>\u201cEstamos contentos con esa gesti\u00f3n de Transcaribe, porque a la comunidad se le facilita en transporte y as\u00ed se evita tantas caminatas largas. Con esto mitigamos bastante el esfuerzo de los habitantes. Gracias a Transcaribe por esta gesti\u00f3n\u201d, dijo el l\u00edder comunal Diego C\u00f3rdoba.<\/p>\n<div class='cb-post-url-qr-code'><br><img src='https:\/\/api.qrserver.com\/v1\/create-qr-code\/?size=185x185&ecc=L&qzone=1&data=https%3A%2F%2Ftranscaribe.gov.co%2Findex.php%2Fnoticia%2Ftranscaribe-amplia-puntos-de-recarga-para-usuarios-de-ruta-alimentadora-de-flor-del-campo%2F' alt='Transcaribe ampl\u00eda puntos de recarga para usuarios de ruta alimentadora de Flor del Campo, Bicentenario y Colombiat\u00f3n'\/><\/div>","protected":false},"excerpt":{"rendered":"<p>L\u00edderes de esta zona de la periferia de la ciudad agradecen al SITM haber escuchado sus sugerencias e instalar cinco nuevos puestos de servicio de Supergiros para comodidad de los usuarios de la ruta A114 Transcaribe ampl\u00eda puntos de recarga para usuarios de ruta alimentadora de Flor del Campo, Bicentenario y Colombiat\u00f3n CARTAGENA, AGOSTO 2018 [&hellip;]<\/p>\n","protected":false},"author":4,"featured_media":4475,"menu_order":0,"comment_status":"open","ping_status":"open","template":"","format":"standard","meta":{"footnotes":""},"class_list":["post-1027","noticia","type-noticia","status-publish","format-standard","has-post-thumbnail","hentry"],"yoast_head":"<!-- This site is optimized with the Yoast SEO plugin v27.3 - https:\/\/yoast.com\/product\/yoast-seo-wordpress\/ -->\n<title>Transcaribe ampl\u00eda puntos de recarga para usuarios de ruta alimentadora de Flor del Campo, Bicentenario y Colombiat\u00f3n -<\/title>\n<meta name=\"robots\" content=\"index, follow, max-snippet:-1, max-image-preview:large, max-video-preview:-1\" \/>\n<link rel=\"canonical\" href=\"https:\/\/transcaribe.gov.co\/index.php\/noticia\/transcaribe-amplia-puntos-de-recarga-para-usuarios-de-ruta-alimentadora-de-flor-del-campo\/\" \/>\n<meta property=\"og:locale\" content=\"es_ES\" \/>\n<meta property=\"og:type\" content=\"article\" \/>\n<meta property=\"og:title\" content=\"Transcaribe ampl\u00eda puntos de recarga para usuarios de ruta alimentadora de Flor del Campo, Bicentenario y Colombiat\u00f3n -\" \/>\n<meta property=\"og:description\" content=\"L\u00edderes de esta zona de la periferia de la ciudad agradecen al SITM haber escuchado sus sugerencias e instalar cinco nuevos puestos de servicio de Supergiros para comodidad de los usuarios de la ruta A114 Transcaribe ampl\u00eda puntos de recarga para usuarios de ruta alimentadora de Flor del Campo, Bicentenario y Colombiat\u00f3n CARTAGENA, AGOSTO 2018 [&hellip;]\" \/>\n<meta property=\"og:url\" content=\"https:\/\/transcaribe.gov.co\/index.php\/noticia\/transcaribe-amplia-puntos-de-recarga-para-usuarios-de-ruta-alimentadora-de-flor-del-campo\/\" \/>\n<meta property=\"article:publisher\" content=\"https:\/\/www.facebook.com\/TranscaribeCTG\" \/>\n<meta property=\"og:image\" content=\"https:\/\/transcaribe.gov.co\/wp-content\/uploads\/2023\/10\/cropped-Favicon_Transcaribe.png\" \/>\n\t<meta property=\"og:image:width\" content=\"512\" \/>\n\t<meta property=\"og:image:height\" content=\"512\" \/>\n\t<meta property=\"og:image:type\" content=\"image\/png\" \/>\n<meta name=\"twitter:card\" content=\"summary_large_image\" \/>\n<meta name=\"twitter:site\" content=\"@transcaribeSITM\" \/>\n<meta name=\"twitter:label1\" content=\"Tiempo de lectura\" \/>\n\t<meta name=\"twitter:data1\" content=\"2 minutos\" \/>\n<script type=\"application\/ld+json\" class=\"yoast-schema-graph\">{\"@context\":\"https:\\\/\\\/schema.org\",\"@graph\":[{\"@type\":\"WebPage\",\"@id\":\"https:\\\/\\\/transcaribe.gov.co\\\/index.php\\\/noticia\\\/transcaribe-amplia-puntos-de-recarga-para-usuarios-de-ruta-alimentadora-de-flor-del-campo\\\/\",\"url\":\"https:\\\/\\\/transcaribe.gov.co\\\/index.php\\\/noticia\\\/transcaribe-amplia-puntos-de-recarga-para-usuarios-de-ruta-alimentadora-de-flor-del-campo\\\/\",\"name\":\"Transcaribe ampl\u00eda puntos de recarga para usuarios de ruta alimentadora de Flor del Campo, Bicentenario y Colombiat\u00f3n -\",\"isPartOf\":{\"@id\":\"https:\\\/\\\/transcaribe.gov.co\\\/#website\"},\"primaryImageOfPage\":{\"@id\":\"https:\\\/\\\/transcaribe.gov.co\\\/index.php\\\/noticia\\\/transcaribe-amplia-puntos-de-recarga-para-usuarios-de-ruta-alimentadora-de-flor-del-campo\\\/#primaryimage\"},\"image\":{\"@id\":\"https:\\\/\\\/transcaribe.gov.co\\\/index.php\\\/noticia\\\/transcaribe-amplia-puntos-de-recarga-para-usuarios-de-ruta-alimentadora-de-flor-del-campo\\\/#primaryimage\"},\"thumbnailUrl\":\"https:\\\/\\\/transcaribe.gov.co\\\/wp-content\\\/uploads\\\/2023\\\/10\\\/cropped-Favicon_Transcaribe.png\",\"datePublished\":\"2018-08-16T16:45:49+00:00\",\"breadcrumb\":{\"@id\":\"https:\\\/\\\/transcaribe.gov.co\\\/index.php\\\/noticia\\\/transcaribe-amplia-puntos-de-recarga-para-usuarios-de-ruta-alimentadora-de-flor-del-campo\\\/#breadcrumb\"},\"inLanguage\":\"es\",\"potentialAction\":[{\"@type\":\"ReadAction\",\"target\":[\"https:\\\/\\\/transcaribe.gov.co\\\/index.php\\\/noticia\\\/transcaribe-amplia-puntos-de-recarga-para-usuarios-de-ruta-alimentadora-de-flor-del-campo\\\/\"]}]},{\"@type\":\"ImageObject\",\"inLanguage\":\"es\",\"@id\":\"https:\\\/\\\/transcaribe.gov.co\\\/index.php\\\/noticia\\\/transcaribe-amplia-puntos-de-recarga-para-usuarios-de-ruta-alimentadora-de-flor-del-campo\\\/#primaryimage\",\"url\":\"https:\\\/\\\/transcaribe.gov.co\\\/wp-content\\\/uploads\\\/2023\\\/10\\\/cropped-Favicon_Transcaribe.png\",\"contentUrl\":\"https:\\\/\\\/transcaribe.gov.co\\\/wp-content\\\/uploads\\\/2023\\\/10\\\/cropped-Favicon_Transcaribe.png\",\"width\":512,\"height\":512},{\"@type\":\"BreadcrumbList\",\"@id\":\"https:\\\/\\\/transcaribe.gov.co\\\/index.php\\\/noticia\\\/transcaribe-amplia-puntos-de-recarga-para-usuarios-de-ruta-alimentadora-de-flor-del-campo\\\/#breadcrumb\",\"itemListElement\":[{\"@type\":\"ListItem\",\"position\":1,\"name\":\"Portada\",\"item\":\"https:\\\/\\\/transcaribe.gov.co\\\/\"},{\"@type\":\"ListItem\",\"position\":2,\"name\":\"Transcaribe ampl\u00eda puntos de recarga para usuarios de ruta alimentadora de Flor del Campo, Bicentenario y Colombiat\u00f3n\"}]},{\"@type\":\"WebSite\",\"@id\":\"https:\\\/\\\/transcaribe.gov.co\\\/#website\",\"url\":\"https:\\\/\\\/transcaribe.gov.co\\\/\",\"name\":\"TRANSCARIBE\",\"description\":\"\",\"publisher\":{\"@id\":\"https:\\\/\\\/transcaribe.gov.co\\\/#organization\"},\"potentialAction\":[{\"@type\":\"SearchAction\",\"target\":{\"@type\":\"EntryPoint\",\"urlTemplate\":\"https:\\\/\\\/transcaribe.gov.co\\\/?s={search_term_string}\"},\"query-input\":{\"@type\":\"PropertyValueSpecification\",\"valueRequired\":true,\"valueName\":\"search_term_string\"}}],\"inLanguage\":\"es\"},{\"@type\":\"Organization\",\"@id\":\"https:\\\/\\\/transcaribe.gov.co\\\/#organization\",\"name\":\"TRANSCARIBE S.A.\",\"url\":\"https:\\\/\\\/transcaribe.gov.co\\\/\",\"logo\":{\"@type\":\"ImageObject\",\"inLanguage\":\"es\",\"@id\":\"https:\\\/\\\/transcaribe.gov.co\\\/#\\\/schema\\\/logo\\\/image\\\/\",\"url\":\"https:\\\/\\\/transcaribe.gov.co\\\/wp-content\\\/uploads\\\/2023\\\/10\\\/cropped-Favicon_Transcaribe.png\",\"contentUrl\":\"https:\\\/\\\/transcaribe.gov.co\\\/wp-content\\\/uploads\\\/2023\\\/10\\\/cropped-Favicon_Transcaribe.png\",\"width\":512,\"height\":512,\"caption\":\"TRANSCARIBE S.A.\"},\"image\":{\"@id\":\"https:\\\/\\\/transcaribe.gov.co\\\/#\\\/schema\\\/logo\\\/image\\\/\"},\"sameAs\":[\"https:\\\/\\\/www.facebook.com\\\/TranscaribeCTG\",\"https:\\\/\\\/x.com\\\/transcaribeSITM\",\"https:\\\/\\\/www.instagram.com\\\/Transcaribecartagena\\\/\",\"https:\\\/\\\/www.youtube.com\\\/channel\\\/UCyM8-7H1Ux9hsYGlCkSkQaA\"]}]}<\/script>\n<!-- \/ Yoast SEO plugin. -->","yoast_head_json":{"title":"Transcaribe ampl\u00eda puntos de recarga para usuarios de ruta alimentadora de Flor del Campo, Bicentenario y Colombiat\u00f3n -","robots":{"index":"index","follow":"follow","max-snippet":"max-snippet:-1","max-image-preview":"max-image-preview:large","max-video-preview":"max-video-preview:-1"},"canonical":"https:\/\/transcaribe.gov.co\/index.php\/noticia\/transcaribe-amplia-puntos-de-recarga-para-usuarios-de-ruta-alimentadora-de-flor-del-campo\/","og_locale":"es_ES","og_type":"article","og_title":"Transcaribe ampl\u00eda puntos de recarga para usuarios de ruta alimentadora de Flor del Campo, Bicentenario y Colombiat\u00f3n -","og_description":"L\u00edderes de esta zona de la periferia de la ciudad agradecen al SITM haber escuchado sus sugerencias e instalar cinco nuevos puestos de servicio de Supergiros para comodidad de los usuarios de la ruta A114 Transcaribe ampl\u00eda puntos de recarga para usuarios de ruta alimentadora de Flor del Campo, Bicentenario y Colombiat\u00f3n CARTAGENA, AGOSTO 2018 [&hellip;]","og_url":"https:\/\/transcaribe.gov.co\/index.php\/noticia\/transcaribe-amplia-puntos-de-recarga-para-usuarios-de-ruta-alimentadora-de-flor-del-campo\/","article_publisher":"https:\/\/www.facebook.com\/TranscaribeCTG","og_image":[{"width":512,"height":512,"url":"https:\/\/transcaribe.gov.co\/wp-content\/uploads\/2023\/10\/cropped-Favicon_Transcaribe.png","type":"image\/png"}],"twitter_card":"summary_large_image","twitter_site":"@transcaribeSITM","twitter_misc":{"Tiempo de lectura":"2 minutos"},"schema":{"@context":"https:\/\/schema.org","@graph":[{"@type":"WebPage","@id":"https:\/\/transcaribe.gov.co\/index.php\/noticia\/transcaribe-amplia-puntos-de-recarga-para-usuarios-de-ruta-alimentadora-de-flor-del-campo\/","url":"https:\/\/transcaribe.gov.co\/index.php\/noticia\/transcaribe-amplia-puntos-de-recarga-para-usuarios-de-ruta-alimentadora-de-flor-del-campo\/","name":"Transcaribe ampl\u00eda puntos de recarga para usuarios de ruta alimentadora de Flor del Campo, Bicentenario y Colombiat\u00f3n -","isPartOf":{"@id":"https:\/\/transcaribe.gov.co\/#website"},"primaryImageOfPage":{"@id":"https:\/\/transcaribe.gov.co\/index.php\/noticia\/transcaribe-amplia-puntos-de-recarga-para-usuarios-de-ruta-alimentadora-de-flor-del-campo\/#primaryimage"},"image":{"@id":"https:\/\/transcaribe.gov.co\/index.php\/noticia\/transcaribe-amplia-puntos-de-recarga-para-usuarios-de-ruta-alimentadora-de-flor-del-campo\/#primaryimage"},"thumbnailUrl":"https:\/\/transcaribe.gov.co\/wp-content\/uploads\/2023\/10\/cropped-Favicon_Transcaribe.png","datePublished":"2018-08-16T16:45:49+00:00","breadcrumb":{"@id":"https:\/\/transcaribe.gov.co\/index.php\/noticia\/transcaribe-amplia-puntos-de-recarga-para-usuarios-de-ruta-alimentadora-de-flor-del-campo\/#breadcrumb"},"inLanguage":"es","potentialAction":[{"@type":"ReadAction","target":["https:\/\/transcaribe.gov.co\/index.php\/noticia\/transcaribe-amplia-puntos-de-recarga-para-usuarios-de-ruta-alimentadora-de-flor-del-campo\/"]}]},{"@type":"ImageObject","inLanguage":"es","@id":"https:\/\/transcaribe.gov.co\/index.php\/noticia\/transcaribe-amplia-puntos-de-recarga-para-usuarios-de-ruta-alimentadora-de-flor-del-campo\/#primaryimage","url":"https:\/\/transcaribe.gov.co\/wp-content\/uploads\/2023\/10\/cropped-Favicon_Transcaribe.png","contentUrl":"https:\/\/transcaribe.gov.co\/wp-content\/uploads\/2023\/10\/cropped-Favicon_Transcaribe.png","width":512,"height":512},{"@type":"BreadcrumbList","@id":"https:\/\/transcaribe.gov.co\/index.php\/noticia\/transcaribe-amplia-puntos-de-recarga-para-usuarios-de-ruta-alimentadora-de-flor-del-campo\/#breadcrumb","itemListElement":[{"@type":"ListItem","position":1,"name":"Portada","item":"https:\/\/transcaribe.gov.co\/"},{"@type":"ListItem","position":2,"name":"Transcaribe ampl\u00eda puntos de recarga para usuarios de ruta alimentadora de Flor del Campo, Bicentenario y Colombiat\u00f3n"}]},{"@type":"WebSite","@id":"https:\/\/transcaribe.gov.co\/#website","url":"https:\/\/transcaribe.gov.co\/","name":"TRANSCARIBE","description":"","publisher":{"@id":"https:\/\/transcaribe.gov.co\/#organization"},"potentialAction":[{"@type":"SearchAction","target":{"@type":"EntryPoint","urlTemplate":"https:\/\/transcaribe.gov.co\/?s={search_term_string}"},"query-input":{"@type":"PropertyValueSpecification","valueRequired":true,"valueName":"search_term_string"}}],"inLanguage":"es"},{"@type":"Organization","@id":"https:\/\/transcaribe.gov.co\/#organization","name":"TRANSCARIBE S.A.","url":"https:\/\/transcaribe.gov.co\/","logo":{"@type":"ImageObject","inLanguage":"es","@id":"https:\/\/transcaribe.gov.co\/#\/schema\/logo\/image\/","url":"https:\/\/transcaribe.gov.co\/wp-content\/uploads\/2023\/10\/cropped-Favicon_Transcaribe.png","contentUrl":"https:\/\/transcaribe.gov.co\/wp-content\/uploads\/2023\/10\/cropped-Favicon_Transcaribe.png","width":512,"height":512,"caption":"TRANSCARIBE S.A."},"image":{"@id":"https:\/\/transcaribe.gov.co\/#\/schema\/logo\/image\/"},"sameAs":["https:\/\/www.facebook.com\/TranscaribeCTG","https:\/\/x.com\/transcaribeSITM","https:\/\/www.instagram.com\/Transcaribecartagena\/","https:\/\/www.youtube.com\/channel\/UCyM8-7H1Ux9hsYGlCkSkQaA"]}]}},"_links":{"self":[{"href":"https:\/\/transcaribe.gov.co\/index.php\/wp-json\/wp\/v2\/noticia\/1027","targetHints":{"allow":["GET"]}}],"collection":[{"href":"https:\/\/transcaribe.gov.co\/index.php\/wp-json\/wp\/v2\/noticia"}],"about":[{"href":"https:\/\/transcaribe.gov.co\/index.php\/wp-json\/wp\/v2\/types\/noticia"}],"author":[{"embeddable":true,"href":"https:\/\/transcaribe.gov.co\/index.php\/wp-json\/wp\/v2\/users\/4"}],"replies":[{"embeddable":true,"href":"https:\/\/transcaribe.gov.co\/index.php\/wp-json\/wp\/v2\/comments?post=1027"}],"version-history":[{"count":0,"href":"https:\/\/transcaribe.gov.co\/index.php\/wp-json\/wp\/v2\/noticia\/1027\/revisions"}],"wp:featuredmedia":[{"embeddable":true,"href":"https:\/\/transcaribe.gov.co\/index.php\/wp-json\/wp\/v2\/media\/4475"}],"wp:attachment":[{"href":"https:\/\/transcaribe.gov.co\/index.php\/wp-json\/wp\/v2\/media?parent=1027"}],"curies":[{"name":"wp","href":"https:\/\/api.w.org\/{rel}","templated":true}]}}