{"id":10080,"date":"2026-09-04T11:45:10","date_gmt":"2026-09-04T16:45:10","guid":{"rendered":"https:\/\/transcaribe.gov.co\/?post_type=noticia&#038;p=10080"},"modified":"2026-09-04T11:45:10","modified_gmt":"2026-09-04T16:45:10","slug":"transcaribe-activara-desvio-en-la-ruta-a114-este-sabado-en-la-manana","status":"publish","type":"noticia","link":"https:\/\/transcaribe.gov.co\/index.php\/noticia\/transcaribe-activara-desvio-en-la-ruta-a114-este-sabado-en-la-manana\/","title":{"rendered":"TransCaribe activar\u00e1 desv\u00edo en la Ruta A114, este s\u00e1bado en la ma\u00f1ana"},"content":{"rendered":"<h3>Debido a la realizaci\u00f3n de un evento deportivo en el barrio Bicentenario.<\/h3>\n<p><img fetchpriority=\"high\" decoding=\"async\" class=\"aligncenter wp-image-10081 size-full\" src=\"https:\/\/transcaribe.gov.co\/wp-content\/uploads\/2026\/09\/DSC_2095-1-scaled.jpg\" alt=\"\" width=\"2560\" height=\"1707\" srcset=\"https:\/\/transcaribe.gov.co\/wp-content\/uploads\/2026\/09\/DSC_2095-1-scaled.jpg 2560w, https:\/\/transcaribe.gov.co\/wp-content\/uploads\/2026\/09\/DSC_2095-1-300x200.jpg 300w, https:\/\/transcaribe.gov.co\/wp-content\/uploads\/2026\/09\/DSC_2095-1-1024x683.jpg 1024w, https:\/\/transcaribe.gov.co\/wp-content\/uploads\/2026\/09\/DSC_2095-1-768x512.jpg 768w, https:\/\/transcaribe.gov.co\/wp-content\/uploads\/2026\/09\/DSC_2095-1-1536x1024.jpg 1536w, https:\/\/transcaribe.gov.co\/wp-content\/uploads\/2026\/09\/DSC_2095-1-2048x1365.jpg 2048w\" sizes=\"(max-width: 2560px) 100vw, 2560px\" \/><\/p>\n<p>Ante la realizaci\u00f3n de un evento deportivo por las calles del barrio Bicentenario y sectores aleda\u00f1os en la ma\u00f1ana de este s\u00e1bado 5 de septiembre, TransCaribe activar\u00e1 un desv\u00edo en su ruta A114 Flor del campo \u2013 Portal, durante el lapso comprendido entre las 5:30 a.m. y 7:30 a.m.<\/p>\n<p>En sentido Flor del campo \u2013 Portal, a la altura del sal\u00f3n comunal de Ciudad del Bicentenario, los veh\u00edculos de la Ruta A114 girar\u00e1n a la izquierda, tomando la Transversal 78 hasta la Glorieta de Bicentenario, donde realizar\u00e1n su retorno hacia Patio Portal.<\/p>\n<p>Por esta novedad, y durante el lapso en que est\u00e9 activo el desv\u00edo, se dejar\u00e1n de cubrir los paraderos Ciudad de Bicentenario 1, Bicentenario Mz 79, Mz 75, Mz 35 Lt 1, Mz 7 Lt 1, Colegio Gabriel Garc\u00eda M\u00e1rquez, Flor del Campo Mz 1C Lt 4, Abastos Giraldo, Colombiat\u00f3n Mz 3G Casa 470, Colegio Gustavo Pulecio G\u00f3mez.<\/p>\n<p>TransCaribe lamenta las afectaciones que pueda causar a sus usuarios esta novedad, y los invita a suscribirse al Canal de WhatsApp \u201cTransCaribe te informa\u201d y activar las notificaciones, para recibir novedades de la operaci\u00f3n en tiempo real.<\/p>\n<h3>Enlace para unirse al Canal Oficial de WhatsApp: <a href=\"https:\/\/whatsapp.com\/channel\/0029VawqMjFEKyZDzUcLa53Y\" target=\"_blank\" rel=\"noopener\">https:\/\/whatsapp.com\/channel\/0029VawqMjFEKyZDzUcLa53Y<\/a><\/h3>\n<div class='cb-post-url-qr-code'><br><img src='https:\/\/api.qrserver.com\/v1\/create-qr-code\/?size=185x185&ecc=L&qzone=1&data=https%3A%2F%2Ftranscaribe.gov.co%2Findex.php%2Fnoticia%2Ftranscaribe-activara-desvio-en-la-ruta-a114-este-sabado-en-la-manana%2F' alt='TransCaribe activar\u00e1 desv\u00edo en la Ruta A114, este s\u00e1bado en la ma\u00f1ana'\/><\/div>","protected":false},"excerpt":{"rendered":"<p>Debido a la realizaci\u00f3n de un evento deportivo en el barrio Bicentenario. Ante la realizaci\u00f3n de un evento deportivo por las calles del barrio Bicentenario y sectores aleda\u00f1os en la ma\u00f1ana de este s\u00e1bado 5 de septiembre, TransCaribe activar\u00e1 un desv\u00edo en su ruta A114 Flor del campo \u2013 Portal, durante el lapso comprendido entre [&hellip;]<\/p>\n","protected":false},"author":3,"featured_media":10081,"menu_order":0,"comment_status":"open","ping_status":"open","template":"","format":"standard","meta":{"footnotes":""},"categories":[],"class_list":["post-10080","noticia","type-noticia","status-publish","format-standard","has-post-thumbnail","hentry"],"yoast_head":"<!-- This site is optimized with the Yoast SEO plugin v28.3 - https:\/\/yoast.com\/product\/yoast-seo-wordpress\/ -->\n<title>TransCaribe activar\u00e1 desv\u00edo en la Ruta A114, este s\u00e1bado en la ma\u00f1ana -<\/title>\n<meta name=\"robots\" content=\"index, follow, max-snippet:-1, max-image-preview:large, max-video-preview:-1\" \/>\n<link rel=\"canonical\" href=\"https:\/\/transcaribe.gov.co\/index.php\/noticia\/transcaribe-activara-desvio-en-la-ruta-a114-este-sabado-en-la-manana\/\" \/>\n<meta property=\"og:locale\" content=\"es_ES\" \/>\n<meta property=\"og:type\" content=\"article\" \/>\n<meta property=\"og:title\" content=\"TransCaribe activar\u00e1 desv\u00edo en la Ruta A114, este s\u00e1bado en la ma\u00f1ana -\" \/>\n<meta property=\"og:description\" content=\"Debido a la realizaci\u00f3n de un evento deportivo en el barrio Bicentenario. Ante la realizaci\u00f3n de un evento deportivo por las calles del barrio Bicentenario y sectores aleda\u00f1os en la ma\u00f1ana de este s\u00e1bado 5 de septiembre, TransCaribe activar\u00e1 un desv\u00edo en su ruta A114 Flor del campo \u2013 Portal, durante el lapso comprendido entre [&hellip;]\" \/>\n<meta property=\"og:url\" content=\"https:\/\/transcaribe.gov.co\/index.php\/noticia\/transcaribe-activara-desvio-en-la-ruta-a114-este-sabado-en-la-manana\/\" \/>\n<meta property=\"article:publisher\" content=\"https:\/\/www.facebook.com\/TranscaribeCTG\" \/>\n<meta property=\"og:image\" content=\"https:\/\/transcaribe.gov.co\/wp-content\/uploads\/2026\/09\/DSC_2095-1-scaled.jpg\" \/>\n\t<meta property=\"og:image:width\" content=\"2560\" \/>\n\t<meta property=\"og:image:height\" content=\"1707\" \/>\n\t<meta property=\"og:image:type\" content=\"image\/jpeg\" \/>\n<meta name=\"twitter:card\" content=\"summary_large_image\" \/>\n<meta name=\"twitter:site\" content=\"@transcaribeSITM\" \/>\n<meta name=\"twitter:label1\" content=\"Tiempo de lectura\" \/>\n\t<meta name=\"twitter:data1\" content=\"2 minutos\" \/>\n<script type=\"application\/ld+json\" class=\"yoast-schema-graph\">{\"@context\":\"https:\\\/\\\/schema.org\",\"@graph\":[{\"@type\":\"WebPage\",\"@id\":\"https:\\\/\\\/transcaribe.gov.co\\\/index.php\\\/noticia\\\/transcaribe-activara-desvio-en-la-ruta-a114-este-sabado-en-la-manana\\\/\",\"url\":\"https:\\\/\\\/transcaribe.gov.co\\\/index.php\\\/noticia\\\/transcaribe-activara-desvio-en-la-ruta-a114-este-sabado-en-la-manana\\\/\",\"name\":\"TransCaribe activar\u00e1 desv\u00edo en la Ruta A114, este s\u00e1bado en la ma\u00f1ana -\",\"isPartOf\":{\"@id\":\"https:\\\/\\\/transcaribe.gov.co\\\/#website\"},\"primaryImageOfPage\":{\"@id\":\"https:\\\/\\\/transcaribe.gov.co\\\/index.php\\\/noticia\\\/transcaribe-activara-desvio-en-la-ruta-a114-este-sabado-en-la-manana\\\/#primaryimage\"},\"image\":{\"@id\":\"https:\\\/\\\/transcaribe.gov.co\\\/index.php\\\/noticia\\\/transcaribe-activara-desvio-en-la-ruta-a114-este-sabado-en-la-manana\\\/#primaryimage\"},\"thumbnailUrl\":\"https:\\\/\\\/transcaribe.gov.co\\\/wp-content\\\/uploads\\\/2026\\\/09\\\/DSC_2095-1-scaled.jpg\",\"datePublished\":\"2026-09-04T16:45:10+00:00\",\"breadcrumb\":{\"@id\":\"https:\\\/\\\/transcaribe.gov.co\\\/index.php\\\/noticia\\\/transcaribe-activara-desvio-en-la-ruta-a114-este-sabado-en-la-manana\\\/#breadcrumb\"},\"inLanguage\":\"es\",\"potentialAction\":[{\"@type\":\"ReadAction\",\"target\":[\"https:\\\/\\\/transcaribe.gov.co\\\/index.php\\\/noticia\\\/transcaribe-activara-desvio-en-la-ruta-a114-este-sabado-en-la-manana\\\/\"]}]},{\"@type\":\"ImageObject\",\"inLanguage\":\"es\",\"@id\":\"https:\\\/\\\/transcaribe.gov.co\\\/index.php\\\/noticia\\\/transcaribe-activara-desvio-en-la-ruta-a114-este-sabado-en-la-manana\\\/#primaryimage\",\"url\":\"https:\\\/\\\/transcaribe.gov.co\\\/wp-content\\\/uploads\\\/2026\\\/09\\\/DSC_2095-1-scaled.jpg\",\"contentUrl\":\"https:\\\/\\\/transcaribe.gov.co\\\/wp-content\\\/uploads\\\/2026\\\/09\\\/DSC_2095-1-scaled.jpg\",\"width\":2560,\"height\":1707},{\"@type\":\"BreadcrumbList\",\"@id\":\"https:\\\/\\\/transcaribe.gov.co\\\/index.php\\\/noticia\\\/transcaribe-activara-desvio-en-la-ruta-a114-este-sabado-en-la-manana\\\/#breadcrumb\",\"itemListElement\":[{\"@type\":\"ListItem\",\"position\":1,\"name\":\"Portada\",\"item\":\"https:\\\/\\\/transcaribe.gov.co\\\/\"},{\"@type\":\"ListItem\",\"position\":2,\"name\":\"TransCaribe activar\u00e1 desv\u00edo en la Ruta A114, este s\u00e1bado en la ma\u00f1ana\"}]},{\"@type\":\"WebSite\",\"@id\":\"https:\\\/\\\/transcaribe.gov.co\\\/#website\",\"url\":\"https:\\\/\\\/transcaribe.gov.co\\\/\",\"name\":\"TRANSCARIBE\",\"description\":\"\",\"publisher\":{\"@id\":\"https:\\\/\\\/transcaribe.gov.co\\\/#organization\"},\"potentialAction\":[{\"@type\":\"SearchAction\",\"target\":{\"@type\":\"EntryPoint\",\"urlTemplate\":\"https:\\\/\\\/transcaribe.gov.co\\\/?s={search_term_string}\"},\"query-input\":{\"@type\":\"PropertyValueSpecification\",\"valueRequired\":true,\"valueName\":\"search_term_string\"}}],\"inLanguage\":\"es\"},{\"@type\":\"Organization\",\"@id\":\"https:\\\/\\\/transcaribe.gov.co\\\/#organization\",\"name\":\"TRANSCARIBE S.A.\",\"url\":\"https:\\\/\\\/transcaribe.gov.co\\\/\",\"logo\":{\"@type\":\"ImageObject\",\"inLanguage\":\"es\",\"@id\":\"https:\\\/\\\/transcaribe.gov.co\\\/#\\\/schema\\\/logo\\\/image\\\/\",\"url\":\"https:\\\/\\\/transcaribe.gov.co\\\/wp-content\\\/uploads\\\/2023\\\/10\\\/cropped-Favicon_Transcaribe.png\",\"contentUrl\":\"https:\\\/\\\/transcaribe.gov.co\\\/wp-content\\\/uploads\\\/2023\\\/10\\\/cropped-Favicon_Transcaribe.png\",\"width\":512,\"height\":512,\"caption\":\"TRANSCARIBE S.A.\"},\"image\":{\"@id\":\"https:\\\/\\\/transcaribe.gov.co\\\/#\\\/schema\\\/logo\\\/image\\\/\"},\"sameAs\":[\"https:\\\/\\\/www.facebook.com\\\/TranscaribeCTG\",\"https:\\\/\\\/x.com\\\/transcaribeSITM\",\"https:\\\/\\\/www.instagram.com\\\/Transcaribecartagena\\\/\",\"https:\\\/\\\/www.youtube.com\\\/channel\\\/UCyM8-7H1Ux9hsYGlCkSkQaA\"]}]}<\/script>\n<!-- \/ Yoast SEO plugin. -->","yoast_head_json":{"title":"TransCaribe activar\u00e1 desv\u00edo en la Ruta A114, este s\u00e1bado en la ma\u00f1ana -","robots":{"index":"index","follow":"follow","max-snippet":"max-snippet:-1","max-image-preview":"max-image-preview:large","max-video-preview":"max-video-preview:-1"},"canonical":"https:\/\/transcaribe.gov.co\/index.php\/noticia\/transcaribe-activara-desvio-en-la-ruta-a114-este-sabado-en-la-manana\/","og_locale":"es_ES","og_type":"article","og_title":"TransCaribe activar\u00e1 desv\u00edo en la Ruta A114, este s\u00e1bado en la ma\u00f1ana -","og_description":"Debido a la realizaci\u00f3n de un evento deportivo en el barrio Bicentenario. Ante la realizaci\u00f3n de un evento deportivo por las calles del barrio Bicentenario y sectores aleda\u00f1os en la ma\u00f1ana de este s\u00e1bado 5 de septiembre, TransCaribe activar\u00e1 un desv\u00edo en su ruta A114 Flor del campo \u2013 Portal, durante el lapso comprendido entre [&hellip;]","og_url":"https:\/\/transcaribe.gov.co\/index.php\/noticia\/transcaribe-activara-desvio-en-la-ruta-a114-este-sabado-en-la-manana\/","article_publisher":"https:\/\/www.facebook.com\/TranscaribeCTG","og_image":[{"width":2560,"height":1707,"url":"https:\/\/transcaribe.gov.co\/wp-content\/uploads\/2026\/09\/DSC_2095-1-scaled.jpg","type":"image\/jpeg"}],"twitter_card":"summary_large_image","twitter_site":"@transcaribeSITM","twitter_misc":{"Tiempo de lectura":"2 minutos"},"schema":{"@context":"https:\/\/schema.org","@graph":[{"@type":"WebPage","@id":"https:\/\/transcaribe.gov.co\/index.php\/noticia\/transcaribe-activara-desvio-en-la-ruta-a114-este-sabado-en-la-manana\/","url":"https:\/\/transcaribe.gov.co\/index.php\/noticia\/transcaribe-activara-desvio-en-la-ruta-a114-este-sabado-en-la-manana\/","name":"TransCaribe activar\u00e1 desv\u00edo en la Ruta A114, este s\u00e1bado en la ma\u00f1ana -","isPartOf":{"@id":"https:\/\/transcaribe.gov.co\/#website"},"primaryImageOfPage":{"@id":"https:\/\/transcaribe.gov.co\/index.php\/noticia\/transcaribe-activara-desvio-en-la-ruta-a114-este-sabado-en-la-manana\/#primaryimage"},"image":{"@id":"https:\/\/transcaribe.gov.co\/index.php\/noticia\/transcaribe-activara-desvio-en-la-ruta-a114-este-sabado-en-la-manana\/#primaryimage"},"thumbnailUrl":"https:\/\/transcaribe.gov.co\/wp-content\/uploads\/2026\/09\/DSC_2095-1-scaled.jpg","datePublished":"2026-09-04T16:45:10+00:00","breadcrumb":{"@id":"https:\/\/transcaribe.gov.co\/index.php\/noticia\/transcaribe-activara-desvio-en-la-ruta-a114-este-sabado-en-la-manana\/#breadcrumb"},"inLanguage":"es","potentialAction":[{"@type":"ReadAction","target":["https:\/\/transcaribe.gov.co\/index.php\/noticia\/transcaribe-activara-desvio-en-la-ruta-a114-este-sabado-en-la-manana\/"]}]},{"@type":"ImageObject","inLanguage":"es","@id":"https:\/\/transcaribe.gov.co\/index.php\/noticia\/transcaribe-activara-desvio-en-la-ruta-a114-este-sabado-en-la-manana\/#primaryimage","url":"https:\/\/transcaribe.gov.co\/wp-content\/uploads\/2026\/09\/DSC_2095-1-scaled.jpg","contentUrl":"https:\/\/transcaribe.gov.co\/wp-content\/uploads\/2026\/09\/DSC_2095-1-scaled.jpg","width":2560,"height":1707},{"@type":"BreadcrumbList","@id":"https:\/\/transcaribe.gov.co\/index.php\/noticia\/transcaribe-activara-desvio-en-la-ruta-a114-este-sabado-en-la-manana\/#breadcrumb","itemListElement":[{"@type":"ListItem","position":1,"name":"Portada","item":"https:\/\/transcaribe.gov.co\/"},{"@type":"ListItem","position":2,"name":"TransCaribe activar\u00e1 desv\u00edo en la Ruta A114, este s\u00e1bado en la ma\u00f1ana"}]},{"@type":"WebSite","@id":"https:\/\/transcaribe.gov.co\/#website","url":"https:\/\/transcaribe.gov.co\/","name":"TRANSCARIBE","description":"","publisher":{"@id":"https:\/\/transcaribe.gov.co\/#organization"},"potentialAction":[{"@type":"SearchAction","target":{"@type":"EntryPoint","urlTemplate":"https:\/\/transcaribe.gov.co\/?s={search_term_string}"},"query-input":{"@type":"PropertyValueSpecification","valueRequired":true,"valueName":"search_term_string"}}],"inLanguage":"es"},{"@type":"Organization","@id":"https:\/\/transcaribe.gov.co\/#organization","name":"TRANSCARIBE S.A.","url":"https:\/\/transcaribe.gov.co\/","logo":{"@type":"ImageObject","inLanguage":"es","@id":"https:\/\/transcaribe.gov.co\/#\/schema\/logo\/image\/","url":"https:\/\/transcaribe.gov.co\/wp-content\/uploads\/2023\/10\/cropped-Favicon_Transcaribe.png","contentUrl":"https:\/\/transcaribe.gov.co\/wp-content\/uploads\/2023\/10\/cropped-Favicon_Transcaribe.png","width":512,"height":512,"caption":"TRANSCARIBE S.A."},"image":{"@id":"https:\/\/transcaribe.gov.co\/#\/schema\/logo\/image\/"},"sameAs":["https:\/\/www.facebook.com\/TranscaribeCTG","https:\/\/x.com\/transcaribeSITM","https:\/\/www.instagram.com\/Transcaribecartagena\/","https:\/\/www.youtube.com\/channel\/UCyM8-7H1Ux9hsYGlCkSkQaA"]}]}},"_links":{"self":[{"href":"https:\/\/transcaribe.gov.co\/index.php\/wp-json\/wp\/v2\/noticia\/10080","targetHints":{"allow":["GET"]}}],"collection":[{"href":"https:\/\/transcaribe.gov.co\/index.php\/wp-json\/wp\/v2\/noticia"}],"about":[{"href":"https:\/\/transcaribe.gov.co\/index.php\/wp-json\/wp\/v2\/types\/noticia"}],"author":[{"embeddable":true,"href":"https:\/\/transcaribe.gov.co\/index.php\/wp-json\/wp\/v2\/users\/3"}],"replies":[{"embeddable":true,"href":"https:\/\/transcaribe.gov.co\/index.php\/wp-json\/wp\/v2\/comments?post=10080"}],"version-history":[{"count":1,"href":"https:\/\/transcaribe.gov.co\/index.php\/wp-json\/wp\/v2\/noticia\/10080\/revisions"}],"predecessor-version":[{"id":10092,"href":"https:\/\/transcaribe.gov.co\/index.php\/wp-json\/wp\/v2\/noticia\/10080\/revisions\/10092"}],"wp:featuredmedia":[{"embeddable":true,"href":"https:\/\/transcaribe.gov.co\/index.php\/wp-json\/wp\/v2\/media\/10081"}],"wp:attachment":[{"href":"https:\/\/transcaribe.gov.co\/index.php\/wp-json\/wp\/v2\/media?parent=10080"}],"wp:term":[{"taxonomy":"category","embeddable":true,"href":"https:\/\/transcaribe.gov.co\/index.php\/wp-json\/wp\/v2\/categories?post=10080"}],"curies":[{"name":"wp","href":"https:\/\/api.w.org\/{rel}","templated":true}]}}