{"id":10070,"date":"2026-09-03T10:28:59","date_gmt":"2026-09-03T15:28:59","guid":{"rendered":"https:\/\/transcaribe.gov.co\/?post_type=noticia&#038;p=10070"},"modified":"2026-09-03T10:28:59","modified_gmt":"2026-09-03T15:28:59","slug":"este-domingo-transcaribe-activa-desvios-por-el-ironman-5i50-programe-sus-viajes-con-antelacion","status":"publish","type":"noticia","link":"https:\/\/transcaribe.gov.co\/index.php\/noticia\/este-domingo-transcaribe-activa-desvios-por-el-ironman-5i50-programe-sus-viajes-con-antelacion\/","title":{"rendered":"Este domingo, TransCaribe activa desv\u00edos por el Ironman 5i50: programe sus viajes con antelaci\u00f3n"},"content":{"rendered":"<h3>Se implementar\u00e1n cambios en varias rutas entre las 5:30 a. m. y las 12:00 del mediod\u00eda debido a los cierres viales de la competencia internacional.<\/h3>\n<p><img fetchpriority=\"high\" decoding=\"async\" class=\"aligncenter wp-image-10071 size-full\" src=\"https:\/\/transcaribe.gov.co\/wp-content\/uploads\/2026\/09\/WhatsApp-Image-2026-09-02-at-18.57.39.jpeg\" alt=\"\" width=\"1280\" height=\"854\" srcset=\"https:\/\/transcaribe.gov.co\/wp-content\/uploads\/2026\/09\/WhatsApp-Image-2026-09-02-at-18.57.39.jpeg 1280w, https:\/\/transcaribe.gov.co\/wp-content\/uploads\/2026\/09\/WhatsApp-Image-2026-09-02-at-18.57.39-300x200.jpeg 300w, https:\/\/transcaribe.gov.co\/wp-content\/uploads\/2026\/09\/WhatsApp-Image-2026-09-02-at-18.57.39-1024x683.jpeg 1024w, https:\/\/transcaribe.gov.co\/wp-content\/uploads\/2026\/09\/WhatsApp-Image-2026-09-02-at-18.57.39-768x512.jpeg 768w\" sizes=\"(max-width: 1280px) 100vw, 1280px\" \/><\/p>\n<p>Cartagena de Indias ser\u00e1 escenario este domingo 6 de septiembre de una nueva edici\u00f3n del Ironman 51.50, competencia internacional de triatl\u00f3n que reunir\u00e1 a m\u00e1s de 2.300 atletas de 41 pa\u00edses. Debido a los cierres viales previstos para garantizar el desarrollo de la competencia, TransCaribe implementar\u00e1 desv\u00edos temporales en varias de sus rutas entre las 5:30 a. m. y las 12:00 del mediod\u00eda.<\/p>\n<h3>No se podr\u00e1 cubrir el barrio Bocagrande<\/h3>\n<p>Durante este periodo, TransCaribe no podr\u00e1 cubrir el barrio Bocagrande. Las rutas que habitualmente ingresan a este sector, T103 y X105, tendr\u00e1n como \u00faltima parada el sector de Puerto Duro, donde se habilitar\u00e1 un paradero provisional.<\/p>\n<h3>Desv\u00edos en las Rutas T101, T103, X101, X102, X103, X104, X105 y X106<\/h3>\n<p>Las rutas T101, T103, X101, X102, X103, X104, X105 y X106, en sentido ida, al llegar a la India Catalina, girar\u00e1n a la izquierda por la avenida Luis Carlos L\u00f3pez hasta la calle 30, para continuar hasta el Reloj Floral. All\u00ed girar\u00e1n nuevamente a la izquierda por la carrera 17 y retomar\u00e1n su recorrido habitual en la avenida Pedro de Heredia, ahora en sentido vuelta.<\/p>\n<p>Con esta modificaci\u00f3n, dejar\u00e1n de cubrirse temporalmente las estaciones Centro y Bodeguita y el barrio Bocagrande.<\/p>\n<h3>Desv\u00edos en la Ruta T102<\/h3>\n<p>La ruta T102 tambi\u00e9n tendr\u00e1 cambios en ambos sentidos. En sentido Portal-Crespo, al llegar a la glorieta San Felipe, los buses girar\u00e1n a la derecha por la carrera 17, Paseo Bol\u00edvar, hasta la calle 61. Posteriormente tomar\u00e1n el puente Romero Aguirre hasta el CAI de Crespo, donde retomar\u00e1n su recorrido habitual.<\/p>\n<p>En sentido Crespo-Portal, desde el CAI de Crespo los buses tomar\u00e1n el puente Romero Aguirre y continuar\u00e1n por la calle 60 hasta la carrera 17. Luego tomar\u00e1n la carrera 14 para salir a la avenida Pedro de Heredia, a la altura de Muebles Jamar, y retomar\u00e1n su recorrido habitual.<\/p>\n<p>Durante estos desv\u00edos dejar\u00e1n de cubrirse las estaciones Centro y Chambac\u00fa, los paraderos del Centro Hist\u00f3rico y la avenida Santander, as\u00ed como el paradero de Corales de Indias. Como alternativa, la ruta realizar\u00e1 paradas provisionales en Lo Amador.<\/p>\n<h3>Desv\u00edos en la Ruta C001<\/h3>\n<p>La ruta C001 tambi\u00e9n tendr\u00e1 una modificaci\u00f3n temporal. A la altura de la iglesia de la Tercera Orden, los buses girar\u00e1n hacia la Calle del Arsenal y continuar\u00e1n por esta v\u00eda hasta retomar su recorrido habitual en el Puente Rom\u00e1n.<\/p>\n<p>Por este cambio dejar\u00e1n de cubrirse temporalmente los paraderos del Muelle de Los Pegasos y el Parque de La Marina. Como alternativa, se habilitar\u00e1 una parada provisional en el Centro de Convenciones.<\/p>\n<p>\u201cInvitamos a nuestros usuarios a que este domingo planifiquen sus viajes con antelaci\u00f3n y tengan en cuenta los desv\u00edos programados durante la jornada del evento deportivo. Con estas medidas, buscamos garantizar la prestaci\u00f3n del servicio durante el desarrollo del Triatl\u00f3n 5i50, adaptando temporalmente los recorridos a las restricciones de movilidad establecidas para la realizaci\u00f3n de esta competencia internacional\u201d, explic\u00f3 Ercilia Barrios Fl\u00f3rez, gerente del sistema.<\/p>\n<p>TransCaribe invita a sus usuarios a activar las notificaciones en sus cuentas oficiales en redes sociales y el Canal de WhatsApp \u201cTransCaribe te informa\u201d, donde se compartir\u00e1n reportes y actualizaciones sobre la operaci\u00f3n del sistema en tiempo real.<\/p>\n<h3>Enlace para unirse al Canal de WhatsApp: <a href=\"https:\/\/whatsapp.com\/channel\/0029VawqMjFEKyZDzUcLa53Y\" target=\"_blank\" rel=\"noopener\">https:\/\/whatsapp.com\/channel\/0029VawqMjFEKyZDzUcLa53Y<\/a><\/h3>\n<div class='cb-post-url-qr-code'><br><img src='https:\/\/api.qrserver.com\/v1\/create-qr-code\/?size=185x185&ecc=L&qzone=1&data=https%3A%2F%2Ftranscaribe.gov.co%2Findex.php%2Fnoticia%2Feste-domingo-transcaribe-activa-desvios-por-el-ironman-5i50-programe-sus-viajes-con-antelacion%2F' alt='Este domingo, TransCaribe activa desv\u00edos por el Ironman 5i50: programe sus viajes con antelaci\u00f3n'\/><\/div>","protected":false},"excerpt":{"rendered":"<p>Se implementar\u00e1n cambios en varias rutas entre las 5:30 a. m. y las 12:00 del mediod\u00eda debido a los cierres viales de la competencia internacional. Cartagena de Indias ser\u00e1 escenario este domingo 6 de septiembre de una nueva edici\u00f3n del Ironman 51.50, competencia internacional de triatl\u00f3n que reunir\u00e1 a m\u00e1s de 2.300 atletas de 41 [&hellip;]<\/p>\n","protected":false},"author":3,"featured_media":10071,"menu_order":0,"comment_status":"open","ping_status":"open","template":"","format":"standard","meta":{"footnotes":""},"categories":[],"class_list":["post-10070","noticia","type-noticia","status-publish","format-standard","has-post-thumbnail","hentry"],"yoast_head":"<!-- This site is optimized with the Yoast SEO plugin v28.3 - https:\/\/yoast.com\/product\/yoast-seo-wordpress\/ -->\n<title>Este domingo, TransCaribe activa desv\u00edos por el Ironman 5i50: programe sus viajes con antelaci\u00f3n -<\/title>\n<meta name=\"robots\" content=\"index, follow, max-snippet:-1, max-image-preview:large, max-video-preview:-1\" \/>\n<link rel=\"canonical\" href=\"https:\/\/transcaribe.gov.co\/index.php\/noticia\/este-domingo-transcaribe-activa-desvios-por-el-ironman-5i50-programe-sus-viajes-con-antelacion\/\" \/>\n<meta property=\"og:locale\" content=\"es_ES\" \/>\n<meta property=\"og:type\" content=\"article\" \/>\n<meta property=\"og:title\" content=\"Este domingo, TransCaribe activa desv\u00edos por el Ironman 5i50: programe sus viajes con antelaci\u00f3n -\" \/>\n<meta property=\"og:description\" content=\"Se implementar\u00e1n cambios en varias rutas entre las 5:30 a. m. y las 12:00 del mediod\u00eda debido a los cierres viales de la competencia internacional. Cartagena de Indias ser\u00e1 escenario este domingo 6 de septiembre de una nueva edici\u00f3n del Ironman 51.50, competencia internacional de triatl\u00f3n que reunir\u00e1 a m\u00e1s de 2.300 atletas de 41 [&hellip;]\" \/>\n<meta property=\"og:url\" content=\"https:\/\/transcaribe.gov.co\/index.php\/noticia\/este-domingo-transcaribe-activa-desvios-por-el-ironman-5i50-programe-sus-viajes-con-antelacion\/\" \/>\n<meta property=\"article:publisher\" content=\"https:\/\/www.facebook.com\/TranscaribeCTG\" \/>\n<meta property=\"og:image\" content=\"https:\/\/transcaribe.gov.co\/wp-content\/uploads\/2026\/09\/WhatsApp-Image-2026-09-02-at-18.57.39.jpeg\" \/>\n\t<meta property=\"og:image:width\" content=\"1280\" \/>\n\t<meta property=\"og:image:height\" content=\"854\" \/>\n\t<meta property=\"og:image:type\" content=\"image\/jpeg\" \/>\n<meta name=\"twitter:card\" content=\"summary_large_image\" \/>\n<meta name=\"twitter:site\" content=\"@transcaribeSITM\" \/>\n<meta name=\"twitter:label1\" content=\"Tiempo de lectura\" \/>\n\t<meta name=\"twitter:data1\" content=\"3 minutos\" \/>\n<script type=\"application\/ld+json\" class=\"yoast-schema-graph\">{\"@context\":\"https:\\\/\\\/schema.org\",\"@graph\":[{\"@type\":\"WebPage\",\"@id\":\"https:\\\/\\\/transcaribe.gov.co\\\/index.php\\\/noticia\\\/este-domingo-transcaribe-activa-desvios-por-el-ironman-5i50-programe-sus-viajes-con-antelacion\\\/\",\"url\":\"https:\\\/\\\/transcaribe.gov.co\\\/index.php\\\/noticia\\\/este-domingo-transcaribe-activa-desvios-por-el-ironman-5i50-programe-sus-viajes-con-antelacion\\\/\",\"name\":\"Este domingo, TransCaribe activa desv\u00edos por el Ironman 5i50: programe sus viajes con antelaci\u00f3n -\",\"isPartOf\":{\"@id\":\"https:\\\/\\\/transcaribe.gov.co\\\/#website\"},\"primaryImageOfPage\":{\"@id\":\"https:\\\/\\\/transcaribe.gov.co\\\/index.php\\\/noticia\\\/este-domingo-transcaribe-activa-desvios-por-el-ironman-5i50-programe-sus-viajes-con-antelacion\\\/#primaryimage\"},\"image\":{\"@id\":\"https:\\\/\\\/transcaribe.gov.co\\\/index.php\\\/noticia\\\/este-domingo-transcaribe-activa-desvios-por-el-ironman-5i50-programe-sus-viajes-con-antelacion\\\/#primaryimage\"},\"thumbnailUrl\":\"https:\\\/\\\/transcaribe.gov.co\\\/wp-content\\\/uploads\\\/2026\\\/09\\\/WhatsApp-Image-2026-09-02-at-18.57.39.jpeg\",\"datePublished\":\"2026-09-03T15:28:59+00:00\",\"breadcrumb\":{\"@id\":\"https:\\\/\\\/transcaribe.gov.co\\\/index.php\\\/noticia\\\/este-domingo-transcaribe-activa-desvios-por-el-ironman-5i50-programe-sus-viajes-con-antelacion\\\/#breadcrumb\"},\"inLanguage\":\"es\",\"potentialAction\":[{\"@type\":\"ReadAction\",\"target\":[\"https:\\\/\\\/transcaribe.gov.co\\\/index.php\\\/noticia\\\/este-domingo-transcaribe-activa-desvios-por-el-ironman-5i50-programe-sus-viajes-con-antelacion\\\/\"]}]},{\"@type\":\"ImageObject\",\"inLanguage\":\"es\",\"@id\":\"https:\\\/\\\/transcaribe.gov.co\\\/index.php\\\/noticia\\\/este-domingo-transcaribe-activa-desvios-por-el-ironman-5i50-programe-sus-viajes-con-antelacion\\\/#primaryimage\",\"url\":\"https:\\\/\\\/transcaribe.gov.co\\\/wp-content\\\/uploads\\\/2026\\\/09\\\/WhatsApp-Image-2026-09-02-at-18.57.39.jpeg\",\"contentUrl\":\"https:\\\/\\\/transcaribe.gov.co\\\/wp-content\\\/uploads\\\/2026\\\/09\\\/WhatsApp-Image-2026-09-02-at-18.57.39.jpeg\",\"width\":1280,\"height\":854},{\"@type\":\"BreadcrumbList\",\"@id\":\"https:\\\/\\\/transcaribe.gov.co\\\/index.php\\\/noticia\\\/este-domingo-transcaribe-activa-desvios-por-el-ironman-5i50-programe-sus-viajes-con-antelacion\\\/#breadcrumb\",\"itemListElement\":[{\"@type\":\"ListItem\",\"position\":1,\"name\":\"Portada\",\"item\":\"https:\\\/\\\/transcaribe.gov.co\\\/\"},{\"@type\":\"ListItem\",\"position\":2,\"name\":\"Este domingo, TransCaribe activa desv\u00edos por el Ironman 5i50: programe sus viajes con antelaci\u00f3n\"}]},{\"@type\":\"WebSite\",\"@id\":\"https:\\\/\\\/transcaribe.gov.co\\\/#website\",\"url\":\"https:\\\/\\\/transcaribe.gov.co\\\/\",\"name\":\"TRANSCARIBE\",\"description\":\"\",\"publisher\":{\"@id\":\"https:\\\/\\\/transcaribe.gov.co\\\/#organization\"},\"potentialAction\":[{\"@type\":\"SearchAction\",\"target\":{\"@type\":\"EntryPoint\",\"urlTemplate\":\"https:\\\/\\\/transcaribe.gov.co\\\/?s={search_term_string}\"},\"query-input\":{\"@type\":\"PropertyValueSpecification\",\"valueRequired\":true,\"valueName\":\"search_term_string\"}}],\"inLanguage\":\"es\"},{\"@type\":\"Organization\",\"@id\":\"https:\\\/\\\/transcaribe.gov.co\\\/#organization\",\"name\":\"TRANSCARIBE S.A.\",\"url\":\"https:\\\/\\\/transcaribe.gov.co\\\/\",\"logo\":{\"@type\":\"ImageObject\",\"inLanguage\":\"es\",\"@id\":\"https:\\\/\\\/transcaribe.gov.co\\\/#\\\/schema\\\/logo\\\/image\\\/\",\"url\":\"https:\\\/\\\/transcaribe.gov.co\\\/wp-content\\\/uploads\\\/2023\\\/10\\\/cropped-Favicon_Transcaribe.png\",\"contentUrl\":\"https:\\\/\\\/transcaribe.gov.co\\\/wp-content\\\/uploads\\\/2023\\\/10\\\/cropped-Favicon_Transcaribe.png\",\"width\":512,\"height\":512,\"caption\":\"TRANSCARIBE S.A.\"},\"image\":{\"@id\":\"https:\\\/\\\/transcaribe.gov.co\\\/#\\\/schema\\\/logo\\\/image\\\/\"},\"sameAs\":[\"https:\\\/\\\/www.facebook.com\\\/TranscaribeCTG\",\"https:\\\/\\\/x.com\\\/transcaribeSITM\",\"https:\\\/\\\/www.instagram.com\\\/Transcaribecartagena\\\/\",\"https:\\\/\\\/www.youtube.com\\\/channel\\\/UCyM8-7H1Ux9hsYGlCkSkQaA\"]}]}<\/script>\n<!-- \/ Yoast SEO plugin. -->","yoast_head_json":{"title":"Este domingo, TransCaribe activa desv\u00edos por el Ironman 5i50: programe sus viajes con antelaci\u00f3n -","robots":{"index":"index","follow":"follow","max-snippet":"max-snippet:-1","max-image-preview":"max-image-preview:large","max-video-preview":"max-video-preview:-1"},"canonical":"https:\/\/transcaribe.gov.co\/index.php\/noticia\/este-domingo-transcaribe-activa-desvios-por-el-ironman-5i50-programe-sus-viajes-con-antelacion\/","og_locale":"es_ES","og_type":"article","og_title":"Este domingo, TransCaribe activa desv\u00edos por el Ironman 5i50: programe sus viajes con antelaci\u00f3n -","og_description":"Se implementar\u00e1n cambios en varias rutas entre las 5:30 a. m. y las 12:00 del mediod\u00eda debido a los cierres viales de la competencia internacional. Cartagena de Indias ser\u00e1 escenario este domingo 6 de septiembre de una nueva edici\u00f3n del Ironman 51.50, competencia internacional de triatl\u00f3n que reunir\u00e1 a m\u00e1s de 2.300 atletas de 41 [&hellip;]","og_url":"https:\/\/transcaribe.gov.co\/index.php\/noticia\/este-domingo-transcaribe-activa-desvios-por-el-ironman-5i50-programe-sus-viajes-con-antelacion\/","article_publisher":"https:\/\/www.facebook.com\/TranscaribeCTG","og_image":[{"width":1280,"height":854,"url":"https:\/\/transcaribe.gov.co\/wp-content\/uploads\/2026\/09\/WhatsApp-Image-2026-09-02-at-18.57.39.jpeg","type":"image\/jpeg"}],"twitter_card":"summary_large_image","twitter_site":"@transcaribeSITM","twitter_misc":{"Tiempo de lectura":"3 minutos"},"schema":{"@context":"https:\/\/schema.org","@graph":[{"@type":"WebPage","@id":"https:\/\/transcaribe.gov.co\/index.php\/noticia\/este-domingo-transcaribe-activa-desvios-por-el-ironman-5i50-programe-sus-viajes-con-antelacion\/","url":"https:\/\/transcaribe.gov.co\/index.php\/noticia\/este-domingo-transcaribe-activa-desvios-por-el-ironman-5i50-programe-sus-viajes-con-antelacion\/","name":"Este domingo, TransCaribe activa desv\u00edos por el Ironman 5i50: programe sus viajes con antelaci\u00f3n -","isPartOf":{"@id":"https:\/\/transcaribe.gov.co\/#website"},"primaryImageOfPage":{"@id":"https:\/\/transcaribe.gov.co\/index.php\/noticia\/este-domingo-transcaribe-activa-desvios-por-el-ironman-5i50-programe-sus-viajes-con-antelacion\/#primaryimage"},"image":{"@id":"https:\/\/transcaribe.gov.co\/index.php\/noticia\/este-domingo-transcaribe-activa-desvios-por-el-ironman-5i50-programe-sus-viajes-con-antelacion\/#primaryimage"},"thumbnailUrl":"https:\/\/transcaribe.gov.co\/wp-content\/uploads\/2026\/09\/WhatsApp-Image-2026-09-02-at-18.57.39.jpeg","datePublished":"2026-09-03T15:28:59+00:00","breadcrumb":{"@id":"https:\/\/transcaribe.gov.co\/index.php\/noticia\/este-domingo-transcaribe-activa-desvios-por-el-ironman-5i50-programe-sus-viajes-con-antelacion\/#breadcrumb"},"inLanguage":"es","potentialAction":[{"@type":"ReadAction","target":["https:\/\/transcaribe.gov.co\/index.php\/noticia\/este-domingo-transcaribe-activa-desvios-por-el-ironman-5i50-programe-sus-viajes-con-antelacion\/"]}]},{"@type":"ImageObject","inLanguage":"es","@id":"https:\/\/transcaribe.gov.co\/index.php\/noticia\/este-domingo-transcaribe-activa-desvios-por-el-ironman-5i50-programe-sus-viajes-con-antelacion\/#primaryimage","url":"https:\/\/transcaribe.gov.co\/wp-content\/uploads\/2026\/09\/WhatsApp-Image-2026-09-02-at-18.57.39.jpeg","contentUrl":"https:\/\/transcaribe.gov.co\/wp-content\/uploads\/2026\/09\/WhatsApp-Image-2026-09-02-at-18.57.39.jpeg","width":1280,"height":854},{"@type":"BreadcrumbList","@id":"https:\/\/transcaribe.gov.co\/index.php\/noticia\/este-domingo-transcaribe-activa-desvios-por-el-ironman-5i50-programe-sus-viajes-con-antelacion\/#breadcrumb","itemListElement":[{"@type":"ListItem","position":1,"name":"Portada","item":"https:\/\/transcaribe.gov.co\/"},{"@type":"ListItem","position":2,"name":"Este domingo, TransCaribe activa desv\u00edos por el Ironman 5i50: programe sus viajes con antelaci\u00f3n"}]},{"@type":"WebSite","@id":"https:\/\/transcaribe.gov.co\/#website","url":"https:\/\/transcaribe.gov.co\/","name":"TRANSCARIBE","description":"","publisher":{"@id":"https:\/\/transcaribe.gov.co\/#organization"},"potentialAction":[{"@type":"SearchAction","target":{"@type":"EntryPoint","urlTemplate":"https:\/\/transcaribe.gov.co\/?s={search_term_string}"},"query-input":{"@type":"PropertyValueSpecification","valueRequired":true,"valueName":"search_term_string"}}],"inLanguage":"es"},{"@type":"Organization","@id":"https:\/\/transcaribe.gov.co\/#organization","name":"TRANSCARIBE S.A.","url":"https:\/\/transcaribe.gov.co\/","logo":{"@type":"ImageObject","inLanguage":"es","@id":"https:\/\/transcaribe.gov.co\/#\/schema\/logo\/image\/","url":"https:\/\/transcaribe.gov.co\/wp-content\/uploads\/2023\/10\/cropped-Favicon_Transcaribe.png","contentUrl":"https:\/\/transcaribe.gov.co\/wp-content\/uploads\/2023\/10\/cropped-Favicon_Transcaribe.png","width":512,"height":512,"caption":"TRANSCARIBE S.A."},"image":{"@id":"https:\/\/transcaribe.gov.co\/#\/schema\/logo\/image\/"},"sameAs":["https:\/\/www.facebook.com\/TranscaribeCTG","https:\/\/x.com\/transcaribeSITM","https:\/\/www.instagram.com\/Transcaribecartagena\/","https:\/\/www.youtube.com\/channel\/UCyM8-7H1Ux9hsYGlCkSkQaA"]}]}},"_links":{"self":[{"href":"https:\/\/transcaribe.gov.co\/index.php\/wp-json\/wp\/v2\/noticia\/10070","targetHints":{"allow":["GET"]}}],"collection":[{"href":"https:\/\/transcaribe.gov.co\/index.php\/wp-json\/wp\/v2\/noticia"}],"about":[{"href":"https:\/\/transcaribe.gov.co\/index.php\/wp-json\/wp\/v2\/types\/noticia"}],"author":[{"embeddable":true,"href":"https:\/\/transcaribe.gov.co\/index.php\/wp-json\/wp\/v2\/users\/3"}],"replies":[{"embeddable":true,"href":"https:\/\/transcaribe.gov.co\/index.php\/wp-json\/wp\/v2\/comments?post=10070"}],"version-history":[{"count":1,"href":"https:\/\/transcaribe.gov.co\/index.php\/wp-json\/wp\/v2\/noticia\/10070\/revisions"}],"predecessor-version":[{"id":10072,"href":"https:\/\/transcaribe.gov.co\/index.php\/wp-json\/wp\/v2\/noticia\/10070\/revisions\/10072"}],"wp:featuredmedia":[{"embeddable":true,"href":"https:\/\/transcaribe.gov.co\/index.php\/wp-json\/wp\/v2\/media\/10071"}],"wp:attachment":[{"href":"https:\/\/transcaribe.gov.co\/index.php\/wp-json\/wp\/v2\/media?parent=10070"}],"wp:term":[{"taxonomy":"category","embeddable":true,"href":"https:\/\/transcaribe.gov.co\/index.php\/wp-json\/wp\/v2\/categories?post=10070"}],"curies":[{"name":"wp","href":"https:\/\/api.w.org\/{rel}","templated":true}]}}