{"id":10067,"date":"2026-09-02T11:18:11","date_gmt":"2026-09-02T16:18:11","guid":{"rendered":"https:\/\/transcaribe.gov.co\/?post_type=noticia&#038;p=10067"},"modified":"2026-09-02T11:18:11","modified_gmt":"2026-09-02T16:18:11","slug":"reabren-inscripciones-para-estudiantes-de-educacion-superior-que-quieran-postulares-a-la-tarifa-diferencial-de-transcaribe","status":"publish","type":"noticia","link":"https:\/\/transcaribe.gov.co\/index.php\/noticia\/reabren-inscripciones-para-estudiantes-de-educacion-superior-que-quieran-postulares-a-la-tarifa-diferencial-de-transcaribe\/","title":{"rendered":"Reabren inscripciones para estudiantes de educaci\u00f3n superior que quieran postulares a la tarifa diferencial de TransCaribe"},"content":{"rendered":"<h3><em><strong>Estudiantes de educaci\u00f3n superior residentes en Cartagena, con clasificaci\u00f3n Sisb\u00e9n A o B y que cumplan los requisitos establecidos, podr\u00e1n postularse hasta el 22 de septiembre de 2026 o hasta completar los cupos disponibles.<\/strong><\/em><\/h3>\n<p><img fetchpriority=\"high\" decoding=\"async\" class=\"aligncenter wp-image-10068 size-full\" src=\"https:\/\/transcaribe.gov.co\/wp-content\/uploads\/2026\/09\/DSC_1942-26-scaled.jpg\" alt=\"\" width=\"2560\" height=\"1707\" srcset=\"https:\/\/transcaribe.gov.co\/wp-content\/uploads\/2026\/09\/DSC_1942-26-scaled.jpg 2560w, https:\/\/transcaribe.gov.co\/wp-content\/uploads\/2026\/09\/DSC_1942-26-300x200.jpg 300w, https:\/\/transcaribe.gov.co\/wp-content\/uploads\/2026\/09\/DSC_1942-26-1024x683.jpg 1024w, https:\/\/transcaribe.gov.co\/wp-content\/uploads\/2026\/09\/DSC_1942-26-768x512.jpg 768w, https:\/\/transcaribe.gov.co\/wp-content\/uploads\/2026\/09\/DSC_1942-26-1536x1024.jpg 1536w, https:\/\/transcaribe.gov.co\/wp-content\/uploads\/2026\/09\/DSC_1942-26-2048x1365.jpg 2048w\" sizes=\"(max-width: 2560px) 100vw, 2560px\" \/><\/p>\n<p>La Alcald\u00eda Mayor de Cartagena, a trav\u00e9s de la Secretar\u00eda de Educaci\u00f3n Distrital, ampli\u00f3 el per\u00edodo de inscripci\u00f3n para que m\u00e1s estudiantes de educaci\u00f3n superior puedan postularse al subsidio de transporte \u2013 Tarifa Diferencial de TransCaribe.<\/p>\n<p>Las inscripciones estar\u00e1n abiertas hasta el 22 de septiembre de 2026, o hasta que se complete el n\u00famero de cupos disponibles para esta poblaci\u00f3n, lo que ocurra primero.<\/p>\n<p>La ampliaci\u00f3n busca incrementar la cobertura del beneficio y brindar mayores oportunidades de acceso a los estudiantes de educaci\u00f3n superior que cumplan con las condiciones establecidas en la normativa vigente.<\/p>\n<p>En total, para la poblaci\u00f3n de estudiantes de educaci\u00f3n superior fueron dispuestos 17.000 cupos. De la convocatoria inicial correspondiente al per\u00edodo acad\u00e9mico 2026-2 ya fueron asignados 4.150, por lo que actualmente se encuentran disponibles 12.850 cupos, sujetos al cumplimiento de los requisitos y condiciones establecidos.<\/p>\n<p>La convocatoria est\u00e1 dirigida a estudiantes de educaci\u00f3n superior matriculados en Instituciones de Educaci\u00f3n Superior habilitadas en el Distrito de Cartagena de Indias, con clasificaci\u00f3n Sisb\u00e9n A o B, y que acrediten residencia en Cartagena de Indias.<\/p>\n<p>Los estudiantes deber\u00e1n diligenciar el formulario oficial alojado en el enlace https:\/\/catalinaos.cartagena.gov.co\/f\/convocatoria-transcaribe-edu-sup y cargar los documentos soporte solicitados: documento de identidad, certificado Sisb\u00e9n vigente, correspondiente a los grupos A o B, certificado de matr\u00edcula vigente o documento de admisi\u00f3n vigente, comprobante de residencia en Cartagena, como recibo de servicio p\u00fablico reciente, declaraci\u00f3n juramentada o documento equivalente, y sus datos de contacto actualizados.<\/p>\n<p>La Secretar\u00eda de Educaci\u00f3n Distrital realizar\u00e1 la revisi\u00f3n y verificaci\u00f3n progresiva de las postulaciones, de acuerdo con el cumplimiento de los requisitos, los criterios de priorizaci\u00f3n y la disponibilidad de cupos.<\/p>\n<p>La inscripci\u00f3n no garantiza autom\u00e1ticamente la asignaci\u00f3n del subsidio. El reconocimiento del beneficio depender\u00e1 del cumplimiento integral de los requisitos, los criterios de priorizaci\u00f3n y la disponibilidad de los cupos establecidos para estudiantes de educaci\u00f3n superior.<\/p>\n<p>Los estudiantes podr\u00e1n consultar si fueron escogidos como beneficiarios de la tarifa diferencial a trav\u00e9s del sitio web de la Alcald\u00eda de Cartagena, en www.cartagena.gov.co\/cmc, o mediante Catalina, el asistente virtual de la Alcald\u00eda de Cartagena a trav\u00e9s de WhatsApp.<\/p>\n<p>Una vez confirmen que hacen parte del listado de potenciales beneficiarios, deben acercarse al Centro de Atenci\u00f3n al Usuario CAU (en la entrada peatonal de Patio Portal) con su documento de identidad y su Tarjeta TransCaribe, para cumplir la etapa de validaci\u00f3n y registro de tarjeta, y posteriormente, poder empezar a recibir el beneficio.<\/p>\n<div class='cb-post-url-qr-code'><br><img src='https:\/\/api.qrserver.com\/v1\/create-qr-code\/?size=185x185&ecc=L&qzone=1&data=https%3A%2F%2Ftranscaribe.gov.co%2Findex.php%2Fnoticia%2Freabren-inscripciones-para-estudiantes-de-educacion-superior-que-quieran-postulares-a-la-tarifa-diferencial-de-transcaribe%2F' alt='Reabren inscripciones para estudiantes de educaci\u00f3n superior que quieran postulares a la tarifa diferencial de TransCaribe'\/><\/div>","protected":false},"excerpt":{"rendered":"<p>Estudiantes de educaci\u00f3n superior residentes en Cartagena, con clasificaci\u00f3n Sisb\u00e9n A o B y que cumplan los requisitos establecidos, podr\u00e1n postularse hasta el 22 de septiembre de 2026 o hasta completar los cupos disponibles. La Alcald\u00eda Mayor de Cartagena, a trav\u00e9s de la Secretar\u00eda de Educaci\u00f3n Distrital, ampli\u00f3 el per\u00edodo de inscripci\u00f3n para que m\u00e1s [&hellip;]<\/p>\n","protected":false},"author":3,"featured_media":10068,"menu_order":0,"comment_status":"open","ping_status":"open","template":"","format":"standard","meta":{"footnotes":""},"categories":[],"class_list":["post-10067","noticia","type-noticia","status-publish","format-standard","has-post-thumbnail","hentry"],"yoast_head":"<!-- This site is optimized with the Yoast SEO plugin v28.3 - https:\/\/yoast.com\/product\/yoast-seo-wordpress\/ -->\n<title>Reabren inscripciones para estudiantes de educaci\u00f3n superior que quieran postulares a la tarifa diferencial de TransCaribe -<\/title>\n<meta name=\"robots\" content=\"index, follow, max-snippet:-1, max-image-preview:large, max-video-preview:-1\" \/>\n<link rel=\"canonical\" href=\"https:\/\/transcaribe.gov.co\/index.php\/noticia\/reabren-inscripciones-para-estudiantes-de-educacion-superior-que-quieran-postulares-a-la-tarifa-diferencial-de-transcaribe\/\" \/>\n<meta property=\"og:locale\" content=\"es_ES\" \/>\n<meta property=\"og:type\" content=\"article\" \/>\n<meta property=\"og:title\" content=\"Reabren inscripciones para estudiantes de educaci\u00f3n superior que quieran postulares a la tarifa diferencial de TransCaribe -\" \/>\n<meta property=\"og:description\" content=\"Estudiantes de educaci\u00f3n superior residentes en Cartagena, con clasificaci\u00f3n Sisb\u00e9n A o B y que cumplan los requisitos establecidos, podr\u00e1n postularse hasta el 22 de septiembre de 2026 o hasta completar los cupos disponibles. La Alcald\u00eda Mayor de Cartagena, a trav\u00e9s de la Secretar\u00eda de Educaci\u00f3n Distrital, ampli\u00f3 el per\u00edodo de inscripci\u00f3n para que m\u00e1s [&hellip;]\" \/>\n<meta property=\"og:url\" content=\"https:\/\/transcaribe.gov.co\/index.php\/noticia\/reabren-inscripciones-para-estudiantes-de-educacion-superior-que-quieran-postulares-a-la-tarifa-diferencial-de-transcaribe\/\" \/>\n<meta property=\"article:publisher\" content=\"https:\/\/www.facebook.com\/TranscaribeCTG\" \/>\n<meta property=\"og:image\" content=\"https:\/\/transcaribe.gov.co\/wp-content\/uploads\/2026\/09\/DSC_1942-26-scaled.jpg\" \/>\n\t<meta property=\"og:image:width\" content=\"2560\" \/>\n\t<meta property=\"og:image:height\" content=\"1707\" \/>\n\t<meta property=\"og:image:type\" content=\"image\/jpeg\" \/>\n<meta name=\"twitter:card\" content=\"summary_large_image\" \/>\n<meta name=\"twitter:site\" content=\"@transcaribeSITM\" \/>\n<meta name=\"twitter:label1\" content=\"Tiempo de lectura\" \/>\n\t<meta name=\"twitter:data1\" content=\"3 minutos\" \/>\n<script type=\"application\/ld+json\" class=\"yoast-schema-graph\">{\"@context\":\"https:\\\/\\\/schema.org\",\"@graph\":[{\"@type\":\"WebPage\",\"@id\":\"https:\\\/\\\/transcaribe.gov.co\\\/index.php\\\/noticia\\\/reabren-inscripciones-para-estudiantes-de-educacion-superior-que-quieran-postulares-a-la-tarifa-diferencial-de-transcaribe\\\/\",\"url\":\"https:\\\/\\\/transcaribe.gov.co\\\/index.php\\\/noticia\\\/reabren-inscripciones-para-estudiantes-de-educacion-superior-que-quieran-postulares-a-la-tarifa-diferencial-de-transcaribe\\\/\",\"name\":\"Reabren inscripciones para estudiantes de educaci\u00f3n superior que quieran postulares a la tarifa diferencial de TransCaribe -\",\"isPartOf\":{\"@id\":\"https:\\\/\\\/transcaribe.gov.co\\\/#website\"},\"primaryImageOfPage\":{\"@id\":\"https:\\\/\\\/transcaribe.gov.co\\\/index.php\\\/noticia\\\/reabren-inscripciones-para-estudiantes-de-educacion-superior-que-quieran-postulares-a-la-tarifa-diferencial-de-transcaribe\\\/#primaryimage\"},\"image\":{\"@id\":\"https:\\\/\\\/transcaribe.gov.co\\\/index.php\\\/noticia\\\/reabren-inscripciones-para-estudiantes-de-educacion-superior-que-quieran-postulares-a-la-tarifa-diferencial-de-transcaribe\\\/#primaryimage\"},\"thumbnailUrl\":\"https:\\\/\\\/transcaribe.gov.co\\\/wp-content\\\/uploads\\\/2026\\\/09\\\/DSC_1942-26-scaled.jpg\",\"datePublished\":\"2026-09-02T16:18:11+00:00\",\"breadcrumb\":{\"@id\":\"https:\\\/\\\/transcaribe.gov.co\\\/index.php\\\/noticia\\\/reabren-inscripciones-para-estudiantes-de-educacion-superior-que-quieran-postulares-a-la-tarifa-diferencial-de-transcaribe\\\/#breadcrumb\"},\"inLanguage\":\"es\",\"potentialAction\":[{\"@type\":\"ReadAction\",\"target\":[\"https:\\\/\\\/transcaribe.gov.co\\\/index.php\\\/noticia\\\/reabren-inscripciones-para-estudiantes-de-educacion-superior-que-quieran-postulares-a-la-tarifa-diferencial-de-transcaribe\\\/\"]}]},{\"@type\":\"ImageObject\",\"inLanguage\":\"es\",\"@id\":\"https:\\\/\\\/transcaribe.gov.co\\\/index.php\\\/noticia\\\/reabren-inscripciones-para-estudiantes-de-educacion-superior-que-quieran-postulares-a-la-tarifa-diferencial-de-transcaribe\\\/#primaryimage\",\"url\":\"https:\\\/\\\/transcaribe.gov.co\\\/wp-content\\\/uploads\\\/2026\\\/09\\\/DSC_1942-26-scaled.jpg\",\"contentUrl\":\"https:\\\/\\\/transcaribe.gov.co\\\/wp-content\\\/uploads\\\/2026\\\/09\\\/DSC_1942-26-scaled.jpg\",\"width\":2560,\"height\":1707},{\"@type\":\"BreadcrumbList\",\"@id\":\"https:\\\/\\\/transcaribe.gov.co\\\/index.php\\\/noticia\\\/reabren-inscripciones-para-estudiantes-de-educacion-superior-que-quieran-postulares-a-la-tarifa-diferencial-de-transcaribe\\\/#breadcrumb\",\"itemListElement\":[{\"@type\":\"ListItem\",\"position\":1,\"name\":\"Portada\",\"item\":\"https:\\\/\\\/transcaribe.gov.co\\\/\"},{\"@type\":\"ListItem\",\"position\":2,\"name\":\"Reabren inscripciones para estudiantes de educaci\u00f3n superior que quieran postulares a la tarifa diferencial de TransCaribe\"}]},{\"@type\":\"WebSite\",\"@id\":\"https:\\\/\\\/transcaribe.gov.co\\\/#website\",\"url\":\"https:\\\/\\\/transcaribe.gov.co\\\/\",\"name\":\"TRANSCARIBE\",\"description\":\"\",\"publisher\":{\"@id\":\"https:\\\/\\\/transcaribe.gov.co\\\/#organization\"},\"potentialAction\":[{\"@type\":\"SearchAction\",\"target\":{\"@type\":\"EntryPoint\",\"urlTemplate\":\"https:\\\/\\\/transcaribe.gov.co\\\/?s={search_term_string}\"},\"query-input\":{\"@type\":\"PropertyValueSpecification\",\"valueRequired\":true,\"valueName\":\"search_term_string\"}}],\"inLanguage\":\"es\"},{\"@type\":\"Organization\",\"@id\":\"https:\\\/\\\/transcaribe.gov.co\\\/#organization\",\"name\":\"TRANSCARIBE S.A.\",\"url\":\"https:\\\/\\\/transcaribe.gov.co\\\/\",\"logo\":{\"@type\":\"ImageObject\",\"inLanguage\":\"es\",\"@id\":\"https:\\\/\\\/transcaribe.gov.co\\\/#\\\/schema\\\/logo\\\/image\\\/\",\"url\":\"https:\\\/\\\/transcaribe.gov.co\\\/wp-content\\\/uploads\\\/2023\\\/10\\\/cropped-Favicon_Transcaribe.png\",\"contentUrl\":\"https:\\\/\\\/transcaribe.gov.co\\\/wp-content\\\/uploads\\\/2023\\\/10\\\/cropped-Favicon_Transcaribe.png\",\"width\":512,\"height\":512,\"caption\":\"TRANSCARIBE S.A.\"},\"image\":{\"@id\":\"https:\\\/\\\/transcaribe.gov.co\\\/#\\\/schema\\\/logo\\\/image\\\/\"},\"sameAs\":[\"https:\\\/\\\/www.facebook.com\\\/TranscaribeCTG\",\"https:\\\/\\\/x.com\\\/transcaribeSITM\",\"https:\\\/\\\/www.instagram.com\\\/Transcaribecartagena\\\/\",\"https:\\\/\\\/www.youtube.com\\\/channel\\\/UCyM8-7H1Ux9hsYGlCkSkQaA\"]}]}<\/script>\n<!-- \/ Yoast SEO plugin. -->","yoast_head_json":{"title":"Reabren inscripciones para estudiantes de educaci\u00f3n superior que quieran postulares a la tarifa diferencial de TransCaribe -","robots":{"index":"index","follow":"follow","max-snippet":"max-snippet:-1","max-image-preview":"max-image-preview:large","max-video-preview":"max-video-preview:-1"},"canonical":"https:\/\/transcaribe.gov.co\/index.php\/noticia\/reabren-inscripciones-para-estudiantes-de-educacion-superior-que-quieran-postulares-a-la-tarifa-diferencial-de-transcaribe\/","og_locale":"es_ES","og_type":"article","og_title":"Reabren inscripciones para estudiantes de educaci\u00f3n superior que quieran postulares a la tarifa diferencial de TransCaribe -","og_description":"Estudiantes de educaci\u00f3n superior residentes en Cartagena, con clasificaci\u00f3n Sisb\u00e9n A o B y que cumplan los requisitos establecidos, podr\u00e1n postularse hasta el 22 de septiembre de 2026 o hasta completar los cupos disponibles. La Alcald\u00eda Mayor de Cartagena, a trav\u00e9s de la Secretar\u00eda de Educaci\u00f3n Distrital, ampli\u00f3 el per\u00edodo de inscripci\u00f3n para que m\u00e1s [&hellip;]","og_url":"https:\/\/transcaribe.gov.co\/index.php\/noticia\/reabren-inscripciones-para-estudiantes-de-educacion-superior-que-quieran-postulares-a-la-tarifa-diferencial-de-transcaribe\/","article_publisher":"https:\/\/www.facebook.com\/TranscaribeCTG","og_image":[{"width":2560,"height":1707,"url":"https:\/\/transcaribe.gov.co\/wp-content\/uploads\/2026\/09\/DSC_1942-26-scaled.jpg","type":"image\/jpeg"}],"twitter_card":"summary_large_image","twitter_site":"@transcaribeSITM","twitter_misc":{"Tiempo de lectura":"3 minutos"},"schema":{"@context":"https:\/\/schema.org","@graph":[{"@type":"WebPage","@id":"https:\/\/transcaribe.gov.co\/index.php\/noticia\/reabren-inscripciones-para-estudiantes-de-educacion-superior-que-quieran-postulares-a-la-tarifa-diferencial-de-transcaribe\/","url":"https:\/\/transcaribe.gov.co\/index.php\/noticia\/reabren-inscripciones-para-estudiantes-de-educacion-superior-que-quieran-postulares-a-la-tarifa-diferencial-de-transcaribe\/","name":"Reabren inscripciones para estudiantes de educaci\u00f3n superior que quieran postulares a la tarifa diferencial de TransCaribe -","isPartOf":{"@id":"https:\/\/transcaribe.gov.co\/#website"},"primaryImageOfPage":{"@id":"https:\/\/transcaribe.gov.co\/index.php\/noticia\/reabren-inscripciones-para-estudiantes-de-educacion-superior-que-quieran-postulares-a-la-tarifa-diferencial-de-transcaribe\/#primaryimage"},"image":{"@id":"https:\/\/transcaribe.gov.co\/index.php\/noticia\/reabren-inscripciones-para-estudiantes-de-educacion-superior-que-quieran-postulares-a-la-tarifa-diferencial-de-transcaribe\/#primaryimage"},"thumbnailUrl":"https:\/\/transcaribe.gov.co\/wp-content\/uploads\/2026\/09\/DSC_1942-26-scaled.jpg","datePublished":"2026-09-02T16:18:11+00:00","breadcrumb":{"@id":"https:\/\/transcaribe.gov.co\/index.php\/noticia\/reabren-inscripciones-para-estudiantes-de-educacion-superior-que-quieran-postulares-a-la-tarifa-diferencial-de-transcaribe\/#breadcrumb"},"inLanguage":"es","potentialAction":[{"@type":"ReadAction","target":["https:\/\/transcaribe.gov.co\/index.php\/noticia\/reabren-inscripciones-para-estudiantes-de-educacion-superior-que-quieran-postulares-a-la-tarifa-diferencial-de-transcaribe\/"]}]},{"@type":"ImageObject","inLanguage":"es","@id":"https:\/\/transcaribe.gov.co\/index.php\/noticia\/reabren-inscripciones-para-estudiantes-de-educacion-superior-que-quieran-postulares-a-la-tarifa-diferencial-de-transcaribe\/#primaryimage","url":"https:\/\/transcaribe.gov.co\/wp-content\/uploads\/2026\/09\/DSC_1942-26-scaled.jpg","contentUrl":"https:\/\/transcaribe.gov.co\/wp-content\/uploads\/2026\/09\/DSC_1942-26-scaled.jpg","width":2560,"height":1707},{"@type":"BreadcrumbList","@id":"https:\/\/transcaribe.gov.co\/index.php\/noticia\/reabren-inscripciones-para-estudiantes-de-educacion-superior-que-quieran-postulares-a-la-tarifa-diferencial-de-transcaribe\/#breadcrumb","itemListElement":[{"@type":"ListItem","position":1,"name":"Portada","item":"https:\/\/transcaribe.gov.co\/"},{"@type":"ListItem","position":2,"name":"Reabren inscripciones para estudiantes de educaci\u00f3n superior que quieran postulares a la tarifa diferencial de TransCaribe"}]},{"@type":"WebSite","@id":"https:\/\/transcaribe.gov.co\/#website","url":"https:\/\/transcaribe.gov.co\/","name":"TRANSCARIBE","description":"","publisher":{"@id":"https:\/\/transcaribe.gov.co\/#organization"},"potentialAction":[{"@type":"SearchAction","target":{"@type":"EntryPoint","urlTemplate":"https:\/\/transcaribe.gov.co\/?s={search_term_string}"},"query-input":{"@type":"PropertyValueSpecification","valueRequired":true,"valueName":"search_term_string"}}],"inLanguage":"es"},{"@type":"Organization","@id":"https:\/\/transcaribe.gov.co\/#organization","name":"TRANSCARIBE S.A.","url":"https:\/\/transcaribe.gov.co\/","logo":{"@type":"ImageObject","inLanguage":"es","@id":"https:\/\/transcaribe.gov.co\/#\/schema\/logo\/image\/","url":"https:\/\/transcaribe.gov.co\/wp-content\/uploads\/2023\/10\/cropped-Favicon_Transcaribe.png","contentUrl":"https:\/\/transcaribe.gov.co\/wp-content\/uploads\/2023\/10\/cropped-Favicon_Transcaribe.png","width":512,"height":512,"caption":"TRANSCARIBE S.A."},"image":{"@id":"https:\/\/transcaribe.gov.co\/#\/schema\/logo\/image\/"},"sameAs":["https:\/\/www.facebook.com\/TranscaribeCTG","https:\/\/x.com\/transcaribeSITM","https:\/\/www.instagram.com\/Transcaribecartagena\/","https:\/\/www.youtube.com\/channel\/UCyM8-7H1Ux9hsYGlCkSkQaA"]}]}},"_links":{"self":[{"href":"https:\/\/transcaribe.gov.co\/index.php\/wp-json\/wp\/v2\/noticia\/10067","targetHints":{"allow":["GET"]}}],"collection":[{"href":"https:\/\/transcaribe.gov.co\/index.php\/wp-json\/wp\/v2\/noticia"}],"about":[{"href":"https:\/\/transcaribe.gov.co\/index.php\/wp-json\/wp\/v2\/types\/noticia"}],"author":[{"embeddable":true,"href":"https:\/\/transcaribe.gov.co\/index.php\/wp-json\/wp\/v2\/users\/3"}],"replies":[{"embeddable":true,"href":"https:\/\/transcaribe.gov.co\/index.php\/wp-json\/wp\/v2\/comments?post=10067"}],"version-history":[{"count":1,"href":"https:\/\/transcaribe.gov.co\/index.php\/wp-json\/wp\/v2\/noticia\/10067\/revisions"}],"predecessor-version":[{"id":10069,"href":"https:\/\/transcaribe.gov.co\/index.php\/wp-json\/wp\/v2\/noticia\/10067\/revisions\/10069"}],"wp:featuredmedia":[{"embeddable":true,"href":"https:\/\/transcaribe.gov.co\/index.php\/wp-json\/wp\/v2\/media\/10068"}],"wp:attachment":[{"href":"https:\/\/transcaribe.gov.co\/index.php\/wp-json\/wp\/v2\/media?parent=10067"}],"wp:term":[{"taxonomy":"category","embeddable":true,"href":"https:\/\/transcaribe.gov.co\/index.php\/wp-json\/wp\/v2\/categories?post=10067"}],"curies":[{"name":"wp","href":"https:\/\/api.w.org\/{rel}","templated":true}]}}